{"id":1390,"date":"2023-11-02T14:25:00","date_gmt":"2023-11-02T14:25:00","guid":{"rendered":"https:\/\/cepas.ufc.br\/?p=1390"},"modified":"2025-02-12T15:47:58","modified_gmt":"2025-02-12T15:47:58","slug":"docente-da-ufc-recebe-premio-da-associacao-brasileira-de-recursos-hidricos","status":"publish","type":"post","link":"https:\/\/cepas.ufc.br\/en\/docente-da-ufc-recebe-premio-da-associacao-brasileira-de-recursos-hidricos\/","title":{"rendered":"Docente da UFC recebe pr\u00eamio da Associa\u00e7\u00e3o Brasileira de Recursos H\u00eddricos"},"content":{"rendered":"<p class=\"\">O Prof. Francisco de Assis de Souza Filho, do Departamento de Engenharia Hidr\u00e1ulica e Ambiental (DEHA) da Universidade Federal do Cear\u00e1, foi&nbsp;<strong>agraciado com o Pr\u00eamio Fl\u00e1vio Terra Barth<\/strong>, da Associa\u00e7\u00e3o Brasileira de Recursos H\u00eddricos (ABRHidro). A premia\u00e7\u00e3o ocorreu durante o XXV Simp\u00f3sio Brasileiro de Recursos H\u00eddricos, realizado de 19 a 24 de novembro, em Aracaju (Sergipe).<\/p>\n\n\n\n<p class=\"\">O Prof. Francisco de Assis Filho \u00e9 cientista-chefe da \u00e1rea de Recursos H\u00eddricos da Funda\u00e7\u00e3o Cearense de Apoio ao Desenvolvimento Cient\u00edfico e Tecnol\u00f3gico (FUNCAP), membro do Comit\u00ea Assessor de Engenharias e Ci\u00eancias Ambientais do Conselho Nacional de Desenvolvimento Cient\u00edfico e Tecnol\u00f3gico (CNPq), representante da comunidade cient\u00edfica no Fundo Setorial de Recursos H\u00eddricos e criador do&nbsp;<a href=\"https:\/\/www.ufc.br\/noticias\/18379-ufc-cria-centro-estrategico-de-excelencia-em-politicas-de-aguas-e-secas-reunindo-21-laboratorios-de-diversas-areas\" target=\"_blank\" rel=\"noreferrer noopener\">Strategic Center of Excellence in Water and Drought Policies<\/a>&nbsp;(CEPAS) da UFC.<\/p>\n\n\n\n<figure class=\"wp-block-image aligncenter\"><img data-recalc-dims=\"1\" decoding=\"async\" src=\"https:\/\/i0.wp.com\/www.ufc.br\/images\/_images\/noticias\/2023\/ft_231130_profassis_gr.png?w=800&#038;ssl=1\" alt=\"Imagem: sete pessoas est\u00e3o em p\u00e9, em um palco. Elas vestem roupas sociais e usam crach\u00e1s. Ao centro, um homem, de camisa azul, segura uma escultura\"\/><\/figure>\n\n\n\n<blockquote class=\"wp-block-quote is-layout-flow wp-block-quote-is-layout-flow\">\n<p class=\"\">O Pr\u00eamio Fl\u00e1vio Terra Barth tem o objetivo de reconhecer a atua\u00e7\u00e3o de profissionais que tenham se destacado por contribui\u00e7\u00f5es significativas para a gest\u00e3o dos recursos h\u00eddricos no Brasil (Foto: ABRHidro)<\/p>\n<\/blockquote>\n\n\n\n<blockquote class=\"wp-block-quote is-layout-flow wp-block-quote-is-layout-flow\">\n<p class=\"\">\u201cFiquei muito emocionado e feliz com a outorga deste pr\u00eamio. Entendo que \u00e9 um reconhecimento da import\u00e2ncia nacional da comunidade de recursos h\u00eddricos do Cear\u00e1 e do Departamento de Engenharia Hidr\u00e1ulica e Ambiental da UFC\u201d, comenta.<\/p>\n<\/blockquote>\n\n\n\n<p class=\"\">O coordenador do Programa de P\u00f3s-Gradua\u00e7\u00e3o em Engenharia Civil: Recursos H\u00eddricos, Saneamento Ambiental e Geotecnia (POSDEHA) da UFC, Prof. Iran Eduardo Lima Neto, destaca as colabora\u00e7\u00f5es do homenageado ao programa. \u201cO POSDEHA agradece ao Prof. Assis pelas suas valiosas contribui\u00e7\u00f5es como coordenador, professor, pesquisador e interlocutor entre a universidade, o poder p\u00fablico e a sociedade, que certamente t\u00eam nos ajudado a manter o n\u00edvel de excel\u00eancia internacional\u201d, considera.<\/p>\n\n\n\n<p class=\"\"><strong>SAIBA MAIS \u2013<\/strong>&nbsp;O Pr\u00eamio Fl\u00e1vio Terra Barth tem o objetivo de reconhecer a atua\u00e7\u00e3o de profissionais que tenham se destacado por contribui\u00e7\u00f5es significativas para a gest\u00e3o dos recursos h\u00eddricos no Brasil. \u00c9 concedido a cada dois anos durante os Simp\u00f3sios Brasileiros de Recursos H\u00eddricos da ABRHidro.<\/p>\n\n\n\n<p class=\"\">Os nomes dos indicados ao pr\u00eamio podem ser sugeridos por qualquer associado da entidade. Um comit\u00ea formado por membros do Conselho Consultivo, da Diretoria Executiva e por participantes externos analisa os nomes sugeridos e escolhe o vencedor, que recebe um certificado e uma escultura.<\/p>\n\n\n\n<p class=\"\">Originalmente em: <a href=\"https:\/\/www.ufc.br\/noticias\/noticias-de-2023\/18403-docente-da-ufc-recebe-premio-da-associacao-brasileira-de-recursos-hidricos\">https:\/\/www.ufc.br\/noticias\/noticias-de-2023\/18403-docente-da-ufc-recebe-premio-da-associacao-brasileira-de-recursos-hidricos<\/a><\/p>\n\n\n\n<p class=\"\"><\/p>","protected":false},"excerpt":{"rendered":"<p>O Prof. Francisco de Assis de Souza Filho, do Departamento de Engenharia Hidr\u00e1ulica e Ambiental (DEHA) da Universidade Federal do Cear\u00e1, foi&nbsp;agraciado com o Pr\u00eamio Fl\u00e1vio Terra Barth, da Associa\u00e7\u00e3o Brasileira de Recursos H\u00eddricos (ABRHidro). A premia\u00e7\u00e3o ocorreu durante o XXV Simp\u00f3sio Brasileiro de Recursos H\u00eddricos, realizado de 19 a 24 de novembro, em Aracaju (Sergipe). O Prof. Francisco de Assis Filho \u00e9 cientista-chefe da \u00e1rea de Recursos H\u00eddricos da Funda\u00e7\u00e3o Cearense de Apoio ao Desenvolvimento Cient\u00edfico e Tecnol\u00f3gico (FUNCAP), membro do Comit\u00ea Assessor de Engenharias e Ci\u00eancias Ambientais do Conselho Nacional de Desenvolvimento Cient\u00edfico e Tecnol\u00f3gico (CNPq), representante da comunidade cient\u00edfica no Fundo Setorial de Recursos H\u00eddricos e criador do&nbsp;Centro Estrat\u00e9gico de Excel\u00eancia em Pol\u00edticas de \u00c1guas e Secas&nbsp;(CEPAS) da UFC. O Pr\u00eamio Fl\u00e1vio Terra Barth tem o objetivo de reconhecer a atua\u00e7\u00e3o de profissionais que tenham se destacado por contribui\u00e7\u00f5es significativas para a gest\u00e3o dos recursos h\u00eddricos no Brasil (Foto: ABRHidro) \u201cFiquei muito emocionado e feliz com a outorga deste pr\u00eamio. Entendo que \u00e9 um reconhecimento da import\u00e2ncia nacional da comunidade de recursos h\u00eddricos do Cear\u00e1 e do Departamento de Engenharia Hidr\u00e1ulica e Ambiental da UFC\u201d, comenta. O coordenador do Programa de P\u00f3s-Gradua\u00e7\u00e3o em Engenharia Civil: Recursos H\u00eddricos, Saneamento Ambiental e Geotecnia (POSDEHA) da UFC, Prof. Iran Eduardo Lima Neto, destaca as colabora\u00e7\u00f5es do homenageado ao programa. \u201cO POSDEHA agradece ao Prof. Assis pelas suas valiosas contribui\u00e7\u00f5es como coordenador, professor, pesquisador e interlocutor entre a universidade, o poder p\u00fablico e a sociedade, que certamente t\u00eam nos ajudado a manter o n\u00edvel de excel\u00eancia internacional\u201d, considera. SAIBA MAIS \u2013&nbsp;O Pr\u00eamio Fl\u00e1vio Terra Barth tem o objetivo de reconhecer a atua\u00e7\u00e3o de profissionais que tenham se destacado por contribui\u00e7\u00f5es significativas para a gest\u00e3o dos recursos h\u00eddricos no Brasil. \u00c9 concedido a cada dois anos durante os Simp\u00f3sios Brasileiros de Recursos H\u00eddricos da ABRHidro. Os nomes dos indicados ao pr\u00eamio podem ser sugeridos por qualquer associado da entidade. Um comit\u00ea formado por membros do Conselho Consultivo, da Diretoria Executiva e por participantes externos analisa os nomes sugeridos e escolhe o vencedor, que recebe um certificado e uma escultura. Originalmente em: https:\/\/www.ufc.br\/noticias\/noticias-de-2023\/18403-docente-da-ufc-recebe-premio-da-associacao-brasileira-de-recursos-hidricos<\/p>","protected":false},"author":1,"featured_media":1391,"comment_status":"open","ping_status":"open","sticky":false,"template":"","format":"standard","meta":{"nf_dc_page":"","_jetpack_memberships_contains_paid_content":false,"footnotes":""},"categories":[32,10],"tags":[],"class_list":["post-1390","post","type-post","status-publish","format-standard","has-post-thumbnail","hentry","category-cientista-chefe-recursos-hidricos","category-noticias"],"jetpack_featured_media_url":"https:\/\/i0.wp.com\/cepas.ufc.br\/wp-content\/uploads\/2025\/02\/ft_231130_profassis_gr.png?fit=520%2C345&ssl=1","jetpack_sharing_enabled":true,"_links":{"self":[{"href":"https:\/\/cepas.ufc.br\/en\/wp-json\/wp\/v2\/posts\/1390","targetHints":{"allow":["GET"]}}],"collection":[{"href":"https:\/\/cepas.ufc.br\/en\/wp-json\/wp\/v2\/posts"}],"about":[{"href":"https:\/\/cepas.ufc.br\/en\/wp-json\/wp\/v2\/types\/post"}],"author":[{"embeddable":true,"href":"https:\/\/cepas.ufc.br\/en\/wp-json\/wp\/v2\/users\/1"}],"replies":[{"embeddable":true,"href":"https:\/\/cepas.ufc.br\/en\/wp-json\/wp\/v2\/comments?post=1390"}],"version-history":[{"count":2,"href":"https:\/\/cepas.ufc.br\/en\/wp-json\/wp\/v2\/posts\/1390\/revisions"}],"predecessor-version":[{"id":1420,"href":"https:\/\/cepas.ufc.br\/en\/wp-json\/wp\/v2\/posts\/1390\/revisions\/1420"}],"wp:featuredmedia":[{"embeddable":true,"href":"https:\/\/cepas.ufc.br\/en\/wp-json\/wp\/v2\/media\/1391"}],"wp:attachment":[{"href":"https:\/\/cepas.ufc.br\/en\/wp-json\/wp\/v2\/media?parent=1390"}],"wp:term":[{"taxonomy":"category","embeddable":true,"href":"https:\/\/cepas.ufc.br\/en\/wp-json\/wp\/v2\/categories?post=1390"},{"taxonomy":"post_tag","embeddable":true,"href":"https:\/\/cepas.ufc.br\/en\/wp-json\/wp\/v2\/tags?post=1390"}],"curies":[{"name":"wp","href":"https:\/\/api.w.org\/{rel}","templated":true}]}}