{"id":1482,"date":"2025-02-21T16:33:00","date_gmt":"2025-02-21T16:33:00","guid":{"rendered":"https:\/\/cepas.ufc.br\/?p=1482"},"modified":"2025-02-21T16:33:00","modified_gmt":"2025-02-21T16:33:00","slug":"comite-do-coreau-aprova-1o-plano-de-secas-da-regiao-para-acude-angicos","status":"publish","type":"post","link":"https:\/\/cepas.ufc.br\/en\/comite-do-coreau-aprova-1o-plano-de-secas-da-regiao-para-acude-angicos\/","title":{"rendered":"Comit\u00ea do Corea\u00fa aprova 1\u00ba Plano de Secas da regi\u00e3o para A\u00e7ude Angicos"},"content":{"rendered":"<p class=\"\">Na \u00faltima quinta-feira (20), o <a href=\"https:\/\/www.srh.ce.gov.br\/comite-da-bacia-hidrografica-do-coreau\/#:~:text=Trata%2Dse%20de%20um%20%C3%B3rg%C3%A3o,e%20Sociedade%20Civil%20%E2%80%93%209%20institui%C3%A7%C3%B5es.\"><strong>Comit\u00ea da Bacia do Corea\u00fa<\/strong><\/a> realizou a 70\u00aa Reuni\u00e3o Ordin\u00e1ria, na Coordenadoria Estadual de Forma\u00e7\u00e3o Docente e Educa\u00e7\u00e3o a Dist\u00e2ncia, no munic\u00edpio de Sobral (CE). As pautas previstas para o evento inclu\u00edam a <a href=\"https:\/\/portal.cogerh.com.br\/comite-do-coreau-aprova-1o-plano-de-secas-da-regiao-para-acude-angicos\/\">aprova\u00e7\u00e3o do <strong>1\u00ba <\/strong><strong>Plano de Gest\u00e3o Proativa de Secas do Hidrossistema Angicos<\/strong><\/a>.&nbsp;<\/p>\n\n\n\n<p class=\"\">O planejamento \u00e9 o pioneiro da regi\u00e3o, que congrega tanto a bacia drenada pelo Rio Corea\u00fa e seus afluentes, como tamb\u00e9m o conjunto de bacias independentes e em seu entorno. A bacia atendida por este plano aprovado \u00e9 composta por <strong>24 munic\u00edpios cearenses<\/strong> e \u00e9 usada para abastecimento humano de comunidades locais. Sua capacidade estende-se ao ac\u00famulo de quase 300 milh\u00f5es de metros c\u00fabicos (m\u00b3) de \u00e1guas superficiais.<\/p>\n\n\n\n<p class=\"\"><br><strong>Munic\u00edpios que comp\u00f5em a Bacia Hidrogr\u00e1fica do Corea\u00fa<\/strong><\/p>\n\n\n\n<ul class=\"wp-block-list\">\n<li class=\"\">Uruoca<\/li>\n\n\n\n<li class=\"\">Acara\u00fa<\/li>\n\n\n\n<li class=\"\">Alc\u00e2ntaras<\/li>\n\n\n\n<li class=\"\">Barroquinha<\/li>\n\n\n\n<li class=\"\">Bela Cruz<\/li>\n\n\n\n<li class=\"\">Camocim<\/li>\n\n\n\n<li class=\"\">Chaval<\/li>\n\n\n\n<li class=\"\">Corea\u00fa<\/li>\n\n\n\n<li class=\"\">Cruz<\/li>\n\n\n\n<li class=\"\">Frecheirinha<\/li>\n\n\n\n<li class=\"\">Granja<\/li>\n\n\n\n<li class=\"\">Ibiapina<\/li>\n\n\n\n<li class=\"\">Jijoca de Jericoacoara<\/li>\n\n\n\n<li class=\"\">Marco<\/li>\n\n\n\n<li class=\"\">Martin\u00f3pole<\/li>\n\n\n\n<li class=\"\">Meruoca<\/li>\n\n\n\n<li class=\"\">Mora\u00fajo<\/li>\n\n\n\n<li class=\"\">Morrinhos<\/li>\n\n\n\n<li class=\"\">Mucambo<\/li>\n\n\n\n<li class=\"\">Senador S\u00e1<\/li>\n\n\n\n<li class=\"\">Sobral<\/li>\n\n\n\n<li class=\"\">Tiangu\u00e1<\/li>\n\n\n\n<li class=\"\">Ubajara<\/li>\n\n\n\n<li class=\"\">Vi\u00e7osa do Cear\u00e1<\/li>\n<\/ul>\n\n\n\n<p class=\"\"><strong>Plano de Gest\u00e3o Proativa de Secas do Hidrossistema Angicos<\/strong><\/p>\n\n\n\n<p class=\"\">\u00cdris Ara\u00fajo, doutora em Antropologia Social e professora da Universidade Estadual do Vale do Acara\u00fa (UVA), abordou as fases de constru\u00e7\u00e3o do documento. A ideia do planejamento \u00e9 criar, a curto prazo, instrumentos para diminuir os impactos da seca, por meio do levantamento de demandas e ofertas existentes em cada contexto regional.<\/p>\n\n\n\n<figure class=\"wp-block-image aligncenter size-full\"><img data-recalc-dims=\"1\" fetchpriority=\"high\" decoding=\"async\" width=\"600\" height=\"400\" src=\"https:\/\/i0.wp.com\/cepas.ufc.br\/wp-content\/uploads\/2025\/02\/IMG_4109-600x400-1.jpg?resize=600%2C400&#038;ssl=1\" alt=\"\" class=\"wp-image-1483\" srcset=\"https:\/\/i0.wp.com\/cepas.ufc.br\/wp-content\/uploads\/2025\/02\/IMG_4109-600x400-1.jpg?w=600&amp;ssl=1 600w, https:\/\/i0.wp.com\/cepas.ufc.br\/wp-content\/uploads\/2025\/02\/IMG_4109-600x400-1.jpg?resize=300%2C200&amp;ssl=1 300w\" sizes=\"(max-width: 600px) 100vw, 600px\" \/><\/figure>\n\n\n\n<p class=\"\">Durante reuni\u00f5es com os usu\u00e1rios do a\u00e7ude, quatro cen\u00e1rios de situa\u00e7\u00e3o foram definidos como par\u00e2metros para a libera\u00e7\u00e3o de \u00e1gua: normal, alerta, seca e seca severa. Especificamente, s\u00e3o voltados para as seguintes indica\u00e7\u00f5es:<\/p>\n\n\n\n<ul class=\"wp-block-list\">\n<li class=\"\">Normal: 300 l\/s<\/li>\n\n\n\n<li class=\"\">Alerta: 120 l\/s<\/li>\n\n\n\n<li class=\"\">Seca: 60 l\/s<\/li>\n\n\n\n<li class=\"\">Severa: 30 l\/s<\/li>\n<\/ul>\n\n\n\n<p class=\"has-text-align-center\"><em>\u201cEsse \u00e9 um <\/em><strong><em>a\u00e7ude estrat\u00e9gico<\/em><\/strong><em>, que tem mostrado, ao longo dos anos, problemas com abastecimento de cinco munic\u00edpios e comunidades difusas. O Plano \u00e9 fundamental para <\/em><strong><em>garantir o acesso \u00e0 \u00e1gua para essas popula\u00e7\u00f5es<\/em><\/strong><em> em per\u00edodos de estiagem\u201d<\/em><\/p>\n\n\n\n<ul class=\"wp-block-list\"><\/ul>\n\n\n\n<p class=\"\">O Programa Cientista Chefe: Recursos H\u00eddricos \u00e9 uma iniciativa da Funda\u00e7\u00e3o Cearense de Apoio ao Desenvolvimento Cient\u00edfico e Tecnol\u00f3gico (FUNCAP), em parceria com a Secretaria de Recursos H\u00eddricos do Cear\u00e1 (SRH).<\/p>\n\n\n\n<p class=\"\">O projeto <a href=\"https:\/\/cepas.ufc.br\/en\/planejamento-de-secas-hidrossistemas\/\"><strong>Proactive Drought Management Plans in Hydrosystems<\/strong><\/a> \u00e9 uma das a\u00e7\u00f5es do Programa Cientista Chefe: Recursos H\u00eddricos e \u00e9 desenvolvido por meio da colabora\u00e7\u00e3o entre a Universidade Federal do Cear\u00e1 (UFC), a Companhia de Gest\u00e3o dos Recursos H\u00eddricos (COGERH) e a Funda\u00e7\u00e3o Cearense de Meteorologia e Recursos H\u00eddricos (Funceme).<\/p>\n\n\n\n<figure class=\"wp-block-image aligncenter size-full\"><img data-recalc-dims=\"1\" decoding=\"async\" width=\"768\" height=\"432\" src=\"https:\/\/i0.wp.com\/cepas.ufc.br\/wp-content\/uploads\/2025\/02\/WhatsApp-Image-2024-07-05-at-09.00.33-768x432-1.jpeg?resize=768%2C432&#038;ssl=1\" alt=\"\" class=\"wp-image-1484\" srcset=\"https:\/\/i0.wp.com\/cepas.ufc.br\/wp-content\/uploads\/2025\/02\/WhatsApp-Image-2024-07-05-at-09.00.33-768x432-1.jpeg?w=768&amp;ssl=1 768w, https:\/\/i0.wp.com\/cepas.ufc.br\/wp-content\/uploads\/2025\/02\/WhatsApp-Image-2024-07-05-at-09.00.33-768x432-1.jpeg?resize=300%2C169&amp;ssl=1 300w\" sizes=\"(max-width: 768px) 100vw, 768px\" \/><\/figure>\n\n\n\n<p class=\"\">Originalmente em: <a href=\"https:\/\/portal.cogerh.com.br\/comite-do-coreau-aprova-1o-plano-de-secas-da-regiao-para-acude-angicos\/\">https:\/\/portal.cogerh.com.br\/comite-do-coreau-aprova-1o-plano-de-secas-da-regiao-para-acude-angicos\/ <\/a><\/p>","protected":false},"excerpt":{"rendered":"<p>Na \u00faltima quinta-feira (20), o Comit\u00ea da Bacia do Corea\u00fa realizou a 70\u00aa Reuni\u00e3o Ordin\u00e1ria, na Coordenadoria Estadual de Forma\u00e7\u00e3o Docente e Educa\u00e7\u00e3o a Dist\u00e2ncia, no munic\u00edpio de Sobral (CE). As pautas previstas para o evento inclu\u00edam a aprova\u00e7\u00e3o do 1\u00ba Plano de Gest\u00e3o Proativa de Secas do Hidrossistema Angicos.&nbsp; O planejamento \u00e9 o pioneiro da regi\u00e3o, que congrega tanto a bacia drenada pelo Rio Corea\u00fa e seus afluentes, como tamb\u00e9m o conjunto de bacias independentes e em seu entorno. A bacia atendida por este plano aprovado \u00e9 composta por 24 munic\u00edpios cearenses e \u00e9 usada para abastecimento humano de comunidades locais. Sua capacidade estende-se ao ac\u00famulo de quase 300 milh\u00f5es de metros c\u00fabicos (m\u00b3) de \u00e1guas superficiais. Munic\u00edpios que comp\u00f5em a Bacia Hidrogr\u00e1fica do Corea\u00fa Plano de Gest\u00e3o Proativa de Secas do Hidrossistema Angicos \u00cdris Ara\u00fajo, doutora em Antropologia Social e professora da Universidade Estadual do Vale do Acara\u00fa (UVA), abordou as fases de constru\u00e7\u00e3o do documento. A ideia do planejamento \u00e9 criar, a curto prazo, instrumentos para diminuir os impactos da seca, por meio do levantamento de demandas e ofertas existentes em cada contexto regional. Durante reuni\u00f5es com os usu\u00e1rios do a\u00e7ude, quatro cen\u00e1rios de situa\u00e7\u00e3o foram definidos como par\u00e2metros para a libera\u00e7\u00e3o de \u00e1gua: normal, alerta, seca e seca severa. Especificamente, s\u00e3o voltados para as seguintes indica\u00e7\u00f5es: \u201cEsse \u00e9 um a\u00e7ude estrat\u00e9gico, que tem mostrado, ao longo dos anos, problemas com abastecimento de cinco munic\u00edpios e comunidades difusas. O Plano \u00e9 fundamental para garantir o acesso \u00e0 \u00e1gua para essas popula\u00e7\u00f5es em per\u00edodos de estiagem\u201d O Programa Cientista Chefe: Recursos H\u00eddricos \u00e9 uma iniciativa da Funda\u00e7\u00e3o Cearense de Apoio ao Desenvolvimento Cient\u00edfico e Tecnol\u00f3gico (FUNCAP), em parceria com a Secretaria de Recursos H\u00eddricos do Cear\u00e1 (SRH). O projeto Planos de Gest\u00e3o Proativa de Secas em Hidrossistemas \u00e9 uma das a\u00e7\u00f5es do Programa Cientista Chefe: Recursos H\u00eddricos e \u00e9 desenvolvido por meio da colabora\u00e7\u00e3o entre a Universidade Federal do Cear\u00e1 (UFC), a Companhia de Gest\u00e3o dos Recursos H\u00eddricos (COGERH) e a Funda\u00e7\u00e3o Cearense de Meteorologia e Recursos H\u00eddricos (Funceme). Originalmente em: https:\/\/portal.cogerh.com.br\/comite-do-coreau-aprova-1o-plano-de-secas-da-regiao-para-acude-angicos\/<\/p>","protected":false},"author":1,"featured_media":1484,"comment_status":"open","ping_status":"open","sticky":false,"template":"","format":"standard","meta":{"nf_dc_page":"","_jetpack_memberships_contains_paid_content":false,"footnotes":""},"categories":[10],"tags":[],"class_list":["post-1482","post","type-post","status-publish","format-standard","has-post-thumbnail","hentry","category-noticias"],"jetpack_featured_media_url":"https:\/\/i0.wp.com\/cepas.ufc.br\/wp-content\/uploads\/2025\/02\/WhatsApp-Image-2024-07-05-at-09.00.33-768x432-1.jpeg?fit=768%2C432&ssl=1","jetpack_sharing_enabled":true,"_links":{"self":[{"href":"https:\/\/cepas.ufc.br\/en\/wp-json\/wp\/v2\/posts\/1482","targetHints":{"allow":["GET"]}}],"collection":[{"href":"https:\/\/cepas.ufc.br\/en\/wp-json\/wp\/v2\/posts"}],"about":[{"href":"https:\/\/cepas.ufc.br\/en\/wp-json\/wp\/v2\/types\/post"}],"author":[{"embeddable":true,"href":"https:\/\/cepas.ufc.br\/en\/wp-json\/wp\/v2\/users\/1"}],"replies":[{"embeddable":true,"href":"https:\/\/cepas.ufc.br\/en\/wp-json\/wp\/v2\/comments?post=1482"}],"version-history":[{"count":1,"href":"https:\/\/cepas.ufc.br\/en\/wp-json\/wp\/v2\/posts\/1482\/revisions"}],"predecessor-version":[{"id":1485,"href":"https:\/\/cepas.ufc.br\/en\/wp-json\/wp\/v2\/posts\/1482\/revisions\/1485"}],"wp:featuredmedia":[{"embeddable":true,"href":"https:\/\/cepas.ufc.br\/en\/wp-json\/wp\/v2\/media\/1484"}],"wp:attachment":[{"href":"https:\/\/cepas.ufc.br\/en\/wp-json\/wp\/v2\/media?parent=1482"}],"wp:term":[{"taxonomy":"category","embeddable":true,"href":"https:\/\/cepas.ufc.br\/en\/wp-json\/wp\/v2\/categories?post=1482"},{"taxonomy":"post_tag","embeddable":true,"href":"https:\/\/cepas.ufc.br\/en\/wp-json\/wp\/v2\/tags?post=1482"}],"curies":[{"name":"wp","href":"https:\/\/api.w.org\/{rel}","templated":true}]}}