{"id":1538,"date":"2025-03-26T14:06:00","date_gmt":"2025-03-26T14:06:00","guid":{"rendered":"https:\/\/cepas.ufc.br\/?p=1538"},"modified":"2025-03-31T14:10:47","modified_gmt":"2025-03-31T14:10:47","slug":"cientista-chefe-de-recursos-hidricos-do-ceara-apresenta-planos-para-reducao-dos-impactos-das-secas-no-estado","status":"publish","type":"post","link":"https:\/\/cepas.ufc.br\/en\/cientista-chefe-de-recursos-hidricos-do-ceara-apresenta-planos-para-reducao-dos-impactos-das-secas-no-estado\/","title":{"rendered":"CIENTISTA CHEFE DE RECURSOS H\u00cdDRICOS DO CEAR\u00c1 APRESENTA PLANOS PARA REDU\u00c7\u00c3O DOS IMPACTOS DAS SECAS NO ESTADO"},"content":{"rendered":"<blockquote class=\"wp-block-quote is-layout-flow wp-block-quote-is-layout-flow\">\n<p class=\"has-text-align-center\">Projeto pode servir de exemplo para ser aplicado em outras regi\u00f5es do Brasil<\/p>\n\n\n\n<figure class=\"wp-block-image\"><img decoding=\"async\" src=\"https:\/\/lh7-rt.googleusercontent.com\/docsz\/AD_4nXc8xwTxMWss-gl_e2g4Kmjv8VwYWdo5Vd7m0BSc4ZanlOKUpykiXt7ssGI9DaRalWa168BPt2-OvtIEn9ZlLUkMP2Wt9zZpFoIAZsD6ogSd_rON8iHFuVtqAtL9r_--Qb5gWc3Atg?key=A-UUJ16XxdaG9Yja2CFSAlzY\" alt=\"\"\/><\/figure>\n\n\n\n<p class=\"has-text-align-center\">Cientista Chefe de Recursos H\u00eddricos \u00e9 convidado para falar em programa da Alece TV | Reprodu\u00e7\u00e3o YouTube<\/p>\n<\/blockquote>\n\n\n\n<p class=\"\"><a href=\"https:\/\/www.youtube.com\/watch?v=IyZ0WibvC1I\">O programa Quest\u00e3o de Ordem, da Alece TV (canal 31.1), recebeu o Cientista Chefe de Recursos H\u00eddricos do Cear\u00e1 na \u00faltima sexta-feira (21)<\/a>. Na ocasi\u00e3o, o professor Francisco de Assis de Souza Filho, Cientista Chefe de Recursos H\u00eddricos, discutiu o tema do planejamento proativo para a mitiga\u00e7\u00e3o dos impactos das secas no estado. O assunto \u00e9 foco de algumas iniciativas que v\u00eam sendo desenvolvidas em conjunto com importantes institui\u00e7\u00f5es cearenses da pol\u00edtica de gest\u00e3o de \u00e1guas e de pesquisa cient\u00edfica.<\/p>\n\n\n\n<p class=\"\">O professor Assis Filho comentou&nbsp; o progn\u00f3stico de chuvas para o trimestre de fevereiro a abril. <a href=\"http:\/\/www.funceme.br\/?p=13605#:~:text=O%20progn%C3%B3stico%20de%20chuvas%20para,ainda%2020%25%20acima%20da%20m%C3%A9dia.\">Divulgados pela Funda\u00e7\u00e3o Cearense de Meteorologia e Recursos H\u00eddricos (Funceme) em janeiro<\/a>, os dados apresentaram 45% de precipita\u00e7\u00e3o dentro da normalidade, 35% abaixo dela e 20% acima da m\u00e9dia, indicando o qu\u00e3o irregular s\u00e3o as chuvas no semi\u00e1rido.<\/p>\n\n\n\n<p class=\"\"><br>Em continuidade \u00e0 previs\u00e3o de situa\u00e7\u00f5es extremas, o professor Assis Filho, tamb\u00e9m diretor do Centro Estrat\u00e9gico de Excel\u00eancia em Pol\u00edticas de \u00c1guas e Secas (CEPAS) \u2013 vinculado \u00e0 Universidade Federal do Cear\u00e1 (UFC) \u2013, discute sobre os <a href=\"https:\/\/cepas.ufc.br\/en\/planejamento-de-secas-hidrossistemas\/\"><strong>Proactive Drought Management Plans in Hydrosystems<\/strong><\/a>. Trata-se de um projeto que planeja estudos e a\u00e7\u00f5es, com o intuito de amenizar os impactos das secas em distintos territ\u00f3rios do estado. Os planos s\u00e3o uma das iniciativas pensadas para as situa\u00e7\u00f5es extremas no Cear\u00e1, citadas no programa da Alece TV.<br><\/p>\n\n\n\n<p class=\"\">O Cientista Chefe de Recursos H\u00eddricos do Cear\u00e1 enfatiza a import\u00e2ncia de planejamentos antecipados como esse. \u201cAntes da seca acontecer, j\u00e1 planejamos as a\u00e7\u00f5es que ser\u00e3o necess\u00e1rias para serem executadas\u201d, explica o professor. O intuito \u00e9 prevenir impactos significativos que a popula\u00e7\u00e3o local e demais usu\u00e1rios dos hidrossistemas possam sofrer.&nbsp;<\/p>\n\n\n\n<p class=\"\">Com forte participa\u00e7\u00e3o social em sua elabora\u00e7\u00e3o, o projeto tamb\u00e9m agrega os Comit\u00eas de Bacias e as Comiss\u00f5es Gestoras. O professor explica que s\u00e3o institui\u00e7\u00f5es que trabalham diretamente nas discuss\u00f5es e decis\u00f5es relativas aos usos das \u00e1guas dos reservat\u00f3rios p\u00fablicos. \u201cS\u00e3o interlocutores que decidem sobre os planos de secas\u201d, pontua.<\/p>\n\n\n\n<p class=\"\">Assis explica, ainda, que a varia\u00e7\u00e3o dos percentuais de \u00e1gua no estado varia junto com a sazonalidade do ano. \u201cTer 50% de \u00e1gua em julho \u00e9 diferente de ter 50% de \u00e1gua em janeiro\u201d. Em contrapartida, ele acrescenta que, por meio dos Planos de Gest\u00e3o Proativa de Secas, s\u00e3o monitorados os n\u00edveis de \u00e1gua dos reservat\u00f3rios. Para cada um dos estados de seca, h\u00e1 um conjunto de medidas a serem tomadas, que foram estudadas pela equipe desenvolvedora do projeto, junto com as Comiss\u00f5es Gestoras. \u201cEnt\u00e3o, quando essas secas ocorrerem, vamos estar preparados\u201d, expressa.<\/p>\n\n\n\n<p class=\"\">Sob dire\u00e7\u00e3o do Programa Cientista Chefe: Recursos H\u00eddricos, os Planos de Gest\u00e3o Proativa de Secas em Hidrossistemas \u00e9 um projeto financiado pela Funda\u00e7\u00e3o Cearense de Desenvolvimento Cient\u00edfico e Tecnol\u00f3gico (FUNCAP). Trabalhado em parceria com a Secretaria dos Recursos H\u00eddricos do Cear\u00e1 (SRH), \u00e9 uma realiza\u00e7\u00e3o mediada pela coopera\u00e7\u00e3o t\u00e9cnico-cient\u00edfica entre a Companhia de Gest\u00e3o dos Recursos H\u00eddricos (COGERH) \u2013 vinculada \u00e0 SRH \u2013 e a Universidade Federal do Cear\u00e1 (UFC). Al\u00e9m dessas institui\u00e7\u00f5es, os planos contam com a participa\u00e7\u00e3o da Funda\u00e7\u00e3o Cearense de Meteorologia e Recursos H\u00eddricos (Funceme), tamb\u00e9m vinculada ao \u00f3rg\u00e3o estadual de gest\u00e3o de \u00e1guas.&nbsp;<\/p>\n\n\n\n<p class=\"\">Os Planos de Gest\u00e3o Proativa de Secas em Hidrossistemas j\u00e1 contam com 13 planos conclu\u00eddos e um em fase de conclus\u00e3o. Desses, 10 j\u00e1 foram aprovados pelos seus respectivos Comit\u00eas de Bacia. Outros 7 planos ser\u00e3o iniciados em abril. Os planos envolvem a participa\u00e7\u00e3o de diversas institui\u00e7\u00f5es de ensino e pesquisa do Cear\u00e1. S\u00e3o elas: Universidade Estadual do Vale do Acara\u00fa (UVA), Universidade Federal do Cariri (UFCA), Universidade da Integra\u00e7\u00e3o Internacional da Lusofonia Afro-Brasileira (UNILAB), Instituto Federal de Educa\u00e7\u00e3o, Ci\u00eancia e Tecnologia do Cear\u00e1 (IFCE), Universidade Federal do Cear\u00e1 (Campus de Crate\u00fas).&nbsp;<\/p>\n\n\n\n<p class=\"\">Segundo o professor Assis Filho, o projeto sob dire\u00e7\u00e3o do Cientista Chefe de Recursos H\u00eddricos do Cear\u00e1 est\u00e1 sendo avaliado pela Ag\u00eancia Nacional de \u00c1guas e outras institui\u00e7\u00f5es como uma possibilidade de replica\u00e7\u00e3o em outras regi\u00f5es do Brasil. O programa vinculado \u00e0 UFC tamb\u00e9m estuda, atualmente, um plano de adapta\u00e7\u00e3o \u00e0s mudan\u00e7as clim\u00e1ticas \u2013 previsto para ser entregue em julho. Sobre o futuro, o professor mostra-se confiante: \u201cEstamos mudando a forma de gerenciar o risco clim\u00e1tico\u201d.<br><\/p>\n\n\n\n<p class=\"\"><\/p>","protected":false},"excerpt":{"rendered":"<p>O programa Quest\u00e3o de Ordem, da Alece TV (canal 31.1), recebeu o Cientista Chefe de Recursos H\u00eddricos do Cear\u00e1 na \u00faltima sexta-feira (21). Na ocasi\u00e3o, o professor Francisco de Assis de Souza Filho, Cientista Chefe de Recursos H\u00eddricos, discutiu o tema do planejamento proativo para a mitiga\u00e7\u00e3o dos impactos das secas no estado. O assunto \u00e9 foco de algumas iniciativas que v\u00eam sendo desenvolvidas em conjunto com importantes institui\u00e7\u00f5es cearenses da pol\u00edtica de gest\u00e3o de \u00e1guas e de pesquisa cient\u00edfica. O professor Assis Filho comentou&nbsp; o progn\u00f3stico de chuvas para o trimestre de fevereiro a abril. Divulgados pela Funda\u00e7\u00e3o Cearense de Meteorologia e Recursos H\u00eddricos (Funceme) em janeiro, os dados apresentaram 45% de precipita\u00e7\u00e3o dentro da normalidade, 35% abaixo dela e 20% acima da m\u00e9dia, indicando o qu\u00e3o irregular s\u00e3o as chuvas no semi\u00e1rido. Em continuidade \u00e0 previs\u00e3o de situa\u00e7\u00f5es extremas, o professor Assis Filho, tamb\u00e9m diretor do Centro Estrat\u00e9gico de Excel\u00eancia em Pol\u00edticas de \u00c1guas e Secas (CEPAS) \u2013 vinculado \u00e0 Universidade Federal do Cear\u00e1 (UFC) \u2013, discute sobre os Planos de Gest\u00e3o Proativa de Secas em Hidrossistemas. Trata-se de um projeto que planeja estudos e a\u00e7\u00f5es, com o intuito de amenizar os impactos das secas em distintos territ\u00f3rios do estado. Os planos s\u00e3o uma das iniciativas pensadas para as situa\u00e7\u00f5es extremas no Cear\u00e1, citadas no programa da Alece TV. O Cientista Chefe de Recursos H\u00eddricos do Cear\u00e1 enfatiza a import\u00e2ncia de planejamentos antecipados como esse. \u201cAntes da seca acontecer, j\u00e1 planejamos as a\u00e7\u00f5es que ser\u00e3o necess\u00e1rias para serem executadas\u201d, explica o professor. O intuito \u00e9 prevenir impactos significativos que a popula\u00e7\u00e3o local e demais usu\u00e1rios dos hidrossistemas possam sofrer.&nbsp; Com forte participa\u00e7\u00e3o social em sua elabora\u00e7\u00e3o, o projeto tamb\u00e9m agrega os Comit\u00eas de Bacias e as Comiss\u00f5es Gestoras. O professor explica que s\u00e3o institui\u00e7\u00f5es que trabalham diretamente nas discuss\u00f5es e decis\u00f5es relativas aos usos das \u00e1guas dos reservat\u00f3rios p\u00fablicos. \u201cS\u00e3o interlocutores que decidem sobre os planos de secas\u201d, pontua. Assis explica, ainda, que a varia\u00e7\u00e3o dos percentuais de \u00e1gua no estado varia junto com a sazonalidade do ano. \u201cTer 50% de \u00e1gua em julho \u00e9 diferente de ter 50% de \u00e1gua em janeiro\u201d. Em contrapartida, ele acrescenta que, por meio dos Planos de Gest\u00e3o Proativa de Secas, s\u00e3o monitorados os n\u00edveis de \u00e1gua dos reservat\u00f3rios. Para cada um dos estados de seca, h\u00e1 um conjunto de medidas a serem tomadas, que foram estudadas pela equipe desenvolvedora do projeto, junto com as Comiss\u00f5es Gestoras. \u201cEnt\u00e3o, quando essas secas ocorrerem, vamos estar preparados\u201d, expressa. Sob dire\u00e7\u00e3o do Programa Cientista Chefe: Recursos H\u00eddricos, os Planos de Gest\u00e3o Proativa de Secas em Hidrossistemas \u00e9 um projeto financiado pela Funda\u00e7\u00e3o Cearense de Desenvolvimento Cient\u00edfico e Tecnol\u00f3gico (FUNCAP). Trabalhado em parceria com a Secretaria dos Recursos H\u00eddricos do Cear\u00e1 (SRH), \u00e9 uma realiza\u00e7\u00e3o mediada pela coopera\u00e7\u00e3o t\u00e9cnico-cient\u00edfica entre a Companhia de Gest\u00e3o dos Recursos H\u00eddricos (COGERH) \u2013 vinculada \u00e0 SRH \u2013 e a Universidade Federal do Cear\u00e1 (UFC). Al\u00e9m dessas institui\u00e7\u00f5es, os planos contam com a participa\u00e7\u00e3o da Funda\u00e7\u00e3o Cearense de Meteorologia e Recursos H\u00eddricos (Funceme), tamb\u00e9m vinculada ao \u00f3rg\u00e3o estadual de gest\u00e3o de \u00e1guas.&nbsp; Os Planos de Gest\u00e3o Proativa de Secas em Hidrossistemas j\u00e1 contam com 13 planos conclu\u00eddos e um em fase de conclus\u00e3o. Desses, 10 j\u00e1 foram aprovados pelos seus respectivos Comit\u00eas de Bacia. Outros 7 planos ser\u00e3o iniciados em abril. Os planos envolvem a participa\u00e7\u00e3o de diversas institui\u00e7\u00f5es de ensino e pesquisa do Cear\u00e1. S\u00e3o elas: Universidade Estadual do Vale do Acara\u00fa (UVA), Universidade Federal do Cariri (UFCA), Universidade da Integra\u00e7\u00e3o Internacional da Lusofonia Afro-Brasileira (UNILAB), Instituto Federal de Educa\u00e7\u00e3o, Ci\u00eancia e Tecnologia do Cear\u00e1 (IFCE), Universidade Federal do Cear\u00e1 (Campus de Crate\u00fas).&nbsp; Segundo o professor Assis Filho, o projeto sob dire\u00e7\u00e3o do Cientista Chefe de Recursos H\u00eddricos do Cear\u00e1 est\u00e1 sendo avaliado pela Ag\u00eancia Nacional de \u00c1guas e outras institui\u00e7\u00f5es como uma possibilidade de replica\u00e7\u00e3o em outras regi\u00f5es do Brasil. O programa vinculado \u00e0 UFC tamb\u00e9m estuda, atualmente, um plano de adapta\u00e7\u00e3o \u00e0s mudan\u00e7as clim\u00e1ticas \u2013 previsto para ser entregue em julho. Sobre o futuro, o professor mostra-se confiante: \u201cEstamos mudando a forma de gerenciar o risco clim\u00e1tico\u201d.<\/p>","protected":false},"author":1,"featured_media":1539,"comment_status":"open","ping_status":"open","sticky":false,"template":"","format":"standard","meta":{"nf_dc_page":"","_jetpack_memberships_contains_paid_content":false,"footnotes":""},"categories":[32,10],"tags":[],"class_list":["post-1538","post","type-post","status-publish","format-standard","has-post-thumbnail","hentry","category-cientista-chefe-recursos-hidricos","category-noticias"],"jetpack_featured_media_url":"https:\/\/i0.wp.com\/cepas.ufc.br\/wp-content\/uploads\/2025\/03\/unnamed.png?fit=1600%2C879&ssl=1","jetpack_sharing_enabled":true,"_links":{"self":[{"href":"https:\/\/cepas.ufc.br\/en\/wp-json\/wp\/v2\/posts\/1538","targetHints":{"allow":["GET"]}}],"collection":[{"href":"https:\/\/cepas.ufc.br\/en\/wp-json\/wp\/v2\/posts"}],"about":[{"href":"https:\/\/cepas.ufc.br\/en\/wp-json\/wp\/v2\/types\/post"}],"author":[{"embeddable":true,"href":"https:\/\/cepas.ufc.br\/en\/wp-json\/wp\/v2\/users\/1"}],"replies":[{"embeddable":true,"href":"https:\/\/cepas.ufc.br\/en\/wp-json\/wp\/v2\/comments?post=1538"}],"version-history":[{"count":2,"href":"https:\/\/cepas.ufc.br\/en\/wp-json\/wp\/v2\/posts\/1538\/revisions"}],"predecessor-version":[{"id":1541,"href":"https:\/\/cepas.ufc.br\/en\/wp-json\/wp\/v2\/posts\/1538\/revisions\/1541"}],"wp:featuredmedia":[{"embeddable":true,"href":"https:\/\/cepas.ufc.br\/en\/wp-json\/wp\/v2\/media\/1539"}],"wp:attachment":[{"href":"https:\/\/cepas.ufc.br\/en\/wp-json\/wp\/v2\/media?parent=1538"}],"wp:term":[{"taxonomy":"category","embeddable":true,"href":"https:\/\/cepas.ufc.br\/en\/wp-json\/wp\/v2\/categories?post=1538"},{"taxonomy":"post_tag","embeddable":true,"href":"https:\/\/cepas.ufc.br\/en\/wp-json\/wp\/v2\/tags?post=1538"}],"curies":[{"name":"wp","href":"https:\/\/api.w.org\/{rel}","templated":true}]}}