{"id":1587,"date":"2025-04-03T16:22:03","date_gmt":"2025-04-03T16:22:03","guid":{"rendered":"https:\/\/cepas.ufc.br\/?p=1587"},"modified":"2025-04-05T02:19:57","modified_gmt":"2025-04-05T02:19:57","slug":"intercambio-de-conhecimento-professores-da-ufc-participam-de-missao-tecnologica-sobre-inovacao-e-sustentabilidade-hidrica-na-holanda","status":"publish","type":"post","link":"https:\/\/cepas.ufc.br\/en\/intercambio-de-conhecimento-professores-da-ufc-participam-de-missao-tecnologica-sobre-inovacao-e-sustentabilidade-hidrica-na-holanda\/","title":{"rendered":"Interc\u00e2mbio de conhecimento: Professores da UFC participam de miss\u00e3o tecnol\u00f3gica sobre inova\u00e7\u00e3o e sustentabilidade h\u00eddrica na Holanda"},"content":{"rendered":"<figure class=\"wp-block-image size-large\"><img data-recalc-dims=\"1\" fetchpriority=\"high\" decoding=\"async\" width=\"800\" height=\"451\" src=\"https:\/\/i0.wp.com\/cepas.ufc.br\/wp-content\/uploads\/2025\/04\/Foto-de-Rafaell-Estebann-1.jpg?resize=800%2C451&#038;ssl=1\" alt=\"\" class=\"wp-image-1593\" srcset=\"https:\/\/i0.wp.com\/cepas.ufc.br\/wp-content\/uploads\/2025\/04\/Foto-de-Rafaell-Estebann-1-scaled.jpg?resize=1024%2C577&amp;ssl=1 1024w, https:\/\/i0.wp.com\/cepas.ufc.br\/wp-content\/uploads\/2025\/04\/Foto-de-Rafaell-Estebann-1-scaled.jpg?resize=300%2C169&amp;ssl=1 300w, https:\/\/i0.wp.com\/cepas.ufc.br\/wp-content\/uploads\/2025\/04\/Foto-de-Rafaell-Estebann-1-scaled.jpg?resize=768%2C432&amp;ssl=1 768w, https:\/\/i0.wp.com\/cepas.ufc.br\/wp-content\/uploads\/2025\/04\/Foto-de-Rafaell-Estebann-1-scaled.jpg?resize=1536%2C865&amp;ssl=1 1536w, https:\/\/i0.wp.com\/cepas.ufc.br\/wp-content\/uploads\/2025\/04\/Foto-de-Rafaell-Estebann-1-scaled.jpg?w=1600&amp;ssl=1 1600w, https:\/\/i0.wp.com\/cepas.ufc.br\/wp-content\/uploads\/2025\/04\/Foto-de-Rafaell-Estebann-1-scaled.jpg?w=2400&amp;ssl=1 2400w\" sizes=\"(max-width: 800px) 100vw, 800px\" \/><\/figure>\n\n\n\n<p class=\"\">A miss\u00e3o ocorreu h\u00e1 um tempinho, de 10 a 14 de mar\u00e7o, mas quando a UFC tem agenda internacional e de sustentabilidade, o registro <a href=\"https:\/\/www.instagram.com\/explore\/tags\/orgulhoufc\/\">#OrgulhoUFC<\/a> \u00e9 certo! \ud83c\udf0d<br><br>\ud83d\udca6 A &#8220;WaterTech Mission Brazil&#8221; reuniu as principais institui\u00e7\u00f5es e empresas brasileiras de saneamento para aprimorar o conhecimento sobre as melhores pr\u00e1ticas e tecnologias holandesas no campo da gest\u00e3o, tratamento, distribui\u00e7\u00e3o e coleta de \u00e1gua e esgoto. \ud83d\udeb0<\/p>\n\n\n\n<div class=\"wp-block-group is-nowrap is-layout-flex wp-container-core-group-is-layout-6c531013 wp-block-group-is-layout-flex\">\n<figure class=\"wp-block-image size-large is-resized\"><img data-recalc-dims=\"1\" decoding=\"async\" width=\"800\" height=\"360\" src=\"https:\/\/i0.wp.com\/cepas.ufc.br\/wp-content\/uploads\/2025\/04\/Foto-de-Rafaell-Estebann3-1.jpg?resize=800%2C360&#038;ssl=1\" alt=\"\" class=\"wp-image-1590\" style=\"width:768px;height:auto\" srcset=\"https:\/\/i0.wp.com\/cepas.ufc.br\/wp-content\/uploads\/2025\/04\/Foto-de-Rafaell-Estebann3-1.jpg?resize=1024%2C461&amp;ssl=1 1024w, https:\/\/i0.wp.com\/cepas.ufc.br\/wp-content\/uploads\/2025\/04\/Foto-de-Rafaell-Estebann3-1.jpg?resize=300%2C135&amp;ssl=1 300w, https:\/\/i0.wp.com\/cepas.ufc.br\/wp-content\/uploads\/2025\/04\/Foto-de-Rafaell-Estebann3-1.jpg?resize=768%2C346&amp;ssl=1 768w, https:\/\/i0.wp.com\/cepas.ufc.br\/wp-content\/uploads\/2025\/04\/Foto-de-Rafaell-Estebann3-1.jpg?w=1280&amp;ssl=1 1280w\" sizes=\"(max-width: 800px) 100vw, 800px\" \/><\/figure>\n<\/div>\n\n\n\n<p class=\"\"><br>Por l\u00e1, o Centro Estrat\u00e9gico de Excel\u00eancia em Pol\u00edticas de \u00c1guas e Secas da UFC (<a href=\"https:\/\/www.instagram.com\/cepasufc\/\">@cepasufc<\/a>), representado pelos professores Ticiana Studart e William Barcellos, apresentou o in\u00edcio das atividades do Planejamento Proativo de Secas em Cidades \ud83c\udf35.<br><br>Essa iniciativa, em parceria com a <a href=\"https:\/\/www.instagram.com\/oficialcagece\/\">@oficialcagece<\/a>, est\u00e1 inserida no contexto de pol\u00edticas p\u00fablicas que visam tra\u00e7ar estrat\u00e9gias de preven\u00e7\u00e3o \u00e0s secas extremas \ud83c\udfdc\ufe0f, no \u00e2mbito urbano.<\/p>\n\n\n\n<figure class=\"wp-block-image size-large\"><img data-recalc-dims=\"1\" decoding=\"async\" width=\"800\" height=\"451\" src=\"https:\/\/i0.wp.com\/cepas.ufc.br\/wp-content\/uploads\/2025\/04\/Foto-de-Rafaell-Estebann1-1024x577.jpg?resize=800%2C451&#038;ssl=1\" alt=\"\" class=\"wp-image-1591\" srcset=\"https:\/\/i0.wp.com\/cepas.ufc.br\/wp-content\/uploads\/2025\/04\/Foto-de-Rafaell-Estebann1-scaled.jpg?resize=1024%2C577&amp;ssl=1 1024w, https:\/\/i0.wp.com\/cepas.ufc.br\/wp-content\/uploads\/2025\/04\/Foto-de-Rafaell-Estebann1-scaled.jpg?resize=300%2C169&amp;ssl=1 300w, https:\/\/i0.wp.com\/cepas.ufc.br\/wp-content\/uploads\/2025\/04\/Foto-de-Rafaell-Estebann1-scaled.jpg?resize=768%2C432&amp;ssl=1 768w, https:\/\/i0.wp.com\/cepas.ufc.br\/wp-content\/uploads\/2025\/04\/Foto-de-Rafaell-Estebann1-scaled.jpg?resize=1536%2C865&amp;ssl=1 1536w, https:\/\/i0.wp.com\/cepas.ufc.br\/wp-content\/uploads\/2025\/04\/Foto-de-Rafaell-Estebann1-scaled.jpg?w=1600&amp;ssl=1 1600w, https:\/\/i0.wp.com\/cepas.ufc.br\/wp-content\/uploads\/2025\/04\/Foto-de-Rafaell-Estebann1-scaled.jpg?w=2400&amp;ssl=1 2400w\" sizes=\"(max-width: 800px) 100vw, 800px\" \/><\/figure>\n\n\n\n<p class=\"\"><br>A Holanda \ud83c\uddf3\ud83c\uddf1 tem tradi\u00e7\u00e3o de lideran\u00e7a em solu\u00e7\u00f5es tecnol\u00f3gicas para o setor de saneamento. Essa trajet\u00f3ria deu origem a centros de refer\u00eancia internacional, como o Water Campus na cidade de Leeuwarden, que, em parceria com o Consulado da Holanda no Brasil, foi um dos coordenadores desta miss\u00e3o na qual participou a UFC.<br><br>Houve visitas \u00e0 feira Aquatech Amsterdam 2025, ao Water Campus em Leeuwarden, institui\u00e7\u00e3o que conecta empresas, universidades e governos para impulsionar solu\u00e7\u00f5es sustent\u00e1veis para a gest\u00e3o h\u00eddrica, al\u00e9m de idas a plantas de tratamento de \u00e1gua e esgoto e a empresas do ramo.<\/p>\n\n\n\n<figure class=\"wp-block-image size-large\"><img data-recalc-dims=\"1\" loading=\"lazy\" decoding=\"async\" width=\"800\" height=\"600\" src=\"https:\/\/i0.wp.com\/cepas.ufc.br\/wp-content\/uploads\/2025\/04\/foto.jpg?resize=800%2C600&#038;ssl=1\" alt=\"\" class=\"wp-image-1595\" srcset=\"https:\/\/i0.wp.com\/cepas.ufc.br\/wp-content\/uploads\/2025\/04\/foto.jpg?resize=1024%2C768&amp;ssl=1 1024w, https:\/\/i0.wp.com\/cepas.ufc.br\/wp-content\/uploads\/2025\/04\/foto.jpg?resize=300%2C225&amp;ssl=1 300w, https:\/\/i0.wp.com\/cepas.ufc.br\/wp-content\/uploads\/2025\/04\/foto.jpg?resize=768%2C576&amp;ssl=1 768w, https:\/\/i0.wp.com\/cepas.ufc.br\/wp-content\/uploads\/2025\/04\/foto.jpg?w=1280&amp;ssl=1 1280w\" sizes=\"(max-width: 800px) 100vw, 800px\" \/><\/figure>\n\n\n\n<p class=\"\"><\/p>\n\n\n\n<p class=\"\">Originalmente em: <a href=\"https:\/\/www.instagram.com\/p\/DH--VLfOsN7\/?igsh=MWVnb3Uxa3oybTduYQ%3D%3D\">https:\/\/www.instagram.com\/p\/DH&#8211;VLfOsN7\/?igsh=MWVnb3Uxa3oybTduYQ%3D%3D<\/a><\/p>\n\n\n\n<p class=\"\"><\/p>","protected":false},"excerpt":{"rendered":"<p>A miss\u00e3o ocorreu h\u00e1 um tempinho, de 10 a 14 de mar\u00e7o, mas quando a UFC tem agenda internacional e de sustentabilidade, o registro #OrgulhoUFC \u00e9 certo! \ud83c\udf0d \ud83d\udca6 A &#8220;WaterTech Mission Brazil&#8221; reuniu as principais institui\u00e7\u00f5es e empresas brasileiras de saneamento para aprimorar o conhecimento sobre as melhores pr\u00e1ticas e tecnologias holandesas no campo da gest\u00e3o, tratamento, distribui\u00e7\u00e3o e coleta de \u00e1gua e esgoto. \ud83d\udeb0 Por l\u00e1, o Centro Estrat\u00e9gico de Excel\u00eancia em Pol\u00edticas de \u00c1guas e Secas da UFC (@cepasufc), representado pelos professores Ticiana Studart e William Barcellos, apresentou o in\u00edcio das atividades do Planejamento Proativo de Secas em Cidades \ud83c\udf35. Essa iniciativa, em parceria com a @oficialcagece, est\u00e1 inserida no contexto de pol\u00edticas p\u00fablicas que visam tra\u00e7ar estrat\u00e9gias de preven\u00e7\u00e3o \u00e0s secas extremas \ud83c\udfdc\ufe0f, no \u00e2mbito urbano. A Holanda \ud83c\uddf3\ud83c\uddf1 tem tradi\u00e7\u00e3o de lideran\u00e7a em solu\u00e7\u00f5es tecnol\u00f3gicas para o setor de saneamento. Essa trajet\u00f3ria deu origem a centros de refer\u00eancia internacional, como o Water Campus na cidade de Leeuwarden, que, em parceria com o Consulado da Holanda no Brasil, foi um dos coordenadores desta miss\u00e3o na qual participou a UFC. Houve visitas \u00e0 feira Aquatech Amsterdam 2025, ao Water Campus em Leeuwarden, institui\u00e7\u00e3o que conecta empresas, universidades e governos para impulsionar solu\u00e7\u00f5es sustent\u00e1veis para a gest\u00e3o h\u00eddrica, al\u00e9m de idas a plantas de tratamento de \u00e1gua e esgoto e a empresas do ramo. Originalmente em: https:\/\/www.instagram.com\/p\/DH&#8211;VLfOsN7\/?igsh=MWVnb3Uxa3oybTduYQ%3D%3D<\/p>","protected":false},"author":1,"featured_media":1593,"comment_status":"open","ping_status":"open","sticky":false,"template":"","format":"standard","meta":{"nf_dc_page":"","_jetpack_memberships_contains_paid_content":false,"footnotes":""},"categories":[32,10],"tags":[],"class_list":["post-1587","post","type-post","status-publish","format-standard","has-post-thumbnail","hentry","category-cientista-chefe-recursos-hidricos","category-noticias"],"jetpack_featured_media_url":"https:\/\/i0.wp.com\/cepas.ufc.br\/wp-content\/uploads\/2025\/04\/Foto-de-Rafaell-Estebann-1-scaled.jpg?fit=2560%2C1441&ssl=1","jetpack_sharing_enabled":true,"_links":{"self":[{"href":"https:\/\/cepas.ufc.br\/en\/wp-json\/wp\/v2\/posts\/1587","targetHints":{"allow":["GET"]}}],"collection":[{"href":"https:\/\/cepas.ufc.br\/en\/wp-json\/wp\/v2\/posts"}],"about":[{"href":"https:\/\/cepas.ufc.br\/en\/wp-json\/wp\/v2\/types\/post"}],"author":[{"embeddable":true,"href":"https:\/\/cepas.ufc.br\/en\/wp-json\/wp\/v2\/users\/1"}],"replies":[{"embeddable":true,"href":"https:\/\/cepas.ufc.br\/en\/wp-json\/wp\/v2\/comments?post=1587"}],"version-history":[{"count":2,"href":"https:\/\/cepas.ufc.br\/en\/wp-json\/wp\/v2\/posts\/1587\/revisions"}],"predecessor-version":[{"id":1596,"href":"https:\/\/cepas.ufc.br\/en\/wp-json\/wp\/v2\/posts\/1587\/revisions\/1596"}],"wp:featuredmedia":[{"embeddable":true,"href":"https:\/\/cepas.ufc.br\/en\/wp-json\/wp\/v2\/media\/1593"}],"wp:attachment":[{"href":"https:\/\/cepas.ufc.br\/en\/wp-json\/wp\/v2\/media?parent=1587"}],"wp:term":[{"taxonomy":"category","embeddable":true,"href":"https:\/\/cepas.ufc.br\/en\/wp-json\/wp\/v2\/categories?post=1587"},{"taxonomy":"post_tag","embeddable":true,"href":"https:\/\/cepas.ufc.br\/en\/wp-json\/wp\/v2\/tags?post=1587"}],"curies":[{"name":"wp","href":"https:\/\/api.w.org\/{rel}","templated":true}]}}