{"id":1723,"date":"2025-04-28T17:03:09","date_gmt":"2025-04-28T17:03:09","guid":{"rendered":"https:\/\/cepas.ufc.br\/?p=1723"},"modified":"2025-04-28T18:32:24","modified_gmt":"2025-04-28T18:32:24","slug":"programa-cientista-chefe-recursos-hidricos-apresenta-resultados-iniciais-do-plano-de-adaptacao-as-mudancas-climaticas","status":"publish","type":"post","link":"https:\/\/cepas.ufc.br\/en\/programa-cientista-chefe-recursos-hidricos-apresenta-resultados-iniciais-do-plano-de-adaptacao-as-mudancas-climaticas\/","title":{"rendered":"PROGRAMA CIENTISTA CHEFE: RECURSOS H\u00cdDRICOS APRESENTA RESULTADOS INICIAIS DO PLANO DE ADAPTA\u00c7\u00c3O \u00c0S MUDAN\u00c7AS CLIM\u00c1TICAS"},"content":{"rendered":"<p class=\"has-text-align-center\"><strong>Em fase prim\u00e1ria, a pesquisa j\u00e1 gerou dados significativos e busca orientar a gest\u00e3o h\u00eddrica no estado do Cear\u00e1<\/strong><br><\/p>\n\n\n\n<figure class=\"wp-block-image aligncenter size-large\"><img data-recalc-dims=\"1\" fetchpriority=\"high\" decoding=\"async\" width=\"768\" height=\"1024\" src=\"https:\/\/i0.wp.com\/cepas.ufc.br\/wp-content\/uploads\/2025\/04\/IMG_9426-1.jpg?resize=768%2C1024&#038;ssl=1\" alt=\"\" class=\"wp-image-1725\" srcset=\"https:\/\/i0.wp.com\/cepas.ufc.br\/wp-content\/uploads\/2025\/04\/IMG_9426-1-scaled.jpg?resize=768%2C1024&amp;ssl=1 768w, https:\/\/i0.wp.com\/cepas.ufc.br\/wp-content\/uploads\/2025\/04\/IMG_9426-1-scaled.jpg?resize=225%2C300&amp;ssl=1 225w, https:\/\/i0.wp.com\/cepas.ufc.br\/wp-content\/uploads\/2025\/04\/IMG_9426-1-scaled.jpg?resize=1152%2C1536&amp;ssl=1 1152w, https:\/\/i0.wp.com\/cepas.ufc.br\/wp-content\/uploads\/2025\/04\/IMG_9426-1-scaled.jpg?resize=1536%2C2048&amp;ssl=1 1536w, https:\/\/i0.wp.com\/cepas.ufc.br\/wp-content\/uploads\/2025\/04\/IMG_9426-1-scaled.jpg?w=1920&amp;ssl=1 1920w, https:\/\/i0.wp.com\/cepas.ufc.br\/wp-content\/uploads\/2025\/04\/IMG_9426-1-scaled.jpg?w=1600&amp;ssl=1 1600w\" sizes=\"(max-width: 768px) 100vw, 768px\" \/><\/figure>\n\n\n\n<p class=\"\">Na \u00faltima quarta-feira (23), o Programa Cientista Chefe: Recursos H\u00eddricos apresentou um novo projeto de sustentabilidade h\u00eddrica, com apoio do Centro Estrat\u00e9gico de Excel\u00eancia em Pol\u00edticas de \u00c1guas e Secas (CEPAS). A reuni\u00e3o ocorreu no campus do Pici da Universidade Federal do Cear\u00e1 e reuniu representantes das principais institui\u00e7\u00f5es atuantes em pol\u00edticas h\u00eddricas no estado cearense. Mediante um ciclo de apresenta\u00e7\u00f5es, o momento foi marcado por discuss\u00f5es e troca de conhecimentos acerca da tem\u00e1tica de relev\u00e2ncia global.<\/p>\n\n\n\n<p class=\"\">Intitulado como \u201cPlano de Adapta\u00e7\u00e3o \u00e0s Mudan\u00e7as Clim\u00e1ticas do Cear\u00e1 \u2013 Recursos H\u00eddricos\u201d, a pesquisa agrupa nesta etapa profissionais de Engenharia, Ci\u00eancias Biol\u00f3gicas, F\u00edsica e Hidrologia. \u00c9 uma iniciativa desenvolvida no \u00e2mbito do Programa Cientista Chefe: Recursos H\u00eddricos da Funda\u00e7\u00e3o Cearense de Apoio ao Desenvolvimento Cient\u00edfico e Tecnol\u00f3gico (FUNCAP), em parceria com o Centro Estrat\u00e9gico de Excel\u00eancia em Pol\u00edticas de \u00c1guas e Secas (CEPAS) da Universidade Federal do Cear\u00e1 (UFC), a Funda\u00e7\u00e3o Cearense de Meteorologia e Recursos H\u00eddricos (FUNCEME) e a Companhia de Gest\u00e3o dos Recursos H\u00eddricos (COGERH).&nbsp;<\/p>\n\n\n\n<p class=\"\">Na ocasi\u00e3o, sua primeira etapa \u2013 Resultados Iniciais \u2013 foi exposta, favorecendo a discuss\u00e3o sobre as poss\u00edveis melhorias e os passos futuros do plano. O projeto visa enfrentar os desafios na gest\u00e3o de recursos h\u00eddricos, diante do cen\u00e1rio de incerteza clim\u00e1tica futura. Voltada para o estado do Cear\u00e1, a metodologia do plano inclui estrat\u00e9gias adaptativas para amenizar os impactos sofridos pelas mudan\u00e7as clim\u00e1ticas.&nbsp;<\/p>\n\n\n\n<figure class=\"wp-block-image aligncenter size-large\"><img data-recalc-dims=\"1\" decoding=\"async\" width=\"768\" height=\"1024\" src=\"https:\/\/i0.wp.com\/cepas.ufc.br\/wp-content\/uploads\/2025\/04\/IMG_9490.jpg?resize=768%2C1024&#038;ssl=1\" alt=\"\" class=\"wp-image-1726\" srcset=\"https:\/\/i0.wp.com\/cepas.ufc.br\/wp-content\/uploads\/2025\/04\/IMG_9490-scaled.jpg?resize=768%2C1024&amp;ssl=1 768w, https:\/\/i0.wp.com\/cepas.ufc.br\/wp-content\/uploads\/2025\/04\/IMG_9490-scaled.jpg?resize=225%2C300&amp;ssl=1 225w, https:\/\/i0.wp.com\/cepas.ufc.br\/wp-content\/uploads\/2025\/04\/IMG_9490-scaled.jpg?resize=1152%2C1536&amp;ssl=1 1152w, https:\/\/i0.wp.com\/cepas.ufc.br\/wp-content\/uploads\/2025\/04\/IMG_9490-scaled.jpg?resize=1536%2C2048&amp;ssl=1 1536w, https:\/\/i0.wp.com\/cepas.ufc.br\/wp-content\/uploads\/2025\/04\/IMG_9490-scaled.jpg?w=1920&amp;ssl=1 1920w, https:\/\/i0.wp.com\/cepas.ufc.br\/wp-content\/uploads\/2025\/04\/IMG_9490-scaled.jpg?w=1600&amp;ssl=1 1600w\" sizes=\"(max-width: 768px) 100vw, 768px\" \/><\/figure>\n\n\n\n<h2 class=\"wp-block-heading\"><strong>METODOLOGIA COM BASE DE DADOS<\/strong><\/h2>\n\n\n\n<p class=\"\">Identificar desafios clim\u00e1ticos, avaliar impacto regional, desenvolver e implementar estrat\u00e9gias de adapta\u00e7\u00e3o, monitorar e avaliar. Esse \u00e9 o panorama geral do plano que re\u00fane orienta\u00e7\u00f5es de como prosseguir na gest\u00e3o dos recursos h\u00eddricos, frente \u00e0 incerteza das mudan\u00e7as clim\u00e1ticas globais.&nbsp;<\/p>\n\n\n\n<figure class=\"wp-block-image aligncenter size-large\"><img data-recalc-dims=\"1\" decoding=\"async\" width=\"768\" height=\"1024\" src=\"https:\/\/i0.wp.com\/cepas.ufc.br\/wp-content\/uploads\/2025\/04\/IMG_9477-1.jpg?resize=768%2C1024&#038;ssl=1\" alt=\"\" class=\"wp-image-1727\" srcset=\"https:\/\/i0.wp.com\/cepas.ufc.br\/wp-content\/uploads\/2025\/04\/IMG_9477-1-scaled.jpg?resize=768%2C1024&amp;ssl=1 768w, https:\/\/i0.wp.com\/cepas.ufc.br\/wp-content\/uploads\/2025\/04\/IMG_9477-1-scaled.jpg?resize=225%2C300&amp;ssl=1 225w, https:\/\/i0.wp.com\/cepas.ufc.br\/wp-content\/uploads\/2025\/04\/IMG_9477-1-scaled.jpg?resize=1152%2C1536&amp;ssl=1 1152w, https:\/\/i0.wp.com\/cepas.ufc.br\/wp-content\/uploads\/2025\/04\/IMG_9477-1-scaled.jpg?resize=1536%2C2048&amp;ssl=1 1536w, https:\/\/i0.wp.com\/cepas.ufc.br\/wp-content\/uploads\/2025\/04\/IMG_9477-1-scaled.jpg?w=1920&amp;ssl=1 1920w, https:\/\/i0.wp.com\/cepas.ufc.br\/wp-content\/uploads\/2025\/04\/IMG_9477-1-scaled.jpg?w=1600&amp;ssl=1 1600w\" sizes=\"(max-width: 768px) 100vw, 768px\" \/><\/figure>\n\n\n\n<p class=\"\">Uma das etapas prim\u00e1rias do Plano de Adapta\u00e7\u00e3o \u00e0s Mudan\u00e7as Clim\u00e1ticas do Cear\u00e1 foi a identifica\u00e7\u00e3o de tem\u00e1ticas relevantes abordadas em documentos nacionais e internacionais. A exist\u00eancia e an\u00e1lise de planos setoriais \u2013 ou seja, com enfoque nos recursos h\u00eddricos \u2013 \u00e9 essencial para o desenvolvimento de novos planos. Ressalta-se que \u00e9 preciso compreend\u00ea-los dentro de um contexto maior, lembrando que se trata de uma problem\u00e1tica global.<\/p>\n\n\n\n<p class=\"\">Foram encontrados 82 documentos de adapta\u00e7\u00e3o pelo mundo para apoio \u00e0 pesquisa, al\u00e9m de 9 documentos de adapta\u00e7\u00e3o voltados especificamente para recursos h\u00eddricos. Dentre as palavras-chaves encontradas est\u00e3o: mudan\u00e7as clim\u00e1ticas, adapta\u00e7\u00e3o nacional e plano de adapta\u00e7\u00e3o.<\/p>\n\n\n\n<h2 class=\"wp-block-heading\"><strong>A F\u00cdSICA DAS MUDAN\u00c7AS CLIM\u00c1TICAS: ESTUDOS E PREVIS\u00d5ES<\/strong><\/h2>\n\n\n\n<p class=\"\">As mudan\u00e7as clim\u00e1ticas globais s\u00e3o impulsionadas principalmente pelas emiss\u00f5es de gases de efeito estufa. Estes est\u00e3o provocando altera\u00e7\u00f5es significativas nos padr\u00f5es de temperatura em diversas regi\u00f5es do mundo \u2013 incluindo o estado do Cear\u00e1. O aquecimento global j\u00e1 apresenta sinais claros de acelera\u00e7\u00e3o, com aumento de eventos extremos como secas prolongadas e chuvas intensas em curtos per\u00edodos.&nbsp;<\/p>\n\n\n\n<p class=\"\">O professor Alexandre Ara\u00fajo Costa (UECE) dirigiu os estudos de F\u00edsica desses fen\u00f4menos no contexto do Plano de Adapta\u00e7\u00e3o \u00e0s Mudan\u00e7as Clim\u00e1ticas. Foi identificado o desequil\u00edbrio no balan\u00e7o de energia do planeta, por conta dos mecanismos de retroalimenta\u00e7\u00e3o que amplificam o aquecimento. Alguns exemplos disso s\u00e3o a maior reten\u00e7\u00e3o de vapor d&#8217;\u00e1gua na atmosfera e a redu\u00e7\u00e3o das \u00e1reas cobertas por gelo.&nbsp;<\/p>\n\n\n\n<p class=\"\">No Cear\u00e1, o semi\u00e1rido imp\u00f5e desafios hist\u00f3ricos \u00e0 gest\u00e3o da \u00e1gua. As proje\u00e7\u00f5es clim\u00e1ticas indicam a possibilidade de per\u00edodos secos mais prolongados e de maior variabilidade nas chuvas. A pesquisa indica que a intensifica\u00e7\u00e3o do ciclo hidrol\u00f3gico global pode resultar em maior concentra\u00e7\u00e3o das precipita\u00e7\u00f5es em eventos extremos.&nbsp;<\/p>\n\n\n\n<p class=\"\">A vulnerabilidade da regi\u00e3o \u00e9 agravada pelas limita\u00e7\u00f5es naturais dos seus recursos h\u00eddricos e pela crescente press\u00e3o das mudan\u00e7as clim\u00e1ticas.<\/p>\n\n\n\n<h2 class=\"wp-block-heading\"><strong>O BIOMA CAATINGA E O RECEIO COM O FUTURO<\/strong><\/h2>\n\n\n\n<p class=\"\">A reuni\u00e3o abordou diferentes \u00e1reas do conhecimento em que o Plano de Adapta\u00e7\u00e3o se insere. Consequentemente, os impactos negativos s\u00e3o previstos e interpretados pela pesquisa em cada dom\u00ednio. Um dos principais destaques que pode sofrer intensamente com as mudan\u00e7as clim\u00e1ticas \u00e9 tamb\u00e9m o bioma de exclusividade brasileira: a Caatinga.<\/p>\n\n\n\n<p class=\"\">A apresenta\u00e7\u00e3o seguiu alertando sobre a mudan\u00e7a do cen\u00e1rio vegetativo com o avan\u00e7ar das mudan\u00e7as clim\u00e1ticas. A varia\u00e7\u00e3o de temperatura de maneira progressiva \u00e9 natural, mas o que se enfrenta atualmente s\u00e3o avan\u00e7os mais r\u00e1pidos. A biota (conjunto dos seres vivos) foi seguindo essa varia\u00e7\u00e3o clim\u00e1tica e hoje o que se vivencia s\u00e3o eventos extremos: dias com temperaturas entre 35\u00ba e 40\u00baC \u2013 um salto maior do que a m\u00e9dia hist\u00f3rica.<\/p>\n\n\n\n<figure class=\"wp-block-image aligncenter size-large\"><img data-recalc-dims=\"1\" loading=\"lazy\" decoding=\"async\" width=\"768\" height=\"1024\" src=\"https:\/\/i0.wp.com\/cepas.ufc.br\/wp-content\/uploads\/2025\/04\/IMG_9508.jpg?resize=768%2C1024&#038;ssl=1\" alt=\"\" class=\"wp-image-1728\" srcset=\"https:\/\/i0.wp.com\/cepas.ufc.br\/wp-content\/uploads\/2025\/04\/IMG_9508-scaled.jpg?resize=768%2C1024&amp;ssl=1 768w, https:\/\/i0.wp.com\/cepas.ufc.br\/wp-content\/uploads\/2025\/04\/IMG_9508-scaled.jpg?resize=225%2C300&amp;ssl=1 225w, https:\/\/i0.wp.com\/cepas.ufc.br\/wp-content\/uploads\/2025\/04\/IMG_9508-scaled.jpg?resize=1152%2C1536&amp;ssl=1 1152w, https:\/\/i0.wp.com\/cepas.ufc.br\/wp-content\/uploads\/2025\/04\/IMG_9508-scaled.jpg?resize=1536%2C2048&amp;ssl=1 1536w, https:\/\/i0.wp.com\/cepas.ufc.br\/wp-content\/uploads\/2025\/04\/IMG_9508-scaled.jpg?w=1920&amp;ssl=1 1920w, https:\/\/i0.wp.com\/cepas.ufc.br\/wp-content\/uploads\/2025\/04\/IMG_9508-scaled.jpg?w=1600&amp;ssl=1 1600w\" sizes=\"(max-width: 768px) 100vw, 768px\" \/><\/figure>\n\n\n\n<h2 class=\"wp-block-heading\"><strong>RESILI\u00caNCIA H\u00cdDRICA E PROPOSI\u00c7\u00c3O PARA O FUTURO<\/strong><\/h2>\n\n\n\n<p class=\"\">O Plano de Adapta\u00e7\u00e3o \u00e0s Mudan\u00e7as Clim\u00e1ticas do Cear\u00e1 \u2013 Recursos H\u00eddricos promete ser um avan\u00e7o na pol\u00edtica futura de gest\u00e3o das \u00e1guas. O professor Assis Filho, Cientista Chefe de Recursos H\u00eddricos da UFC, mostra-se confiante com o trabalho j\u00e1 feito e com o que ainda se pretende fazer. \u201cHoje temos condi\u00e7\u00f5es de ter diretrizes para isso, de incorporar o que n\u00e3o est\u00e1 no plano\u201d, declara.<\/p>\n\n\n\n<p class=\"\">A professora Carla Beatriz, coordenadora do projeto, explica que o plano \u00e9 desenvolvido por uma equipe multidisciplinar. A primeira fase foi constru\u00edda \u201cpor m\u00faltiplos conhecedores, diferentes saberes\u201d. Ela adiciona que foram apresentadas as estimativas de vaz\u00f5es dos reservat\u00f3rios, considerando diversos modelos de mudan\u00e7as clim\u00e1ticas para os pr\u00f3ximos anos.&nbsp;<\/p>\n\n\n\n<figure class=\"wp-block-image aligncenter size-large\"><img data-recalc-dims=\"1\" loading=\"lazy\" decoding=\"async\" width=\"768\" height=\"1024\" src=\"https:\/\/i0.wp.com\/cepas.ufc.br\/wp-content\/uploads\/2025\/04\/IMG_9452.jpg?resize=768%2C1024&#038;ssl=1\" alt=\"\" class=\"wp-image-1729\" srcset=\"https:\/\/i0.wp.com\/cepas.ufc.br\/wp-content\/uploads\/2025\/04\/IMG_9452-scaled.jpg?resize=768%2C1024&amp;ssl=1 768w, https:\/\/i0.wp.com\/cepas.ufc.br\/wp-content\/uploads\/2025\/04\/IMG_9452-scaled.jpg?resize=225%2C300&amp;ssl=1 225w, https:\/\/i0.wp.com\/cepas.ufc.br\/wp-content\/uploads\/2025\/04\/IMG_9452-scaled.jpg?resize=1152%2C1536&amp;ssl=1 1152w, https:\/\/i0.wp.com\/cepas.ufc.br\/wp-content\/uploads\/2025\/04\/IMG_9452-scaled.jpg?resize=1536%2C2048&amp;ssl=1 1536w, https:\/\/i0.wp.com\/cepas.ufc.br\/wp-content\/uploads\/2025\/04\/IMG_9452-scaled.jpg?w=1920&amp;ssl=1 1920w, https:\/\/i0.wp.com\/cepas.ufc.br\/wp-content\/uploads\/2025\/04\/IMG_9452-scaled.jpg?w=1600&amp;ssl=1 1600w\" sizes=\"(max-width: 768px) 100vw, 768px\" \/><\/figure>\n\n\n\n<p class=\"\">Sobre o futuro da iniciativa sustent\u00e1vel, a doutora em Engenharia Civil (Recursos H\u00eddricos) expressa a inten\u00e7\u00e3o do projeto. \u201cA ideia \u00e9 munir o Estado para garantir a resili\u00eancia h\u00eddrica para os pr\u00f3ximos anos, considerando os desafios clim\u00e1ticos. Essa \u00e9 a ideia do plano\u201d, conclui. Nas pr\u00f3ximas etapas, ser\u00e3o trabalhadas an\u00e1lises de risco, de vulnerabilidade e proposi\u00e7\u00e3o das a\u00e7\u00f5es de adapta\u00e7\u00e3o.<br><\/p>\n\n\n\n<figure class=\"wp-block-image aligncenter size-large\"><img data-recalc-dims=\"1\" loading=\"lazy\" decoding=\"async\" width=\"768\" height=\"1024\" src=\"https:\/\/i0.wp.com\/cepas.ufc.br\/wp-content\/uploads\/2025\/04\/IMG_9523.jpg?resize=768%2C1024&#038;ssl=1\" alt=\"\" class=\"wp-image-1730\" srcset=\"https:\/\/i0.wp.com\/cepas.ufc.br\/wp-content\/uploads\/2025\/04\/IMG_9523-scaled.jpg?resize=768%2C1024&amp;ssl=1 768w, https:\/\/i0.wp.com\/cepas.ufc.br\/wp-content\/uploads\/2025\/04\/IMG_9523-scaled.jpg?resize=225%2C300&amp;ssl=1 225w, https:\/\/i0.wp.com\/cepas.ufc.br\/wp-content\/uploads\/2025\/04\/IMG_9523-scaled.jpg?resize=1152%2C1536&amp;ssl=1 1152w, https:\/\/i0.wp.com\/cepas.ufc.br\/wp-content\/uploads\/2025\/04\/IMG_9523-scaled.jpg?resize=1536%2C2048&amp;ssl=1 1536w, https:\/\/i0.wp.com\/cepas.ufc.br\/wp-content\/uploads\/2025\/04\/IMG_9523-scaled.jpg?w=1920&amp;ssl=1 1920w, https:\/\/i0.wp.com\/cepas.ufc.br\/wp-content\/uploads\/2025\/04\/IMG_9523-scaled.jpg?w=1600&amp;ssl=1 1600w\" sizes=\"(max-width: 768px) 100vw, 768px\" \/><\/figure>\n\n\n\n<p class=\"\"><\/p>","protected":false},"excerpt":{"rendered":"<p>Em fase prim\u00e1ria, a pesquisa j\u00e1 gerou dados significativos e busca orientar a gest\u00e3o h\u00eddrica no estado do Cear\u00e1 Na \u00faltima quarta-feira (23), o Programa Cientista Chefe: Recursos H\u00eddricos apresentou um novo projeto de sustentabilidade h\u00eddrica, com apoio do Centro Estrat\u00e9gico de Excel\u00eancia em Pol\u00edticas de \u00c1guas e Secas (CEPAS). A reuni\u00e3o ocorreu no campus do Pici da Universidade Federal do Cear\u00e1 e reuniu representantes das principais institui\u00e7\u00f5es atuantes em pol\u00edticas h\u00eddricas no estado cearense. Mediante um ciclo de apresenta\u00e7\u00f5es, o momento foi marcado por discuss\u00f5es e troca de conhecimentos acerca da tem\u00e1tica de relev\u00e2ncia global. Intitulado como \u201cPlano de Adapta\u00e7\u00e3o \u00e0s Mudan\u00e7as Clim\u00e1ticas do Cear\u00e1 \u2013 Recursos H\u00eddricos\u201d, a pesquisa agrupa nesta etapa profissionais de Engenharia, Ci\u00eancias Biol\u00f3gicas, F\u00edsica e Hidrologia. \u00c9 uma iniciativa desenvolvida no \u00e2mbito do Programa Cientista Chefe: Recursos H\u00eddricos da Funda\u00e7\u00e3o Cearense de Apoio ao Desenvolvimento Cient\u00edfico e Tecnol\u00f3gico (FUNCAP), em parceria com o Centro Estrat\u00e9gico de Excel\u00eancia em Pol\u00edticas de \u00c1guas e Secas (CEPAS) da Universidade Federal do Cear\u00e1 (UFC), a Funda\u00e7\u00e3o Cearense de Meteorologia e Recursos H\u00eddricos (FUNCEME) e a Companhia de Gest\u00e3o dos Recursos H\u00eddricos (COGERH).&nbsp; Na ocasi\u00e3o, sua primeira etapa \u2013 Resultados Iniciais \u2013 foi exposta, favorecendo a discuss\u00e3o sobre as poss\u00edveis melhorias e os passos futuros do plano. O projeto visa enfrentar os desafios na gest\u00e3o de recursos h\u00eddricos, diante do cen\u00e1rio de incerteza clim\u00e1tica futura. Voltada para o estado do Cear\u00e1, a metodologia do plano inclui estrat\u00e9gias adaptativas para amenizar os impactos sofridos pelas mudan\u00e7as clim\u00e1ticas.&nbsp; METODOLOGIA COM BASE DE DADOS Identificar desafios clim\u00e1ticos, avaliar impacto regional, desenvolver e implementar estrat\u00e9gias de adapta\u00e7\u00e3o, monitorar e avaliar. Esse \u00e9 o panorama geral do plano que re\u00fane orienta\u00e7\u00f5es de como prosseguir na gest\u00e3o dos recursos h\u00eddricos, frente \u00e0 incerteza das mudan\u00e7as clim\u00e1ticas globais.&nbsp; Uma das etapas prim\u00e1rias do Plano de Adapta\u00e7\u00e3o \u00e0s Mudan\u00e7as Clim\u00e1ticas do Cear\u00e1 foi a identifica\u00e7\u00e3o de tem\u00e1ticas relevantes abordadas em documentos nacionais e internacionais. A exist\u00eancia e an\u00e1lise de planos setoriais \u2013 ou seja, com enfoque nos recursos h\u00eddricos \u2013 \u00e9 essencial para o desenvolvimento de novos planos. Ressalta-se que \u00e9 preciso compreend\u00ea-los dentro de um contexto maior, lembrando que se trata de uma problem\u00e1tica global. Foram encontrados 82 documentos de adapta\u00e7\u00e3o pelo mundo para apoio \u00e0 pesquisa, al\u00e9m de 9 documentos de adapta\u00e7\u00e3o voltados especificamente para recursos h\u00eddricos. Dentre as palavras-chaves encontradas est\u00e3o: mudan\u00e7as clim\u00e1ticas, adapta\u00e7\u00e3o nacional e plano de adapta\u00e7\u00e3o. A F\u00cdSICA DAS MUDAN\u00c7AS CLIM\u00c1TICAS: ESTUDOS E PREVIS\u00d5ES As mudan\u00e7as clim\u00e1ticas globais s\u00e3o impulsionadas principalmente pelas emiss\u00f5es de gases de efeito estufa. Estes est\u00e3o provocando altera\u00e7\u00f5es significativas nos padr\u00f5es de temperatura em diversas regi\u00f5es do mundo \u2013 incluindo o estado do Cear\u00e1. O aquecimento global j\u00e1 apresenta sinais claros de acelera\u00e7\u00e3o, com aumento de eventos extremos como secas prolongadas e chuvas intensas em curtos per\u00edodos.&nbsp; O professor Alexandre Ara\u00fajo Costa (UECE) dirigiu os estudos de F\u00edsica desses fen\u00f4menos no contexto do Plano de Adapta\u00e7\u00e3o \u00e0s Mudan\u00e7as Clim\u00e1ticas. Foi identificado o desequil\u00edbrio no balan\u00e7o de energia do planeta, por conta dos mecanismos de retroalimenta\u00e7\u00e3o que amplificam o aquecimento. Alguns exemplos disso s\u00e3o a maior reten\u00e7\u00e3o de vapor d&#8217;\u00e1gua na atmosfera e a redu\u00e7\u00e3o das \u00e1reas cobertas por gelo.&nbsp; No Cear\u00e1, o semi\u00e1rido imp\u00f5e desafios hist\u00f3ricos \u00e0 gest\u00e3o da \u00e1gua. As proje\u00e7\u00f5es clim\u00e1ticas indicam a possibilidade de per\u00edodos secos mais prolongados e de maior variabilidade nas chuvas. A pesquisa indica que a intensifica\u00e7\u00e3o do ciclo hidrol\u00f3gico global pode resultar em maior concentra\u00e7\u00e3o das precipita\u00e7\u00f5es em eventos extremos.&nbsp; A vulnerabilidade da regi\u00e3o \u00e9 agravada pelas limita\u00e7\u00f5es naturais dos seus recursos h\u00eddricos e pela crescente press\u00e3o das mudan\u00e7as clim\u00e1ticas. O BIOMA CAATINGA E O RECEIO COM O FUTURO A reuni\u00e3o abordou diferentes \u00e1reas do conhecimento em que o Plano de Adapta\u00e7\u00e3o se insere. Consequentemente, os impactos negativos s\u00e3o previstos e interpretados pela pesquisa em cada dom\u00ednio. Um dos principais destaques que pode sofrer intensamente com as mudan\u00e7as clim\u00e1ticas \u00e9 tamb\u00e9m o bioma de exclusividade brasileira: a Caatinga. A apresenta\u00e7\u00e3o seguiu alertando sobre a mudan\u00e7a do cen\u00e1rio vegetativo com o avan\u00e7ar das mudan\u00e7as clim\u00e1ticas. A varia\u00e7\u00e3o de temperatura de maneira progressiva \u00e9 natural, mas o que se enfrenta atualmente s\u00e3o avan\u00e7os mais r\u00e1pidos. A biota (conjunto dos seres vivos) foi seguindo essa varia\u00e7\u00e3o clim\u00e1tica e hoje o que se vivencia s\u00e3o eventos extremos: dias com temperaturas entre 35\u00ba e 40\u00baC \u2013 um salto maior do que a m\u00e9dia hist\u00f3rica. RESILI\u00caNCIA H\u00cdDRICA E PROPOSI\u00c7\u00c3O PARA O FUTURO O Plano de Adapta\u00e7\u00e3o \u00e0s Mudan\u00e7as Clim\u00e1ticas do Cear\u00e1 \u2013 Recursos H\u00eddricos promete ser um avan\u00e7o na pol\u00edtica futura de gest\u00e3o das \u00e1guas. O professor Assis Filho, Cientista Chefe de Recursos H\u00eddricos da UFC, mostra-se confiante com o trabalho j\u00e1 feito e com o que ainda se pretende fazer. \u201cHoje temos condi\u00e7\u00f5es de ter diretrizes para isso, de incorporar o que n\u00e3o est\u00e1 no plano\u201d, declara. A professora Carla Beatriz, coordenadora do projeto, explica que o plano \u00e9 desenvolvido por uma equipe multidisciplinar. A primeira fase foi constru\u00edda \u201cpor m\u00faltiplos conhecedores, diferentes saberes\u201d. Ela adiciona que foram apresentadas as estimativas de vaz\u00f5es dos reservat\u00f3rios, considerando diversos modelos de mudan\u00e7as clim\u00e1ticas para os pr\u00f3ximos anos.&nbsp; Sobre o futuro da iniciativa sustent\u00e1vel, a doutora em Engenharia Civil (Recursos H\u00eddricos) expressa a inten\u00e7\u00e3o do projeto. \u201cA ideia \u00e9 munir o Estado para garantir a resili\u00eancia h\u00eddrica para os pr\u00f3ximos anos, considerando os desafios clim\u00e1ticos. Essa \u00e9 a ideia do plano\u201d, conclui. Nas pr\u00f3ximas etapas, ser\u00e3o trabalhadas an\u00e1lises de risco, de vulnerabilidade e proposi\u00e7\u00e3o das a\u00e7\u00f5es de adapta\u00e7\u00e3o.<\/p>","protected":false},"author":1,"featured_media":1733,"comment_status":"open","ping_status":"open","sticky":false,"template":"","format":"standard","meta":{"nf_dc_page":"","_jetpack_memberships_contains_paid_content":false,"footnotes":""},"categories":[32,10],"tags":[],"class_list":["post-1723","post","type-post","status-publish","format-standard","has-post-thumbnail","hentry","category-cientista-chefe-recursos-hidricos","category-noticias"],"jetpack_featured_media_url":"https:\/\/i0.wp.com\/cepas.ufc.br\/wp-content\/uploads\/2025\/04\/Imagem-capa.png?fit=800%2C486&ssl=1","jetpack_sharing_enabled":true,"_links":{"self":[{"href":"https:\/\/cepas.ufc.br\/en\/wp-json\/wp\/v2\/posts\/1723","targetHints":{"allow":["GET"]}}],"collection":[{"href":"https:\/\/cepas.ufc.br\/en\/wp-json\/wp\/v2\/posts"}],"about":[{"href":"https:\/\/cepas.ufc.br\/en\/wp-json\/wp\/v2\/types\/post"}],"author":[{"embeddable":true,"href":"https:\/\/cepas.ufc.br\/en\/wp-json\/wp\/v2\/users\/1"}],"replies":[{"embeddable":true,"href":"https:\/\/cepas.ufc.br\/en\/wp-json\/wp\/v2\/comments?post=1723"}],"version-history":[{"count":2,"href":"https:\/\/cepas.ufc.br\/en\/wp-json\/wp\/v2\/posts\/1723\/revisions"}],"predecessor-version":[{"id":1732,"href":"https:\/\/cepas.ufc.br\/en\/wp-json\/wp\/v2\/posts\/1723\/revisions\/1732"}],"wp:featuredmedia":[{"embeddable":true,"href":"https:\/\/cepas.ufc.br\/en\/wp-json\/wp\/v2\/media\/1733"}],"wp:attachment":[{"href":"https:\/\/cepas.ufc.br\/en\/wp-json\/wp\/v2\/media?parent=1723"}],"wp:term":[{"taxonomy":"category","embeddable":true,"href":"https:\/\/cepas.ufc.br\/en\/wp-json\/wp\/v2\/categories?post=1723"},{"taxonomy":"post_tag","embeddable":true,"href":"https:\/\/cepas.ufc.br\/en\/wp-json\/wp\/v2\/tags?post=1723"}],"curies":[{"name":"wp","href":"https:\/\/api.w.org\/{rel}","templated":true}]}}