{"id":1763,"date":"2025-05-09T13:30:00","date_gmt":"2025-05-09T13:30:00","guid":{"rendered":"https:\/\/cepas.ufc.br\/?p=1763"},"modified":"2025-05-12T13:31:12","modified_gmt":"2025-05-12T13:31:12","slug":"livro-sobre-economia-politica-das-aguas-no-ceara-alocacao-conflitos-e-participacao-social-e-lancado-com-debate-sobre-o-processo-de-alocacao-negociada-de-agua","status":"publish","type":"post","link":"https:\/\/cepas.ufc.br\/en\/livro-sobre-economia-politica-das-aguas-no-ceara-alocacao-conflitos-e-participacao-social-e-lancado-com-debate-sobre-o-processo-de-alocacao-negociada-de-agua\/","title":{"rendered":"Livro sobre Economia Pol\u00edtica das \u00c1guas no Cear\u00e1;\u00a0 aloca\u00e7\u00e3o, conflitos e participa\u00e7\u00e3o social \u00e9 lan\u00e7ado com debate sobre o processo de aloca\u00e7\u00e3o negociada de \u00e1gua"},"content":{"rendered":"<p class=\"has-text-align-center\"><strong>A obra \u00e9 fruto de uma experi\u00eancia coletiva de pesquisadores e t\u00e9cnicos\u00a0 das searas de conhecimento da engenharia\u00a0 e ci\u00eancias sociais\u00a0<\/strong><br><\/p>\n\n\n\n<figure class=\"wp-block-image aligncenter size-full\"><img data-recalc-dims=\"1\" fetchpriority=\"high\" decoding=\"async\" width=\"800\" height=\"1067\" src=\"https:\/\/i0.wp.com\/cepas.ufc.br\/wp-content\/uploads\/2025\/05\/IMG_0113-1-scaled.jpg?resize=800%2C1067&#038;ssl=1\" alt=\"\" class=\"wp-image-1765\" srcset=\"https:\/\/i0.wp.com\/cepas.ufc.br\/wp-content\/uploads\/2025\/05\/IMG_0113-1-scaled.jpg?w=1920&amp;ssl=1 1920w, https:\/\/i0.wp.com\/cepas.ufc.br\/wp-content\/uploads\/2025\/05\/IMG_0113-1-scaled.jpg?resize=225%2C300&amp;ssl=1 225w, https:\/\/i0.wp.com\/cepas.ufc.br\/wp-content\/uploads\/2025\/05\/IMG_0113-1-scaled.jpg?resize=768%2C1024&amp;ssl=1 768w, https:\/\/i0.wp.com\/cepas.ufc.br\/wp-content\/uploads\/2025\/05\/IMG_0113-1-scaled.jpg?resize=1152%2C1536&amp;ssl=1 1152w, https:\/\/i0.wp.com\/cepas.ufc.br\/wp-content\/uploads\/2025\/05\/IMG_0113-1-scaled.jpg?resize=1536%2C2048&amp;ssl=1 1536w, https:\/\/i0.wp.com\/cepas.ufc.br\/wp-content\/uploads\/2025\/05\/IMG_0113-1-scaled.jpg?resize=9%2C12&amp;ssl=1 9w, https:\/\/i0.wp.com\/cepas.ufc.br\/wp-content\/uploads\/2025\/05\/IMG_0113-1-scaled.jpg?w=1600&amp;ssl=1 1600w\" sizes=\"(max-width: 800px) 100vw, 800px\" \/><\/figure>\n\n\n\n<p class=\"\">No \u00faltimo dia 06 de maio, ocorreu o lan\u00e7amento do livro \u201cEconomia Pol\u00edtica das \u00c1guas no Cear\u00e1: aloca\u00e7\u00e3o, conflitos, participa\u00e7\u00e3o\u201d, no audit\u00f3rio da Reitoria da Universidade Federal do Cear\u00e1. A obra \u00e9 resultado do projeto ALOCAR: Gerenciamento de risco, aloca\u00e7\u00e3o e opera\u00e7\u00e3o do sistema de recursos h\u00eddricos, uma iniciativa desenvolvida no \u00e2mbito do Programa Cientista Chefe: Recursos H\u00eddricos, com financiamento da Funda\u00e7\u00e3o Cearense de Apoio ao Desenvolvimento Cient\u00edfico e Tecnol\u00f3gico (FUNCAP) e parceria da Companhia de Gest\u00e3o de Recursos H\u00eddricos (COGERH).<\/p>\n\n\n\n<p class=\"\">A publica\u00e7\u00e3o da obra tamb\u00e9m integra uma iniciativa do Col\u00e9gio de Estudos Avan\u00e7ados (CEA-UFC), voltado \u00e0 produ\u00e7\u00e3o de conhecimento transdisciplinar, e do Centro Estrat\u00e9gico de Excel\u00eancia em Pol\u00edticas de \u00c1guas e Secas (CEPAS-UFC). Este \u00faltimo \u00e9 refer\u00eancia em inova\u00e7\u00e3o e sustentabilidade h\u00eddrica e gerencia diferentes projetos para servirem de base \u00e0 gest\u00e3o p\u00fablica dos recursos h\u00eddricos no Estado.&nbsp;<\/p>\n\n\n\n<p class=\"\">Com uma abordagem multidisciplinar e interdisciplinar, o livro re\u00fane contribui\u00e7\u00f5es de autores das \u00e1reas de engenharia (hidrologia) e ci\u00eancias sociais (sociologia, ci\u00eancia pol\u00edtica e antropologia). O objetivo \u00e9 refletir sobre os desafios e os caminhos para uma gest\u00e3o mais equitativa da \u00e1gua no semi\u00e1rido cearense. O lan\u00e7amento contou com a presen\u00e7a dos organizadores da obra, autores, pesquisadores e p\u00fablico interessado no tema.&nbsp;<\/p>\n\n\n\n<figure class=\"wp-block-image aligncenter size-large\"><img data-recalc-dims=\"1\" decoding=\"async\" width=\"768\" height=\"1024\" src=\"https:\/\/i0.wp.com\/cepas.ufc.br\/wp-content\/uploads\/2025\/05\/IMG_0086.jpg?resize=768%2C1024&#038;ssl=1\" alt=\"\" class=\"wp-image-1766\" srcset=\"https:\/\/i0.wp.com\/cepas.ufc.br\/wp-content\/uploads\/2025\/05\/IMG_0086-scaled.jpg?resize=768%2C1024&amp;ssl=1 768w, https:\/\/i0.wp.com\/cepas.ufc.br\/wp-content\/uploads\/2025\/05\/IMG_0086-scaled.jpg?resize=225%2C300&amp;ssl=1 225w, https:\/\/i0.wp.com\/cepas.ufc.br\/wp-content\/uploads\/2025\/05\/IMG_0086-scaled.jpg?resize=1152%2C1536&amp;ssl=1 1152w, https:\/\/i0.wp.com\/cepas.ufc.br\/wp-content\/uploads\/2025\/05\/IMG_0086-scaled.jpg?resize=1536%2C2048&amp;ssl=1 1536w, https:\/\/i0.wp.com\/cepas.ufc.br\/wp-content\/uploads\/2025\/05\/IMG_0086-scaled.jpg?resize=9%2C12&amp;ssl=1 9w, https:\/\/i0.wp.com\/cepas.ufc.br\/wp-content\/uploads\/2025\/05\/IMG_0086-scaled.jpg?w=1920&amp;ssl=1 1920w, https:\/\/i0.wp.com\/cepas.ufc.br\/wp-content\/uploads\/2025\/05\/IMG_0086-scaled.jpg?w=1600&amp;ssl=1 1600w\" sizes=\"(max-width: 768px) 100vw, 768px\" \/><\/figure>\n\n\n\n<p class=\"\">O professor Assis Filho, Cientista Chefe de Recursos H\u00eddricos do Cear\u00e1 e um dos pesquisadores envolvidos, esclarece sobre a aglutina\u00e7\u00e3o dos diferentes saberes na obra: \u201cAs quest\u00f5es sociais mais relevantes n\u00e3o s\u00e3o quest\u00f5es setoriais, n\u00e3o s\u00e3o quest\u00f5es de uma \u00fanica disciplina; elas precisam de uma abordagem transdisciplinar.\u201d Sobre o produto final, o especialista pontua que \u201cfoi produzido um conhecimento pr\u00e1tico, que influencia uma pol\u00edtica \u00fanica de extrema relev\u00e2ncia no Cear\u00e1, que \u00e9 a pol\u00edtica de \u00e1guas.\u201d<\/p>\n\n\n\n<p class=\"\">O professor Jawdat Abu-El-Haj, pesquisador de pol\u00edticas p\u00fablicas, aborda sobre seu interesse e desenvolvimento na pesquisa. \u201cEu queria entender, de fato, como nasceu o modelo do Cear\u00e1 e como ele se diferenciou do modelo nacional. Ent\u00e3o, o meu trabalho, basicamente, analisa a evolu\u00e7\u00e3o hist\u00f3rica, os principais atores pol\u00edticos e gerenciais que estruturaram o modelo do Cear\u00e1, que \u00e9 um modelo peculiar no cen\u00e1rio pol\u00edtico e institucional brasileiro\u201d.<\/p>\n\n\n\n<p class=\"\">Para o professor C\u00e9sar Barreira, \u201ca \u00e1gua \u00e9 um bem precios\u00edssimo e super importante para o Estado do Cear\u00e1\u201d. Ele destacou a ameniza\u00e7\u00e3o das consequ\u00eancias da seca mediante os trabalhos produzidos em fun\u00e7\u00e3o da pol\u00edtica de recursos h\u00eddricos. \u201cNesse problema, a pol\u00edtica de recursos h\u00eddricos j\u00e1 deu um novo formato a esse impacto. Ent\u00e3o, \u00e9 interessante, porque esse livro abre essas possibilidades para n\u00f3s.\u201d<\/p>\n\n\n\n<p class=\"\">Como parte da divulga\u00e7\u00e3o, o CEA lan\u00e7ou o primeiro epis\u00f3dio do podcast PodCEA, com entrevistas exclusivas com os organizadores e autores do livro (confira em: <a href=\"https:\/\/www.youtube.com\/watch?v=YjcEBKirW_c\">https:\/\/www.youtube.com\/watch?v=YjcEBKirW_c<\/a>). A professora Irlys Barreira fala sobre o processo de alinhamento das ideias, que partem de duas searas do conhecimento no mesmo contexto. \u201cLidou com a diferencia\u00e7\u00e3o, lidou com o material humano, lidou com a ideia de op\u00e7\u00e3o, voc\u00ea tem a no\u00e7\u00e3o de conflito, cultura e valores. Ent\u00e3o o objeto \u00e9 simultaneamente h\u00eddrico e sociol\u00f3gico\u201d.<\/p>\n\n\n\n<p class=\"\">A pesquisadora Sandra Aquino destacou que o trabalho de campo sobre a execu\u00e7\u00e3o da pesquisa tamb\u00e9m foi realizado no per\u00edodo da pandemia da COVID-19 (2020-2023), o que afetou as atividades de campo. Demandando adapta\u00e7\u00e3o de diferentes t\u00e9cnicas e formatos, as atividades puderam se reinventar para dar continuidade ao projeto. \u201cA \u00e1gua dilui fronteiras entre saberes e este livro \u00e9 resultado dessa conex\u00e3o. Ao final, conseguimos organizar o livro a partir das reflex\u00f5es que diferentes profissionais fizeram no \u00e2mbito do projeto ALOCAR, que permanece, que continua.\u201d<\/p>\n\n\n\n<p class=\"\">A obra estar\u00e1 dispon\u00edvel em formato digital nos sites das institui\u00e7\u00f5es envolvidas.<\/p>","protected":false},"excerpt":{"rendered":"<p>A obra \u00e9 fruto de uma experi\u00eancia coletiva de pesquisadores e t\u00e9cnicos\u00a0 das searas de conhecimento da engenharia\u00a0 e ci\u00eancias sociais\u00a0 No \u00faltimo dia 06 de maio, ocorreu o lan\u00e7amento do livro \u201cEconomia Pol\u00edtica das \u00c1guas no Cear\u00e1: aloca\u00e7\u00e3o, conflitos, participa\u00e7\u00e3o\u201d, no audit\u00f3rio da Reitoria da Universidade Federal do Cear\u00e1. A obra \u00e9 resultado do projeto ALOCAR: Gerenciamento de risco, aloca\u00e7\u00e3o e opera\u00e7\u00e3o do sistema de recursos h\u00eddricos, uma iniciativa desenvolvida no \u00e2mbito do Programa Cientista Chefe: Recursos H\u00eddricos, com financiamento da Funda\u00e7\u00e3o Cearense de Apoio ao Desenvolvimento Cient\u00edfico e Tecnol\u00f3gico (FUNCAP) e parceria da Companhia de Gest\u00e3o de Recursos H\u00eddricos (COGERH). A publica\u00e7\u00e3o da obra tamb\u00e9m integra uma iniciativa do Col\u00e9gio de Estudos Avan\u00e7ados (CEA-UFC), voltado \u00e0 produ\u00e7\u00e3o de conhecimento transdisciplinar, e do Centro Estrat\u00e9gico de Excel\u00eancia em Pol\u00edticas de \u00c1guas e Secas (CEPAS-UFC). Este \u00faltimo \u00e9 refer\u00eancia em inova\u00e7\u00e3o e sustentabilidade h\u00eddrica e gerencia diferentes projetos para servirem de base \u00e0 gest\u00e3o p\u00fablica dos recursos h\u00eddricos no Estado.&nbsp; Com uma abordagem multidisciplinar e interdisciplinar, o livro re\u00fane contribui\u00e7\u00f5es de autores das \u00e1reas de engenharia (hidrologia) e ci\u00eancias sociais (sociologia, ci\u00eancia pol\u00edtica e antropologia). O objetivo \u00e9 refletir sobre os desafios e os caminhos para uma gest\u00e3o mais equitativa da \u00e1gua no semi\u00e1rido cearense. O lan\u00e7amento contou com a presen\u00e7a dos organizadores da obra, autores, pesquisadores e p\u00fablico interessado no tema.&nbsp; O professor Assis Filho, Cientista Chefe de Recursos H\u00eddricos do Cear\u00e1 e um dos pesquisadores envolvidos, esclarece sobre a aglutina\u00e7\u00e3o dos diferentes saberes na obra: \u201cAs quest\u00f5es sociais mais relevantes n\u00e3o s\u00e3o quest\u00f5es setoriais, n\u00e3o s\u00e3o quest\u00f5es de uma \u00fanica disciplina; elas precisam de uma abordagem transdisciplinar.\u201d Sobre o produto final, o especialista pontua que \u201cfoi produzido um conhecimento pr\u00e1tico, que influencia uma pol\u00edtica \u00fanica de extrema relev\u00e2ncia no Cear\u00e1, que \u00e9 a pol\u00edtica de \u00e1guas.\u201d O professor Jawdat Abu-El-Haj, pesquisador de pol\u00edticas p\u00fablicas, aborda sobre seu interesse e desenvolvimento na pesquisa. \u201cEu queria entender, de fato, como nasceu o modelo do Cear\u00e1 e como ele se diferenciou do modelo nacional. Ent\u00e3o, o meu trabalho, basicamente, analisa a evolu\u00e7\u00e3o hist\u00f3rica, os principais atores pol\u00edticos e gerenciais que estruturaram o modelo do Cear\u00e1, que \u00e9 um modelo peculiar no cen\u00e1rio pol\u00edtico e institucional brasileiro\u201d. Para o professor C\u00e9sar Barreira, \u201ca \u00e1gua \u00e9 um bem precios\u00edssimo e super importante para o Estado do Cear\u00e1\u201d. Ele destacou a ameniza\u00e7\u00e3o das consequ\u00eancias da seca mediante os trabalhos produzidos em fun\u00e7\u00e3o da pol\u00edtica de recursos h\u00eddricos. \u201cNesse problema, a pol\u00edtica de recursos h\u00eddricos j\u00e1 deu um novo formato a esse impacto. Ent\u00e3o, \u00e9 interessante, porque esse livro abre essas possibilidades para n\u00f3s.\u201d Como parte da divulga\u00e7\u00e3o, o CEA lan\u00e7ou o primeiro epis\u00f3dio do podcast PodCEA, com entrevistas exclusivas com os organizadores e autores do livro (confira em: https:\/\/www.youtube.com\/watch?v=YjcEBKirW_c). A professora Irlys Barreira fala sobre o processo de alinhamento das ideias, que partem de duas searas do conhecimento no mesmo contexto. \u201cLidou com a diferencia\u00e7\u00e3o, lidou com o material humano, lidou com a ideia de op\u00e7\u00e3o, voc\u00ea tem a no\u00e7\u00e3o de conflito, cultura e valores. Ent\u00e3o o objeto \u00e9 simultaneamente h\u00eddrico e sociol\u00f3gico\u201d. A pesquisadora Sandra Aquino destacou que o trabalho de campo sobre a execu\u00e7\u00e3o da pesquisa tamb\u00e9m foi realizado no per\u00edodo da pandemia da COVID-19 (2020-2023), o que afetou as atividades de campo. Demandando adapta\u00e7\u00e3o de diferentes t\u00e9cnicas e formatos, as atividades puderam se reinventar para dar continuidade ao projeto. \u201cA \u00e1gua dilui fronteiras entre saberes e este livro \u00e9 resultado dessa conex\u00e3o. Ao final, conseguimos organizar o livro a partir das reflex\u00f5es que diferentes profissionais fizeram no \u00e2mbito do projeto ALOCAR, que permanece, que continua.\u201d A obra estar\u00e1 dispon\u00edvel em formato digital nos sites das institui\u00e7\u00f5es envolvidas.<\/p>","protected":false},"author":1,"featured_media":1767,"comment_status":"open","ping_status":"open","sticky":false,"template":"","format":"standard","meta":{"nf_dc_page":"","_jetpack_memberships_contains_paid_content":false,"footnotes":""},"categories":[32,10],"tags":[],"class_list":["post-1763","post","type-post","status-publish","format-standard","has-post-thumbnail","hentry","category-cientista-chefe-recursos-hidricos","category-noticias"],"jetpack_featured_media_url":"https:\/\/i0.wp.com\/cepas.ufc.br\/wp-content\/uploads\/2025\/05\/Frame-28.png?fit=800%2C486&ssl=1","jetpack_sharing_enabled":true,"_links":{"self":[{"href":"https:\/\/cepas.ufc.br\/en\/wp-json\/wp\/v2\/posts\/1763","targetHints":{"allow":["GET"]}}],"collection":[{"href":"https:\/\/cepas.ufc.br\/en\/wp-json\/wp\/v2\/posts"}],"about":[{"href":"https:\/\/cepas.ufc.br\/en\/wp-json\/wp\/v2\/types\/post"}],"author":[{"embeddable":true,"href":"https:\/\/cepas.ufc.br\/en\/wp-json\/wp\/v2\/users\/1"}],"replies":[{"embeddable":true,"href":"https:\/\/cepas.ufc.br\/en\/wp-json\/wp\/v2\/comments?post=1763"}],"version-history":[{"count":1,"href":"https:\/\/cepas.ufc.br\/en\/wp-json\/wp\/v2\/posts\/1763\/revisions"}],"predecessor-version":[{"id":1768,"href":"https:\/\/cepas.ufc.br\/en\/wp-json\/wp\/v2\/posts\/1763\/revisions\/1768"}],"wp:featuredmedia":[{"embeddable":true,"href":"https:\/\/cepas.ufc.br\/en\/wp-json\/wp\/v2\/media\/1767"}],"wp:attachment":[{"href":"https:\/\/cepas.ufc.br\/en\/wp-json\/wp\/v2\/media?parent=1763"}],"wp:term":[{"taxonomy":"category","embeddable":true,"href":"https:\/\/cepas.ufc.br\/en\/wp-json\/wp\/v2\/categories?post=1763"},{"taxonomy":"post_tag","embeddable":true,"href":"https:\/\/cepas.ufc.br\/en\/wp-json\/wp\/v2\/tags?post=1763"}],"curies":[{"name":"wp","href":"https:\/\/api.w.org\/{rel}","templated":true}]}}