{"id":1783,"date":"2025-05-22T08:29:00","date_gmt":"2025-05-22T08:29:00","guid":{"rendered":"https:\/\/cepas.ufc.br\/?p=1783"},"modified":"2025-05-27T22:55:12","modified_gmt":"2025-05-27T22:55:12","slug":"voce-sabia-a-universidade-estadual-vale-do-acarau-uva-faz-parte-do-programa-cientista-chefe","status":"publish","type":"post","link":"https:\/\/cepas.ufc.br\/en\/voce-sabia-a-universidade-estadual-vale-do-acarau-uva-faz-parte-do-programa-cientista-chefe\/","title":{"rendered":"Voc\u00ea sabia? A Universidade Estadual Vale do Acara\u00fa \u2013 UVA faz parte do Programa Cientista Chefe"},"content":{"rendered":"<p class=\"\"><\/p>\n\n\n\n<figure class=\"wp-block-image aligncenter size-full is-resized\"><img data-recalc-dims=\"1\" fetchpriority=\"high\" decoding=\"async\" width=\"600\" height=\"338\" src=\"https:\/\/i0.wp.com\/cepas.ufc.br\/wp-content\/uploads\/2025\/05\/Programa-Cientista-Chefe-capa-600x338-1.jpg?resize=600%2C338&#038;ssl=1\" alt=\"\" class=\"wp-image-1784\" style=\"width:782px;height:auto\" srcset=\"https:\/\/i0.wp.com\/cepas.ufc.br\/wp-content\/uploads\/2025\/05\/Programa-Cientista-Chefe-capa-600x338-1.jpg?w=600&amp;ssl=1 600w, https:\/\/i0.wp.com\/cepas.ufc.br\/wp-content\/uploads\/2025\/05\/Programa-Cientista-Chefe-capa-600x338-1.jpg?resize=300%2C169&amp;ssl=1 300w, https:\/\/i0.wp.com\/cepas.ufc.br\/wp-content\/uploads\/2025\/05\/Programa-Cientista-Chefe-capa-600x338-1.jpg?resize=18%2C10&amp;ssl=1 18w\" sizes=\"(max-width: 600px) 100vw, 600px\" \/><\/figure>\n\n\n\n<p class=\"\">O mesmo \u00e9 uma iniciativa da Funda\u00e7\u00e3o Cearense de Apoio ao Desenvolvimento Cient\u00edfico e Tecnol\u00f3gico (Funcap) que busca aproximar as universidades e a pesquisa cient\u00edfica da gest\u00e3o p\u00fablica no Cear\u00e1. Por meio desse programa, s\u00e3o desenvolvidas estrat\u00e9gias de inova\u00e7\u00e3o voltadas para diversas pol\u00edticas p\u00fablicas, como a de recursos h\u00eddricos.<\/p>\n\n\n\n<p class=\"\">A \u00e1rea de Recursos H\u00eddricos \u00e9 coordenada pelo professor Francisco de Assis de Souza Filho, Diretor do Centro Estrat\u00e9gico de Excel\u00eancia em Pol\u00edtica de \u00c1guas e Secas (CEPAS\/UFC), respons\u00e1vel por um conjunto de projetos, estudos e a\u00e7\u00f5es em andamento, entre os quais os Planos de Gest\u00e3o Proativa de Seca. Esses planos prop\u00f5em uma mudan\u00e7a no modelo reativo tradicional das pol\u00edticas de \u00e1gua diante da seca, antecipando decis\u00f5es e medidas a partir da defini\u00e7\u00e3o de gatilhos e estrat\u00e9gias antes que os efeitos da seca se fa\u00e7am sentir nos territ\u00f3rios.<\/p>\n\n\n\n<p class=\"\">Os planos s\u00e3o elaborados para diferentes escalas e finalidades, abrangendo hidrossistemas, regi\u00f5es hidrogr\u00e1ficas, vales perenizados e \u00e1reas urbanas. No caso dos planos voltados aos hidrossistemas, foi formada uma rede de pesquisadores (as) envolvendo institui\u00e7\u00f5es como UVA, UFCA, UNILAB, IFCE (campi Limoeiro do Norte e Quixad\u00e1) e UFC Crate\u00fas.<\/p>\n\n\n\n<p class=\"\">A coordena\u00e7\u00e3o dessas equipes interdisciplinares est\u00e1 a cargo da professora Daniele Costa da Silva, do curso de Ci\u00eancias Sociais da UVA, que participa da iniciativa desde 2022. Ela lidera o grupo de estudos e pesquisas sobre \u00e1guas, pol\u00edticas e conflitos no Semi\u00e1rido Nordestino (Nascentes). Tamb\u00e9m integra o grupo a Professora Marina Leit\u00e3o Mesquita, do mesmo curso, que coordena a equipe local da UVA nos planos de hidrossistema.<\/p>\n\n\n\n<figure class=\"wp-block-image aligncenter size-full is-resized\"><img data-recalc-dims=\"1\" decoding=\"async\" width=\"600\" height=\"338\" src=\"https:\/\/i0.wp.com\/cepas.ufc.br\/wp-content\/uploads\/2025\/05\/Programa-Cientista-Chefe1-600x338-1.jpg?resize=600%2C338&#038;ssl=1\" alt=\"\" class=\"wp-image-1785\" style=\"width:800px;height:auto\" srcset=\"https:\/\/i0.wp.com\/cepas.ufc.br\/wp-content\/uploads\/2025\/05\/Programa-Cientista-Chefe1-600x338-1.jpg?w=600&amp;ssl=1 600w, https:\/\/i0.wp.com\/cepas.ufc.br\/wp-content\/uploads\/2025\/05\/Programa-Cientista-Chefe1-600x338-1.jpg?resize=300%2C169&amp;ssl=1 300w, https:\/\/i0.wp.com\/cepas.ufc.br\/wp-content\/uploads\/2025\/05\/Programa-Cientista-Chefe1-600x338-1.jpg?resize=18%2C10&amp;ssl=1 18w\" sizes=\"(max-width: 600px) 100vw, 600px\" \/><\/figure>\n\n\n\n<p class=\"\">At\u00e9 o momento, foram elaborados 14 planos para hidrossistemas e outros 7 est\u00e3o em fase de desenvolvimento. A metodologia adotada, concebida pelo Cientista Chefe, \u00e9 baseada na participa\u00e7\u00e3o social e na constru\u00e7\u00e3o colaborativa, com destaque para o envolvimento dos colegiados da pol\u00edtica de recursos h\u00eddricos, como Comiss\u00f5es Gestoras e Comit\u00eas de Bacia, e das institui\u00e7\u00f5es gestoras dessa pol\u00edtica, como Cogerh e Funceme.<\/p>\n\n\n\n<p class=\"\"><strong>Originalmente em:<\/strong> <a href=\"https:\/\/www.uva.ce.gov.br\/2025\/05\/19\/voce-sabia-a-universidade-estadual-vale-do-acarau-uva-faz-parte-do-programa-cientista-chefe\/\">https:\/\/www.uva.ce.gov.br\/2025\/05\/19\/voce-sabia-a-universidade-estadual-vale-do-acarau-uva-faz-parte-do-programa-cientista-chefe\/<\/a><\/p>\n\n\n\n<p class=\"\"><\/p>\n\n\n\n<p class=\"has-text-align-center\"><\/p>\n\n\n\n<p class=\"\"><\/p>","protected":false},"excerpt":{"rendered":"<p>O mesmo \u00e9 uma iniciativa da Funda\u00e7\u00e3o Cearense de Apoio ao Desenvolvimento Cient\u00edfico e Tecnol\u00f3gico (Funcap) que busca aproximar as universidades e a pesquisa cient\u00edfica da gest\u00e3o p\u00fablica no Cear\u00e1. Por meio desse programa, s\u00e3o desenvolvidas estrat\u00e9gias de inova\u00e7\u00e3o voltadas para diversas pol\u00edticas p\u00fablicas, como a de recursos h\u00eddricos. A \u00e1rea de Recursos H\u00eddricos \u00e9 coordenada pelo professor Francisco de Assis de Souza Filho, Diretor do Centro Estrat\u00e9gico de Excel\u00eancia em Pol\u00edtica de \u00c1guas e Secas (CEPAS\/UFC), respons\u00e1vel por um conjunto de projetos, estudos e a\u00e7\u00f5es em andamento, entre os quais os Planos de Gest\u00e3o Proativa de Seca. Esses planos prop\u00f5em uma mudan\u00e7a no modelo reativo tradicional das pol\u00edticas de \u00e1gua diante da seca, antecipando decis\u00f5es e medidas a partir da defini\u00e7\u00e3o de gatilhos e estrat\u00e9gias antes que os efeitos da seca se fa\u00e7am sentir nos territ\u00f3rios. Os planos s\u00e3o elaborados para diferentes escalas e finalidades, abrangendo hidrossistemas, regi\u00f5es hidrogr\u00e1ficas, vales perenizados e \u00e1reas urbanas. No caso dos planos voltados aos hidrossistemas, foi formada uma rede de pesquisadores (as) envolvendo institui\u00e7\u00f5es como UVA, UFCA, UNILAB, IFCE (campi Limoeiro do Norte e Quixad\u00e1) e UFC Crate\u00fas. A coordena\u00e7\u00e3o dessas equipes interdisciplinares est\u00e1 a cargo da professora Daniele Costa da Silva, do curso de Ci\u00eancias Sociais da UVA, que participa da iniciativa desde 2022. Ela lidera o grupo de estudos e pesquisas sobre \u00e1guas, pol\u00edticas e conflitos no Semi\u00e1rido Nordestino (Nascentes). Tamb\u00e9m integra o grupo a Professora Marina Leit\u00e3o Mesquita, do mesmo curso, que coordena a equipe local da UVA nos planos de hidrossistema. At\u00e9 o momento, foram elaborados 14 planos para hidrossistemas e outros 7 est\u00e3o em fase de desenvolvimento. A metodologia adotada, concebida pelo Cientista Chefe, \u00e9 baseada na participa\u00e7\u00e3o social e na constru\u00e7\u00e3o colaborativa, com destaque para o envolvimento dos colegiados da pol\u00edtica de recursos h\u00eddricos, como Comiss\u00f5es Gestoras e Comit\u00eas de Bacia, e das institui\u00e7\u00f5es gestoras dessa pol\u00edtica, como Cogerh e Funceme. Originalmente em: https:\/\/www.uva.ce.gov.br\/2025\/05\/19\/voce-sabia-a-universidade-estadual-vale-do-acarau-uva-faz-parte-do-programa-cientista-chefe\/<\/p>","protected":false},"author":1,"featured_media":1784,"comment_status":"open","ping_status":"open","sticky":false,"template":"","format":"standard","meta":{"nf_dc_page":"","_jetpack_memberships_contains_paid_content":false,"footnotes":""},"categories":[32,10],"tags":[],"class_list":["post-1783","post","type-post","status-publish","format-standard","has-post-thumbnail","hentry","category-cientista-chefe-recursos-hidricos","category-noticias"],"jetpack_featured_media_url":"https:\/\/i0.wp.com\/cepas.ufc.br\/wp-content\/uploads\/2025\/05\/Programa-Cientista-Chefe-capa-600x338-1.jpg?fit=600%2C338&ssl=1","jetpack_sharing_enabled":true,"_links":{"self":[{"href":"https:\/\/cepas.ufc.br\/en\/wp-json\/wp\/v2\/posts\/1783","targetHints":{"allow":["GET"]}}],"collection":[{"href":"https:\/\/cepas.ufc.br\/en\/wp-json\/wp\/v2\/posts"}],"about":[{"href":"https:\/\/cepas.ufc.br\/en\/wp-json\/wp\/v2\/types\/post"}],"author":[{"embeddable":true,"href":"https:\/\/cepas.ufc.br\/en\/wp-json\/wp\/v2\/users\/1"}],"replies":[{"embeddable":true,"href":"https:\/\/cepas.ufc.br\/en\/wp-json\/wp\/v2\/comments?post=1783"}],"version-history":[{"count":2,"href":"https:\/\/cepas.ufc.br\/en\/wp-json\/wp\/v2\/posts\/1783\/revisions"}],"predecessor-version":[{"id":1787,"href":"https:\/\/cepas.ufc.br\/en\/wp-json\/wp\/v2\/posts\/1783\/revisions\/1787"}],"wp:featuredmedia":[{"embeddable":true,"href":"https:\/\/cepas.ufc.br\/en\/wp-json\/wp\/v2\/media\/1784"}],"wp:attachment":[{"href":"https:\/\/cepas.ufc.br\/en\/wp-json\/wp\/v2\/media?parent=1783"}],"wp:term":[{"taxonomy":"category","embeddable":true,"href":"https:\/\/cepas.ufc.br\/en\/wp-json\/wp\/v2\/categories?post=1783"},{"taxonomy":"post_tag","embeddable":true,"href":"https:\/\/cepas.ufc.br\/en\/wp-json\/wp\/v2\/tags?post=1783"}],"curies":[{"name":"wp","href":"https:\/\/api.w.org\/{rel}","templated":true}]}}