{"id":1799,"date":"2025-05-22T00:30:00","date_gmt":"2025-05-22T00:30:00","guid":{"rendered":"https:\/\/cepas.ufc.br\/?p=1799"},"modified":"2025-05-27T22:54:21","modified_gmt":"2025-05-27T22:54:21","slug":"comissoes-gestoras-iniciam-novos-planos-de-gestao-proativa-de-secas-nos-hidrossistemas-castro-e-pesqueiro","status":"publish","type":"post","link":"https:\/\/cepas.ufc.br\/en\/comissoes-gestoras-iniciam-novos-planos-de-gestao-proativa-de-secas-nos-hidrossistemas-castro-e-pesqueiro\/","title":{"rendered":"Comiss\u00f5es Gestoras iniciam novos Planos de Gest\u00e3o Proativa de Secas nos Hidrossistemas Castro e Pesqueiro"},"content":{"rendered":"<figure class=\"wp-block-image aligncenter size-full\"><img data-recalc-dims=\"1\" fetchpriority=\"high\" decoding=\"async\" width=\"800\" height=\"450\" src=\"https:\/\/i0.wp.com\/cepas.ufc.br\/wp-content\/uploads\/2025\/05\/image1.png?resize=800%2C450&#038;ssl=1\" alt=\"\" class=\"wp-image-1801\" srcset=\"https:\/\/i0.wp.com\/cepas.ufc.br\/wp-content\/uploads\/2025\/05\/image1.png?w=941&amp;ssl=1 941w, https:\/\/i0.wp.com\/cepas.ufc.br\/wp-content\/uploads\/2025\/05\/image1.png?resize=300%2C169&amp;ssl=1 300w, https:\/\/i0.wp.com\/cepas.ufc.br\/wp-content\/uploads\/2025\/05\/image1.png?resize=768%2C432&amp;ssl=1 768w, https:\/\/i0.wp.com\/cepas.ufc.br\/wp-content\/uploads\/2025\/05\/image1.png?resize=18%2C10&amp;ssl=1 18w\" sizes=\"(max-width: 800px) 100vw, 800px\" \/><\/figure>\n\n\n\n<p class=\"has-text-align-center\"><em>Reuni\u00e3o da Comiss\u00e3o Gestora do A\u00e7ude Castro, em Itapi\u00fana<\/em><\/p>\n\n\n\n<p class=\"\">As <strong>Comiss\u00f5es Gestoras dos A\u00e7udes Castro e Pesqueiro iniciaram a constru\u00e7\u00e3o dos <\/strong><a href=\"https:\/\/cepas.ufc.br\/en\/planos-de-gestao-proativa-de-secas-hub\/\"><strong>Proactive Drought Management Plans<\/strong><\/a><strong> dos hidrossistemas<\/strong>. Os primeiros encontros foram realizados nos munic\u00edpios de Itapi\u00fana e Capistrano, que integram a Regi\u00e3o Hidrogr\u00e1fica das Bacias Metropolitanas. Os trabalhos tiveram in\u00edcio com reuni\u00f5es nos dias 14 e 15 de maio passado.<br>Os eventos permitiram a apresenta\u00e7\u00e3o da metodologia a ser aplicada e o cronograma das atividades a ser seguido em cada local. Com apoio da equipe t\u00e9cnica da Companhia de Gest\u00e3o dos Recursos H\u00eddricos (Cogerh), as reuni\u00f5es foram conduzidas por Marcelo Cavalcanti, Luiz J\u00fanior e Alexandre Cunha, professores da Universidade da Integra\u00e7\u00e3o Internacional da Lusofonia Afro-Brasileira (Unilab)<strong><em> <\/em><\/strong><strong>e integrantes da Rede Estadual de Pol\u00edtica de \u00c1guas e Secas (REGAS), vinculada ao Centro Estrat\u00e9gico de Excel\u00eancia em Pol\u00edticas de \u00c1guas e Secas da Universidade Federal do Cear\u00e1 (CEPAS\/UFC).<\/strong><\/p>\n\n\n\n<figure class=\"wp-block-image aligncenter size-full\"><img data-recalc-dims=\"1\" decoding=\"async\" width=\"800\" height=\"600\" src=\"https:\/\/i0.wp.com\/cepas.ufc.br\/wp-content\/uploads\/2025\/05\/image3.png?resize=800%2C600&#038;ssl=1\" alt=\"\" class=\"wp-image-1803\" srcset=\"https:\/\/i0.wp.com\/cepas.ufc.br\/wp-content\/uploads\/2025\/05\/image3.png?w=900&amp;ssl=1 900w, https:\/\/i0.wp.com\/cepas.ufc.br\/wp-content\/uploads\/2025\/05\/image3.png?resize=300%2C225&amp;ssl=1 300w, https:\/\/i0.wp.com\/cepas.ufc.br\/wp-content\/uploads\/2025\/05\/image3.png?resize=768%2C576&amp;ssl=1 768w, https:\/\/i0.wp.com\/cepas.ufc.br\/wp-content\/uploads\/2025\/05\/image3.png?resize=16%2C12&amp;ssl=1 16w\" sizes=\"(max-width: 800px) 100vw, 800px\" \/><\/figure>\n\n\n\n<p class=\"has-text-align-center\"><em>Marcelo Cavalcanti conduz reuni\u00e3o da Comiss\u00e3o Gestora do A\u00e7ude Castro, em Itapi\u00fana<\/em><\/p>\n\n\n\n<p class=\"\">As comunidades locais marcaram presen\u00e7a por meio de <strong>depoimentos sobre as mem\u00f3rias da seca e os impactos sofridos no per\u00edodo<\/strong>. Tamb\u00e9m foram aplicados question\u00e1rios ao final, para subsidiar os respectivos diagn\u00f3sticos. O di\u00e1logo buscou identificar os principais desafios enfrentados hoje e quais solu\u00e7\u00f5es pr\u00e1ticas podem ser executadas.<\/p>\n\n\n\n<p class=\"\">Para al\u00e9m do fen\u00f4meno h\u00eddrico, a seca traz consequ\u00eancias socioculturais. A partir de uma sondagem feita com a popula\u00e7\u00e3o, o soci\u00f3logo Marcelo Cavalcanti verificou que <strong>o impacto entre 2012 e 2017 foi intenso no quesito restri\u00e7\u00e3o de \u00e1gua<\/strong>. \u201cHoje em dia, percebe-se que isso \u00e9 uma vulnerabilidade em que algumas pessoas conseguem ter um manejo melhor da \u00e1gua, fazendo uso de recursos individuais, particulares\u201d, diz ele, que \u00e9 pesquisador de pol\u00edticas p\u00fablicas e culturais da Unilab.<\/p>\n\n\n\n<figure class=\"wp-block-image aligncenter size-full is-resized\"><img data-recalc-dims=\"1\" decoding=\"async\" width=\"654\" height=\"365\" src=\"https:\/\/i0.wp.com\/cepas.ufc.br\/wp-content\/uploads\/2025\/05\/image2.png?resize=654%2C365&#038;ssl=1\" alt=\"\" class=\"wp-image-1802\" style=\"width:800px;height:auto\" srcset=\"https:\/\/i0.wp.com\/cepas.ufc.br\/wp-content\/uploads\/2025\/05\/image2.png?w=654&amp;ssl=1 654w, https:\/\/i0.wp.com\/cepas.ufc.br\/wp-content\/uploads\/2025\/05\/image2.png?resize=300%2C167&amp;ssl=1 300w, https:\/\/i0.wp.com\/cepas.ufc.br\/wp-content\/uploads\/2025\/05\/image2.png?resize=18%2C10&amp;ssl=1 18w\" sizes=\"(max-width: 654px) 100vw, 654px\" \/><\/figure>\n\n\n\n<p class=\"has-text-align-center\"><em>Reuni\u00e3o da Comiss\u00e3o Gestora do A\u00e7ude Pesqueiro, em Capistrano<\/em><\/p>\n\n\n\n<p class=\"\">Segundo Cavalcanti, os encontros servem para <strong>levantamento de quest\u00f5es e dados prim\u00e1rios<\/strong>. As pessoas mais antigas relatam suas mem\u00f3rias em per\u00edodos de seca e, assim, a reflex\u00e3o sobre os impactos gerados surge. O professor explica que desde a percep\u00e7\u00e3o da comunidade at\u00e9 os conflitos sociais existentes s\u00e3o levados em considera\u00e7\u00e3o: \u201cNada \u00e9 desperdi\u00e7ado\u201d, conclui.<\/p>\n\n\n\n<p class=\"\">As respostas coletadas ser\u00e3o analisadas e integradas ao processo de constru\u00e7\u00e3o colaborativa dos planos. O objetivo \u00e9 aprimorar as a\u00e7\u00f5es de gest\u00e3o e resposta \u00e0s secas, considerando as especificidades de cada regi\u00e3o e a realidade das comunidades afetadas.<\/p>\n\n\n\n<p class=\"\">A apresenta\u00e7\u00e3o dos diagn\u00f3sticos est\u00e1 prevista para o m\u00eas de junho, al\u00e9m de haver a valida\u00e7\u00e3o e a execu\u00e7\u00e3o da din\u00e2mica \u201c<a href=\"https:\/\/cepas.ufc.br\/en\/seca-em-jogo-recurso-metodologico-inovador-para-gestao-da-secas-ganha-destaque-em-revista-internacional\/\"><strong>Seca em Jogo<\/strong><\/a>\u201d \u2013 um recurso metodol\u00f3gico que simula a gest\u00e3o coletiva de um reservat\u00f3rio de uso comum.<\/p>\n\n\n\n<figure class=\"wp-block-image aligncenter size-full is-resized\"><img data-recalc-dims=\"1\" loading=\"lazy\" decoding=\"async\" width=\"558\" height=\"419\" src=\"https:\/\/i0.wp.com\/cepas.ufc.br\/wp-content\/uploads\/2025\/05\/image4.png?resize=558%2C419&#038;ssl=1\" alt=\"\" class=\"wp-image-1804\" style=\"width:800px;height:auto\" srcset=\"https:\/\/i0.wp.com\/cepas.ufc.br\/wp-content\/uploads\/2025\/05\/image4.png?w=558&amp;ssl=1 558w, https:\/\/i0.wp.com\/cepas.ufc.br\/wp-content\/uploads\/2025\/05\/image4.png?resize=300%2C225&amp;ssl=1 300w, https:\/\/i0.wp.com\/cepas.ufc.br\/wp-content\/uploads\/2025\/05\/image4.png?resize=16%2C12&amp;ssl=1 16w\" sizes=\"(max-width: 558px) 100vw, 558px\" \/><\/figure>\n\n\n\n<p class=\"\"><strong>PLANOS DE SECA<\/strong><\/p>\n\n\n\n<p class=\"\">Os <a href=\"https:\/\/cepas.ufc.br\/en\/planos-de-gestao-proativa-de-secas-hub\/\"><strong>Proactive Drought Management Plans<\/strong><\/a> s\u00e3o uma das a\u00e7\u00f5es do Programa Cientista Chefe: Recursos H\u00eddricos \u2014 uma iniciativa da Funda\u00e7\u00e3o Cearense de Apoio ao Desenvolvimento Cient\u00edfico e Tecnol\u00f3gico (Funcap), em parceria com a Secretaria dos Recursos H\u00eddricos do Cear\u00e1 (SRH). A realiza\u00e7\u00e3o do projeto \u00e9 mediada por coopera\u00e7\u00e3o t\u00e9cnico-cient\u00edfica entre a Cogerh \u2014 vinculada \u00e0 SRH \u2014 e a UFC, com participa\u00e7\u00e3o da Funceme.&nbsp;<\/p>\n\n\n\n<p class=\"\">Al\u00e9m dos planos dos hidrossistemas Castro e Pesqueiro, est\u00e3o em elabora\u00e7\u00e3o os planos dos hidrossistemas Bengu\u00ea (Regi\u00e3o Hidrogr\u00e1fica do Alto Jaguaribe), Pedras Brancas (Regi\u00e3o Hidrogr\u00e1fica do Banabui\u00fa), Forquilha (Regi\u00e3o Hidrogr\u00e1fica do Acara\u00fa), Cachoeira (Regi\u00e3o Hidrogr\u00e1fica do Salgado) e Santo Ant\u00f4nio de Russas (Regi\u00e3o Hidrogr\u00e1fica do Baixo Jaguaribe).<\/p>\n\n\n\n<p class=\"\"><strong>Fontes:<\/strong><\/p>\n\n\n\n<p class=\"\"><a href=\"http:\/\/www.cbhrmf.com.br\/noticias\/iniciada-construcao-do-plano-de-secas-do-acude-castro-em-itapiuna\/\">http:\/\/www.cbhrmf.com.br\/noticias\/iniciada-construcao-do-plano-de-secas-do-acude-castro-em-itapiuna\/<\/a>&nbsp;<\/p>\n\n\n\n<p class=\"\"><a href=\"http:\/\/www.cbhrmf.com.br\/noticias\/comissao-gestora-do-acude-pesqueiro-inicia-discussoes-para-a-elaboracao-do-plano-de-secas-da-regiao\/\">http:\/\/www.cbhrmf.com.br\/noticias\/comissao-gestora-do-acude-pesqueiro-inicia-discussoes-para-a-elaboracao-do-plano-de-secas-da-regiao\/<\/a><\/p>","protected":false},"excerpt":{"rendered":"<p>Reuni\u00e3o da Comiss\u00e3o Gestora do A\u00e7ude Castro, em Itapi\u00fana As Comiss\u00f5es Gestoras dos A\u00e7udes Castro e Pesqueiro iniciaram a constru\u00e7\u00e3o dos Planos de Gest\u00e3o Proativa de Secas dos hidrossistemas. Os primeiros encontros foram realizados nos munic\u00edpios de Itapi\u00fana e Capistrano, que integram a Regi\u00e3o Hidrogr\u00e1fica das Bacias Metropolitanas. Os trabalhos tiveram in\u00edcio com reuni\u00f5es nos dias 14 e 15 de maio passado.Os eventos permitiram a apresenta\u00e7\u00e3o da metodologia a ser aplicada e o cronograma das atividades a ser seguido em cada local. Com apoio da equipe t\u00e9cnica da Companhia de Gest\u00e3o dos Recursos H\u00eddricos (Cogerh), as reuni\u00f5es foram conduzidas por Marcelo Cavalcanti, Luiz J\u00fanior e Alexandre Cunha, professores da Universidade da Integra\u00e7\u00e3o Internacional da Lusofonia Afro-Brasileira (Unilab) e integrantes da Rede Estadual de Pol\u00edtica de \u00c1guas e Secas (REGAS), vinculada ao Centro Estrat\u00e9gico de Excel\u00eancia em Pol\u00edticas de \u00c1guas e Secas da Universidade Federal do Cear\u00e1 (CEPAS\/UFC). Marcelo Cavalcanti conduz reuni\u00e3o da Comiss\u00e3o Gestora do A\u00e7ude Castro, em Itapi\u00fana As comunidades locais marcaram presen\u00e7a por meio de depoimentos sobre as mem\u00f3rias da seca e os impactos sofridos no per\u00edodo. Tamb\u00e9m foram aplicados question\u00e1rios ao final, para subsidiar os respectivos diagn\u00f3sticos. O di\u00e1logo buscou identificar os principais desafios enfrentados hoje e quais solu\u00e7\u00f5es pr\u00e1ticas podem ser executadas. Para al\u00e9m do fen\u00f4meno h\u00eddrico, a seca traz consequ\u00eancias socioculturais. A partir de uma sondagem feita com a popula\u00e7\u00e3o, o soci\u00f3logo Marcelo Cavalcanti verificou que o impacto entre 2012 e 2017 foi intenso no quesito restri\u00e7\u00e3o de \u00e1gua. \u201cHoje em dia, percebe-se que isso \u00e9 uma vulnerabilidade em que algumas pessoas conseguem ter um manejo melhor da \u00e1gua, fazendo uso de recursos individuais, particulares\u201d, diz ele, que \u00e9 pesquisador de pol\u00edticas p\u00fablicas e culturais da Unilab. Reuni\u00e3o da Comiss\u00e3o Gestora do A\u00e7ude Pesqueiro, em Capistrano Segundo Cavalcanti, os encontros servem para levantamento de quest\u00f5es e dados prim\u00e1rios. As pessoas mais antigas relatam suas mem\u00f3rias em per\u00edodos de seca e, assim, a reflex\u00e3o sobre os impactos gerados surge. O professor explica que desde a percep\u00e7\u00e3o da comunidade at\u00e9 os conflitos sociais existentes s\u00e3o levados em considera\u00e7\u00e3o: \u201cNada \u00e9 desperdi\u00e7ado\u201d, conclui. As respostas coletadas ser\u00e3o analisadas e integradas ao processo de constru\u00e7\u00e3o colaborativa dos planos. O objetivo \u00e9 aprimorar as a\u00e7\u00f5es de gest\u00e3o e resposta \u00e0s secas, considerando as especificidades de cada regi\u00e3o e a realidade das comunidades afetadas. A apresenta\u00e7\u00e3o dos diagn\u00f3sticos est\u00e1 prevista para o m\u00eas de junho, al\u00e9m de haver a valida\u00e7\u00e3o e a execu\u00e7\u00e3o da din\u00e2mica \u201cSeca em Jogo\u201d \u2013 um recurso metodol\u00f3gico que simula a gest\u00e3o coletiva de um reservat\u00f3rio de uso comum. PLANOS DE SECA Os Planos de Gest\u00e3o Proativa de Secas s\u00e3o uma das a\u00e7\u00f5es do Programa Cientista Chefe: Recursos H\u00eddricos \u2014 uma iniciativa da Funda\u00e7\u00e3o Cearense de Apoio ao Desenvolvimento Cient\u00edfico e Tecnol\u00f3gico (Funcap), em parceria com a Secretaria dos Recursos H\u00eddricos do Cear\u00e1 (SRH). A realiza\u00e7\u00e3o do projeto \u00e9 mediada por coopera\u00e7\u00e3o t\u00e9cnico-cient\u00edfica entre a Cogerh \u2014 vinculada \u00e0 SRH \u2014 e a UFC, com participa\u00e7\u00e3o da Funceme.&nbsp; Al\u00e9m dos planos dos hidrossistemas Castro e Pesqueiro, est\u00e3o em elabora\u00e7\u00e3o os planos dos hidrossistemas Bengu\u00ea (Regi\u00e3o Hidrogr\u00e1fica do Alto Jaguaribe), Pedras Brancas (Regi\u00e3o Hidrogr\u00e1fica do Banabui\u00fa), Forquilha (Regi\u00e3o Hidrogr\u00e1fica do Acara\u00fa), Cachoeira (Regi\u00e3o Hidrogr\u00e1fica do Salgado) e Santo Ant\u00f4nio de Russas (Regi\u00e3o Hidrogr\u00e1fica do Baixo Jaguaribe). Fontes: http:\/\/www.cbhrmf.com.br\/noticias\/iniciada-construcao-do-plano-de-secas-do-acude-castro-em-itapiuna\/&nbsp; http:\/\/www.cbhrmf.com.br\/noticias\/comissao-gestora-do-acude-pesqueiro-inicia-discussoes-para-a-elaboracao-do-plano-de-secas-da-regiao\/<\/p>","protected":false},"author":1,"featured_media":1801,"comment_status":"open","ping_status":"open","sticky":false,"template":"","format":"standard","meta":{"nf_dc_page":"","_jetpack_memberships_contains_paid_content":false,"footnotes":""},"categories":[32,10],"tags":[],"class_list":["post-1799","post","type-post","status-publish","format-standard","has-post-thumbnail","hentry","category-cientista-chefe-recursos-hidricos","category-noticias"],"jetpack_featured_media_url":"https:\/\/i0.wp.com\/cepas.ufc.br\/wp-content\/uploads\/2025\/05\/image1.png?fit=941%2C529&ssl=1","jetpack_sharing_enabled":true,"_links":{"self":[{"href":"https:\/\/cepas.ufc.br\/en\/wp-json\/wp\/v2\/posts\/1799","targetHints":{"allow":["GET"]}}],"collection":[{"href":"https:\/\/cepas.ufc.br\/en\/wp-json\/wp\/v2\/posts"}],"about":[{"href":"https:\/\/cepas.ufc.br\/en\/wp-json\/wp\/v2\/types\/post"}],"author":[{"embeddable":true,"href":"https:\/\/cepas.ufc.br\/en\/wp-json\/wp\/v2\/users\/1"}],"replies":[{"embeddable":true,"href":"https:\/\/cepas.ufc.br\/en\/wp-json\/wp\/v2\/comments?post=1799"}],"version-history":[{"count":4,"href":"https:\/\/cepas.ufc.br\/en\/wp-json\/wp\/v2\/posts\/1799\/revisions"}],"predecessor-version":[{"id":1812,"href":"https:\/\/cepas.ufc.br\/en\/wp-json\/wp\/v2\/posts\/1799\/revisions\/1812"}],"wp:featuredmedia":[{"embeddable":true,"href":"https:\/\/cepas.ufc.br\/en\/wp-json\/wp\/v2\/media\/1801"}],"wp:attachment":[{"href":"https:\/\/cepas.ufc.br\/en\/wp-json\/wp\/v2\/media?parent=1799"}],"wp:term":[{"taxonomy":"category","embeddable":true,"href":"https:\/\/cepas.ufc.br\/en\/wp-json\/wp\/v2\/categories?post=1799"},{"taxonomy":"post_tag","embeddable":true,"href":"https:\/\/cepas.ufc.br\/en\/wp-json\/wp\/v2\/tags?post=1799"}],"curies":[{"name":"wp","href":"https:\/\/api.w.org\/{rel}","templated":true}]}}