{"id":1814,"date":"2025-05-26T22:57:00","date_gmt":"2025-05-26T22:57:00","guid":{"rendered":"https:\/\/cepas.ufc.br\/?p=1814"},"modified":"2025-05-28T13:35:56","modified_gmt":"2025-05-28T13:35:56","slug":"professor-assis-filho-e-promovido-a-professor-titular-da-universidade-federal-do-ceara","status":"publish","type":"post","link":"https:\/\/cepas.ufc.br\/en\/professor-assis-filho-e-promovido-a-professor-titular-da-universidade-federal-do-ceara\/","title":{"rendered":"Professor Assis Filho \u00e9 promovido a Professor Titular da Universidade Federal Do Cear\u00e1"},"content":{"rendered":"<p class=\"has-text-align-center\">Titula\u00e7\u00e3o recebida \u00e9 considerada o topo da carreira acad\u00eamica<\/p>\n\n\n\n<figure class=\"wp-block-image size-large\"><img data-recalc-dims=\"1\" fetchpriority=\"high\" decoding=\"async\" width=\"800\" height=\"534\" src=\"https:\/\/i0.wp.com\/cepas.ufc.br\/wp-content\/uploads\/2025\/05\/IMG_0665.jpg?resize=800%2C534&#038;ssl=1\" alt=\"\" class=\"wp-image-1830\" srcset=\"https:\/\/i0.wp.com\/cepas.ufc.br\/wp-content\/uploads\/2025\/05\/IMG_0665-scaled.jpg?resize=1024%2C683&amp;ssl=1 1024w, https:\/\/i0.wp.com\/cepas.ufc.br\/wp-content\/uploads\/2025\/05\/IMG_0665-scaled.jpg?resize=300%2C200&amp;ssl=1 300w, https:\/\/i0.wp.com\/cepas.ufc.br\/wp-content\/uploads\/2025\/05\/IMG_0665-scaled.jpg?resize=768%2C512&amp;ssl=1 768w, https:\/\/i0.wp.com\/cepas.ufc.br\/wp-content\/uploads\/2025\/05\/IMG_0665-scaled.jpg?resize=1536%2C1024&amp;ssl=1 1536w, https:\/\/i0.wp.com\/cepas.ufc.br\/wp-content\/uploads\/2025\/05\/IMG_0665-scaled.jpg?w=1600&amp;ssl=1 1600w, https:\/\/i0.wp.com\/cepas.ufc.br\/wp-content\/uploads\/2025\/05\/IMG_0665-scaled.jpg?w=2400&amp;ssl=1 2400w\" sizes=\"(max-width: 800px) 100vw, 800px\" \/><\/figure>\n\n\n\n<p class=\"\">Na \u00faltima ter\u00e7a-feira (20\/05), <strong>a comunidade cient\u00edfica cearense celebrou a promo\u00e7\u00e3o do professor Francisco de Assis de Souza Filho a Professor Titular da Universidade Federal do Cear\u00e1 (UFC).<\/strong><\/p>\n\n\n\n<p class=\"\">A cerim\u00f4nia de apresenta\u00e7\u00e3o do Memorial Acad\u00eamico de Assis Filho, intitulada \u201cJornada em Rios Turbulentos: Ci\u00eancia, Tecnologia, Inova\u00e7\u00e3o, Ensino e Gest\u00e3o dos Recursos H\u00eddricos\u201d, foi realizada no audit\u00f3rio do Centro Estrat\u00e9gico de Excel\u00eancia em Pol\u00edticas de \u00c1guas e Secas (CEPAS\/UFC). O momento reuniu familiares, amigos, professores, orientandos e parceiros de longa caminhada profissional e acad\u00eamica.<\/p>\n\n\n\n<figure class=\"wp-block-image size-large\"><img data-recalc-dims=\"1\" decoding=\"async\" width=\"800\" height=\"534\" src=\"https:\/\/i0.wp.com\/cepas.ufc.br\/wp-content\/uploads\/2025\/05\/IMG_0625.jpg?resize=800%2C534&#038;ssl=1\" alt=\"\" class=\"wp-image-1822\" srcset=\"https:\/\/i0.wp.com\/cepas.ufc.br\/wp-content\/uploads\/2025\/05\/IMG_0625-scaled.jpg?resize=1024%2C683&amp;ssl=1 1024w, https:\/\/i0.wp.com\/cepas.ufc.br\/wp-content\/uploads\/2025\/05\/IMG_0625-scaled.jpg?resize=300%2C200&amp;ssl=1 300w, https:\/\/i0.wp.com\/cepas.ufc.br\/wp-content\/uploads\/2025\/05\/IMG_0625-scaled.jpg?resize=768%2C512&amp;ssl=1 768w, https:\/\/i0.wp.com\/cepas.ufc.br\/wp-content\/uploads\/2025\/05\/IMG_0625-scaled.jpg?resize=1536%2C1024&amp;ssl=1 1536w, https:\/\/i0.wp.com\/cepas.ufc.br\/wp-content\/uploads\/2025\/05\/IMG_0625-scaled.jpg?w=1600&amp;ssl=1 1600w, https:\/\/i0.wp.com\/cepas.ufc.br\/wp-content\/uploads\/2025\/05\/IMG_0625-scaled.jpg?w=2400&amp;ssl=1 2400w\" sizes=\"(max-width: 800px) 100vw, 800px\" \/><\/figure>\n\n\n\n<p class=\"\">Composta pelos professores doutores Ant\u00f4nio Miranda (UFC), Nilo Nascimento (Universidade Federal de Minas Gerais) e M\u00f4nica Porto (Universidade de S\u00e3o Paulo \u2013 USP), a banca avaliadora comentou sobre sua trajet\u00f3ria na universidade. &#8220;Foi com imensa e orgulhosa satisfa\u00e7\u00e3o que assistimos ao prof. Francisco Assis apresentar seu memorial de titula\u00e7\u00e3o&#8221;, conclui sua colega de trabalho e presidente da cerim\u00f4nia, Profa. Dra. Ticiana Studart (UFC).<\/p>\n\n\n\n<figure class=\"wp-block-image size-large\"><img data-recalc-dims=\"1\" decoding=\"async\" width=\"800\" height=\"534\" src=\"https:\/\/i0.wp.com\/cepas.ufc.br\/wp-content\/uploads\/2025\/05\/IMG_8940.jpg?resize=800%2C534&#038;ssl=1\" alt=\"\" class=\"wp-image-1824\" srcset=\"https:\/\/i0.wp.com\/cepas.ufc.br\/wp-content\/uploads\/2025\/05\/IMG_8940-scaled.jpg?resize=1024%2C683&amp;ssl=1 1024w, https:\/\/i0.wp.com\/cepas.ufc.br\/wp-content\/uploads\/2025\/05\/IMG_8940-scaled.jpg?resize=300%2C200&amp;ssl=1 300w, https:\/\/i0.wp.com\/cepas.ufc.br\/wp-content\/uploads\/2025\/05\/IMG_8940-scaled.jpg?resize=768%2C512&amp;ssl=1 768w, https:\/\/i0.wp.com\/cepas.ufc.br\/wp-content\/uploads\/2025\/05\/IMG_8940-scaled.jpg?resize=1536%2C1024&amp;ssl=1 1536w, https:\/\/i0.wp.com\/cepas.ufc.br\/wp-content\/uploads\/2025\/05\/IMG_8940-scaled.jpg?w=1600&amp;ssl=1 1600w, https:\/\/i0.wp.com\/cepas.ufc.br\/wp-content\/uploads\/2025\/05\/IMG_8940-scaled.jpg?w=2400&amp;ssl=1 2400w\" sizes=\"(max-width: 800px) 100vw, 800px\" \/><\/figure>\n\n\n\n<p class=\"\">O momento tamb\u00e9m foi marcado por elogios de parceiros acad\u00eamicos ao trabalho do Cientista Chefe de Recursos H\u00eddricos do Cear\u00e1. &#8220;Absolutamente, dispensa perguntas. Voc\u00ea \u00e9 o professor titular mais preparado para receber esse t\u00edtulo\u201d, declara a docente da USP.<\/p>\n\n\n\n<figure class=\"wp-block-image size-large\"><img data-recalc-dims=\"1\" loading=\"lazy\" decoding=\"async\" width=\"800\" height=\"534\" src=\"https:\/\/i0.wp.com\/cepas.ufc.br\/wp-content\/uploads\/2025\/05\/IMG_9070.jpg?resize=800%2C534&#038;ssl=1\" alt=\"\" class=\"wp-image-1829\" srcset=\"https:\/\/i0.wp.com\/cepas.ufc.br\/wp-content\/uploads\/2025\/05\/IMG_9070-scaled.jpg?resize=1024%2C683&amp;ssl=1 1024w, https:\/\/i0.wp.com\/cepas.ufc.br\/wp-content\/uploads\/2025\/05\/IMG_9070-scaled.jpg?resize=300%2C200&amp;ssl=1 300w, https:\/\/i0.wp.com\/cepas.ufc.br\/wp-content\/uploads\/2025\/05\/IMG_9070-scaled.jpg?resize=768%2C512&amp;ssl=1 768w, https:\/\/i0.wp.com\/cepas.ufc.br\/wp-content\/uploads\/2025\/05\/IMG_9070-scaled.jpg?resize=1536%2C1024&amp;ssl=1 1536w, https:\/\/i0.wp.com\/cepas.ufc.br\/wp-content\/uploads\/2025\/05\/IMG_9070-scaled.jpg?w=1600&amp;ssl=1 1600w, https:\/\/i0.wp.com\/cepas.ufc.br\/wp-content\/uploads\/2025\/05\/IMG_9070-scaled.jpg?w=2400&amp;ssl=1 2400w\" sizes=\"(max-width: 800px) 100vw, 800px\" \/><\/figure>\n\n\n\n<p class=\"\"><strong>O poeta das \u00e1guas<\/strong><\/p>\n\n\n\n<p class=\"\">Para al\u00e9m da linguagem e conhecimento cient\u00edficos, Assis Filho \u00e9 poeta nas horas vagas. O mais recente Professor Titular da UFC diz fazer \u201cda \u00e1gua, poesia\u201d. Por essa raz\u00e3o, o cordel \u201cA c\u00e1tedra e o sert\u00e3o: o mestre Assis em cordel\u201d foi escrito em sua homenagem pela m\u00e9dica Paola T\u00f4rres e recitado pela professora Bernadete Porto. Os versos relembram o alinhamento entre o lado pessoal e profissional do cientista, que desde cedo possu\u00eda liga\u00e7\u00e3o com os rios.<\/p>\n\n\n\n<figure class=\"wp-block-image size-large\"><img data-recalc-dims=\"1\" loading=\"lazy\" decoding=\"async\" width=\"800\" height=\"534\" src=\"https:\/\/i0.wp.com\/cepas.ufc.br\/wp-content\/uploads\/2025\/05\/IMG_9030.jpg?resize=800%2C534&#038;ssl=1\" alt=\"\" class=\"wp-image-1826\" srcset=\"https:\/\/i0.wp.com\/cepas.ufc.br\/wp-content\/uploads\/2025\/05\/IMG_9030-scaled.jpg?resize=1024%2C683&amp;ssl=1 1024w, https:\/\/i0.wp.com\/cepas.ufc.br\/wp-content\/uploads\/2025\/05\/IMG_9030-scaled.jpg?resize=300%2C200&amp;ssl=1 300w, https:\/\/i0.wp.com\/cepas.ufc.br\/wp-content\/uploads\/2025\/05\/IMG_9030-scaled.jpg?resize=768%2C512&amp;ssl=1 768w, https:\/\/i0.wp.com\/cepas.ufc.br\/wp-content\/uploads\/2025\/05\/IMG_9030-scaled.jpg?resize=1536%2C1024&amp;ssl=1 1536w, https:\/\/i0.wp.com\/cepas.ufc.br\/wp-content\/uploads\/2025\/05\/IMG_9030-scaled.jpg?w=1600&amp;ssl=1 1600w, https:\/\/i0.wp.com\/cepas.ufc.br\/wp-content\/uploads\/2025\/05\/IMG_9030-scaled.jpg?w=2400&amp;ssl=1 2400w\" sizes=\"(max-width: 800px) 100vw, 800px\" \/><\/figure>\n\n\n\n<p class=\"\"><\/p>\n\n\n\n<figure class=\"wp-block-image aligncenter size-large\"><img data-recalc-dims=\"1\" loading=\"lazy\" decoding=\"async\" width=\"800\" height=\"534\" src=\"https:\/\/i0.wp.com\/cepas.ufc.br\/wp-content\/uploads\/2025\/05\/IMG_9035.jpg?resize=800%2C534&#038;ssl=1\" alt=\"\" class=\"wp-image-1827\" srcset=\"https:\/\/i0.wp.com\/cepas.ufc.br\/wp-content\/uploads\/2025\/05\/IMG_9035-scaled.jpg?resize=1024%2C683&amp;ssl=1 1024w, https:\/\/i0.wp.com\/cepas.ufc.br\/wp-content\/uploads\/2025\/05\/IMG_9035-scaled.jpg?resize=300%2C200&amp;ssl=1 300w, https:\/\/i0.wp.com\/cepas.ufc.br\/wp-content\/uploads\/2025\/05\/IMG_9035-scaled.jpg?resize=768%2C512&amp;ssl=1 768w, https:\/\/i0.wp.com\/cepas.ufc.br\/wp-content\/uploads\/2025\/05\/IMG_9035-scaled.jpg?resize=1536%2C1024&amp;ssl=1 1536w, https:\/\/i0.wp.com\/cepas.ufc.br\/wp-content\/uploads\/2025\/05\/IMG_9035-scaled.jpg?w=1600&amp;ssl=1 1600w, https:\/\/i0.wp.com\/cepas.ufc.br\/wp-content\/uploads\/2025\/05\/IMG_9035-scaled.jpg?w=2400&amp;ssl=1 2400w\" sizes=\"(max-width: 800px) 100vw, 800px\" \/><\/figure>\n\n\n\n<p class=\"\">O poeta das \u00e1guas tamb\u00e9m foi aplaudido de p\u00e9 pela plateia ap\u00f3s recitar um poema de sua autoria, refletindo sua carreira e rela\u00e7\u00e3o com os rios que permearam sua vida.\u00a0<\/p>\n\n\n\n<figure class=\"wp-block-image aligncenter size-large\"><img data-recalc-dims=\"1\" decoding=\"async\" width=\"800\" height=\"534\" src=\"https:\/\/i0.wp.com\/cepas.ufc.br\/wp-content\/uploads\/2025\/05\/IMG_8940.jpg?resize=800%2C534&#038;ssl=1\" alt=\"\" class=\"wp-image-1824\" srcset=\"https:\/\/i0.wp.com\/cepas.ufc.br\/wp-content\/uploads\/2025\/05\/IMG_8940-scaled.jpg?resize=1024%2C683&amp;ssl=1 1024w, https:\/\/i0.wp.com\/cepas.ufc.br\/wp-content\/uploads\/2025\/05\/IMG_8940-scaled.jpg?resize=300%2C200&amp;ssl=1 300w, https:\/\/i0.wp.com\/cepas.ufc.br\/wp-content\/uploads\/2025\/05\/IMG_8940-scaled.jpg?resize=768%2C512&amp;ssl=1 768w, https:\/\/i0.wp.com\/cepas.ufc.br\/wp-content\/uploads\/2025\/05\/IMG_8940-scaled.jpg?resize=1536%2C1024&amp;ssl=1 1536w, https:\/\/i0.wp.com\/cepas.ufc.br\/wp-content\/uploads\/2025\/05\/IMG_8940-scaled.jpg?w=1600&amp;ssl=1 1600w, https:\/\/i0.wp.com\/cepas.ufc.br\/wp-content\/uploads\/2025\/05\/IMG_8940-scaled.jpg?w=2400&amp;ssl=1 2400w\" sizes=\"(max-width: 800px) 100vw, 800px\" \/><\/figure>\n\n\n\n<p class=\"\"><strong>Saiba mais<\/strong><\/p>\n\n\n\n<p class=\"\">O prof. Assis Filho (@assissouza) <strong>\u00e9 cientista-chefe de Recursos H\u00eddricos da Funda\u00e7\u00e3o Cearense de Apoio ao Desenvolvimento Cient\u00edfico e Tecnol\u00f3gico<\/strong> (@funcapce), diretor do CEPAS-UFC (@cepasufc) e coordenador do Laborat\u00f3rio de Gerenciamento do Risco Clim\u00e1tico para a Sustentabilidade H\u00eddrica (@labgrc).<\/p>\n\n\n\n<p class=\"\">Graduado em Engenharia Civil pela Universidade Federal do Cear\u00e1 (1990), possui mestrado em Engenharia Hidr\u00e1ulica e Saneamento pela Escola de Engenharia de S\u00e3o Carlos da Universidade de S\u00e3o Paulo (1995) e doutorado em Engenharia Civil pela Escola Polit\u00e9cnica da Universidade de S\u00e3o Paulo (2006).<\/p>\n\n\n\n<p class=\"\">No fim dos anos 1980 e in\u00edcio da d\u00e9cada de 1990 Assis foi presidente do DCE\/UFC.<\/p>\n\n\n\n<p class=\"\"><\/p>\n\n\n\n<p class=\"has-text-align-center\"><\/p>\n\n\n\n<p class=\"\"><\/p>","protected":false},"excerpt":{"rendered":"<p>Titula\u00e7\u00e3o recebida \u00e9 considerada o topo da carreira acad\u00eamica Na \u00faltima ter\u00e7a-feira (20\/05), a comunidade cient\u00edfica cearense celebrou a promo\u00e7\u00e3o do professor Francisco de Assis de Souza Filho a Professor Titular da Universidade Federal do Cear\u00e1 (UFC). A cerim\u00f4nia de apresenta\u00e7\u00e3o do Memorial Acad\u00eamico de Assis Filho, intitulada \u201cJornada em Rios Turbulentos: Ci\u00eancia, Tecnologia, Inova\u00e7\u00e3o, Ensino e Gest\u00e3o dos Recursos H\u00eddricos\u201d, foi realizada no audit\u00f3rio do Centro Estrat\u00e9gico de Excel\u00eancia em Pol\u00edticas de \u00c1guas e Secas (CEPAS\/UFC). O momento reuniu familiares, amigos, professores, orientandos e parceiros de longa caminhada profissional e acad\u00eamica. Composta pelos professores doutores Ant\u00f4nio Miranda (UFC), Nilo Nascimento (Universidade Federal de Minas Gerais) e M\u00f4nica Porto (Universidade de S\u00e3o Paulo \u2013 USP), a banca avaliadora comentou sobre sua trajet\u00f3ria na universidade. &#8220;Foi com imensa e orgulhosa satisfa\u00e7\u00e3o que assistimos ao prof. Francisco Assis apresentar seu memorial de titula\u00e7\u00e3o&#8221;, conclui sua colega de trabalho e presidente da cerim\u00f4nia, Profa. Dra. Ticiana Studart (UFC). O momento tamb\u00e9m foi marcado por elogios de parceiros acad\u00eamicos ao trabalho do Cientista Chefe de Recursos H\u00eddricos do Cear\u00e1. &#8220;Absolutamente, dispensa perguntas. Voc\u00ea \u00e9 o professor titular mais preparado para receber esse t\u00edtulo\u201d, declara a docente da USP. O poeta das \u00e1guas Para al\u00e9m da linguagem e conhecimento cient\u00edficos, Assis Filho \u00e9 poeta nas horas vagas. O mais recente Professor Titular da UFC diz fazer \u201cda \u00e1gua, poesia\u201d. Por essa raz\u00e3o, o cordel \u201cA c\u00e1tedra e o sert\u00e3o: o mestre Assis em cordel\u201d foi escrito em sua homenagem pela m\u00e9dica Paola T\u00f4rres e recitado pela professora Bernadete Porto. Os versos relembram o alinhamento entre o lado pessoal e profissional do cientista, que desde cedo possu\u00eda liga\u00e7\u00e3o com os rios. O poeta das \u00e1guas tamb\u00e9m foi aplaudido de p\u00e9 pela plateia ap\u00f3s recitar um poema de sua autoria, refletindo sua carreira e rela\u00e7\u00e3o com os rios que permearam sua vida.\u00a0 Saiba mais O prof. Assis Filho (@assissouza) \u00e9 cientista-chefe de Recursos H\u00eddricos da Funda\u00e7\u00e3o Cearense de Apoio ao Desenvolvimento Cient\u00edfico e Tecnol\u00f3gico (@funcapce), diretor do CEPAS-UFC (@cepasufc) e coordenador do Laborat\u00f3rio de Gerenciamento do Risco Clim\u00e1tico para a Sustentabilidade H\u00eddrica (@labgrc). Graduado em Engenharia Civil pela Universidade Federal do Cear\u00e1 (1990), possui mestrado em Engenharia Hidr\u00e1ulica e Saneamento pela Escola de Engenharia de S\u00e3o Carlos da Universidade de S\u00e3o Paulo (1995) e doutorado em Engenharia Civil pela Escola Polit\u00e9cnica da Universidade de S\u00e3o Paulo (2006). No fim dos anos 1980 e in\u00edcio da d\u00e9cada de 1990 Assis foi presidente do DCE\/UFC.<\/p>","protected":false},"author":1,"featured_media":1822,"comment_status":"open","ping_status":"open","sticky":false,"template":"","format":"standard","meta":{"nf_dc_page":"","_jetpack_memberships_contains_paid_content":false,"footnotes":""},"categories":[32,10],"tags":[],"class_list":["post-1814","post","type-post","status-publish","format-standard","has-post-thumbnail","hentry","category-cientista-chefe-recursos-hidricos","category-noticias"],"jetpack_featured_media_url":"https:\/\/i0.wp.com\/cepas.ufc.br\/wp-content\/uploads\/2025\/05\/IMG_0625-scaled.jpg?fit=2560%2C1707&ssl=1","jetpack_sharing_enabled":true,"_links":{"self":[{"href":"https:\/\/cepas.ufc.br\/en\/wp-json\/wp\/v2\/posts\/1814","targetHints":{"allow":["GET"]}}],"collection":[{"href":"https:\/\/cepas.ufc.br\/en\/wp-json\/wp\/v2\/posts"}],"about":[{"href":"https:\/\/cepas.ufc.br\/en\/wp-json\/wp\/v2\/types\/post"}],"author":[{"embeddable":true,"href":"https:\/\/cepas.ufc.br\/en\/wp-json\/wp\/v2\/users\/1"}],"replies":[{"embeddable":true,"href":"https:\/\/cepas.ufc.br\/en\/wp-json\/wp\/v2\/comments?post=1814"}],"version-history":[{"count":2,"href":"https:\/\/cepas.ufc.br\/en\/wp-json\/wp\/v2\/posts\/1814\/revisions"}],"predecessor-version":[{"id":1831,"href":"https:\/\/cepas.ufc.br\/en\/wp-json\/wp\/v2\/posts\/1814\/revisions\/1831"}],"wp:featuredmedia":[{"embeddable":true,"href":"https:\/\/cepas.ufc.br\/en\/wp-json\/wp\/v2\/media\/1822"}],"wp:attachment":[{"href":"https:\/\/cepas.ufc.br\/en\/wp-json\/wp\/v2\/media?parent=1814"}],"wp:term":[{"taxonomy":"category","embeddable":true,"href":"https:\/\/cepas.ufc.br\/en\/wp-json\/wp\/v2\/categories?post=1814"},{"taxonomy":"post_tag","embeddable":true,"href":"https:\/\/cepas.ufc.br\/en\/wp-json\/wp\/v2\/tags?post=1814"}],"curies":[{"name":"wp","href":"https:\/\/api.w.org\/{rel}","templated":true}]}}