{"id":1834,"date":"2025-06-11T13:14:02","date_gmt":"2025-06-11T13:14:02","guid":{"rendered":"https:\/\/cepas.ufc.br\/?p=1834"},"modified":"2025-06-11T13:16:42","modified_gmt":"2025-06-11T13:16:42","slug":"projeto-alocar-da-continuidade-as-atividades-de-alocacao-negociada-de-agua-no-ceara","status":"publish","type":"post","link":"https:\/\/cepas.ufc.br\/en\/projeto-alocar-da-continuidade-as-atividades-de-alocacao-negociada-de-agua-no-ceara\/","title":{"rendered":"Projeto ALOCAR d\u00e1 continuidade \u00e0s atividades de aloca\u00e7\u00e3o negociada de \u00e1gua no Cear\u00e1"},"content":{"rendered":"<p class=\"has-text-align-center\">Grupos focais s\u00e3o realizados nas ger\u00eancias regionais da COGERH<\/p>\n\n\n\n<figure class=\"wp-block-image aligncenter size-large\"><img data-recalc-dims=\"1\" fetchpriority=\"high\" decoding=\"async\" width=\"800\" height=\"600\" src=\"https:\/\/i0.wp.com\/cepas.ufc.br\/wp-content\/uploads\/2025\/06\/image3.jpg?resize=800%2C600&#038;ssl=1\" alt=\"\" class=\"wp-image-1837\" srcset=\"https:\/\/i0.wp.com\/cepas.ufc.br\/wp-content\/uploads\/2025\/06\/image3.jpg?resize=1024%2C768&amp;ssl=1 1024w, https:\/\/i0.wp.com\/cepas.ufc.br\/wp-content\/uploads\/2025\/06\/image3.jpg?resize=300%2C225&amp;ssl=1 300w, https:\/\/i0.wp.com\/cepas.ufc.br\/wp-content\/uploads\/2025\/06\/image3.jpg?resize=768%2C576&amp;ssl=1 768w, https:\/\/i0.wp.com\/cepas.ufc.br\/wp-content\/uploads\/2025\/06\/image3.jpg?resize=16%2C12&amp;ssl=1 16w, https:\/\/i0.wp.com\/cepas.ufc.br\/wp-content\/uploads\/2025\/06\/image3.jpg?w=1280&amp;ssl=1 1280w\" sizes=\"(max-width: 800px) 100vw, 800px\" \/><\/figure>\n\n\n\n<p class=\"has-text-align-center\"><em>Grupo Focal da Ger\u00eancia Regional da Bacia do Salgado<\/em><\/p>\n\n\n\n<p class=\"\">O projeto ALOCAR avan\u00e7ou em mais uma etapa de sua metodologia: os grupos focais. Iniciadas no dia <strong>31 de mar\u00e7o<\/strong> deste ano, essas reuni\u00f5es objetivam refletir sobre a aloca\u00e7\u00e3o negociada de \u00e1gua para <strong>proposi\u00e7\u00e3o de uma estrat\u00e9gia geral para a aloca\u00e7\u00e3o negociada de \u00e1gua, <\/strong>com o intuito de mapear campos sem\u00e2nticos, estrat\u00e9gias discursivas e outras narrativas, <strong>bem como subsidiar a normatiza\u00e7\u00e3o desse processo<\/strong>. A t\u00e9cnica de grupo focal pauta-se na escuta ativa e participativa dos t\u00e9cnicos de cada Ger\u00eancia Regional da Companhia de Gest\u00e3o dos Recursos H\u00eddricos (COGERH), que a partir de um roteiro semiestruturado relatam suas experi\u00eancias.&nbsp;<\/p>\n\n\n\n<p class=\"\">Os grupos focais s\u00e3o realizados pela equipe do Programa Cientista Chefe: Recursos H\u00eddricos (UFC\/FUNCAP) em parceria com a COGERH, a partir da articula\u00e7\u00e3o da Ger\u00eancia de Gest\u00e3o Participativa (GEPAR). A professora e pesquisadora de planejamento e gest\u00e3o dos recursos h\u00eddricos, Sandra Aquino (UECE), apresenta a din\u00e2mica a ser trabalhada nas reuni\u00f5es e faz a media\u00e7\u00e3o das discuss\u00f5es do grupo focal.&nbsp;<\/p>\n\n\n\n<figure class=\"wp-block-image aligncenter size-large\"><img data-recalc-dims=\"1\" decoding=\"async\" width=\"800\" height=\"600\" src=\"https:\/\/i0.wp.com\/cepas.ufc.br\/wp-content\/uploads\/2025\/06\/image4.jpg?resize=800%2C600&#038;ssl=1\" alt=\"\" class=\"wp-image-1838\" srcset=\"https:\/\/i0.wp.com\/cepas.ufc.br\/wp-content\/uploads\/2025\/06\/image4.jpg?resize=1024%2C768&amp;ssl=1 1024w, https:\/\/i0.wp.com\/cepas.ufc.br\/wp-content\/uploads\/2025\/06\/image4.jpg?resize=300%2C225&amp;ssl=1 300w, https:\/\/i0.wp.com\/cepas.ufc.br\/wp-content\/uploads\/2025\/06\/image4.jpg?resize=768%2C576&amp;ssl=1 768w, https:\/\/i0.wp.com\/cepas.ufc.br\/wp-content\/uploads\/2025\/06\/image4.jpg?resize=16%2C12&amp;ssl=1 16w, https:\/\/i0.wp.com\/cepas.ufc.br\/wp-content\/uploads\/2025\/06\/image4.jpg?w=1280&amp;ssl=1 1280w\" sizes=\"(max-width: 800px) 100vw, 800px\" \/><\/figure>\n\n\n\n<p class=\"has-text-align-center\"><em>Grupo Focal da Ger\u00eancia Regional das Bacias Metropolitanas<\/em><\/p>\n\n\n\n<p class=\"\">Ao total, ser\u00e3o 10 encontros referentes \u00e0s 10 ger\u00eancias regionais. At\u00e9 o momento,<strong> j\u00e1 foram realizados 05 grupos focais<\/strong>:<\/p>\n\n\n\n<ul class=\"wp-block-list\">\n<li class=\"\">Ger\u00eancia Regional da Bacia do Litoral: em Itapipoca (31\/03);<\/li>\n\n\n\n<li class=\"\">Ger\u00eancia Regional do Alto Jaguaribe: em Iguatu (13\/04);<\/li>\n\n\n\n<li class=\"\">Ger\u00eancia Regional das Bacias Metropolitanas: em Fortaleza, na sede da COGERH (16\/04);<\/li>\n\n\n\n<li class=\"\">Ger\u00eancia Regional da Bacia do Curu: em Pentecostes (21\/05);<\/li>\n\n\n\n<li class=\"\">Ger\u00eancia Regional da Bacia do Salgado: no Crato (05\/06).<\/li>\n<\/ul>\n\n\n\n<h2 class=\"wp-block-heading\"><strong>Sobre as discuss\u00f5es<\/strong><\/h2>\n\n\n\n<p class=\"\">O objetivo central dos grupos focais do Projeto ALOCAR \u00e9 refletir sobre a aloca\u00e7\u00e3o negociada de forma participativa, <strong>alinhar procedimentos e criar bases normativas para a aloca\u00e7\u00e3o negociada de \u00e1gua,<\/strong> promovendo maior inclus\u00e3o e legitimidade nas decis\u00f5es coletivas, com vistas a garantir a sua sustentabilidade como pr\u00e1tica social.<\/p>\n\n\n\n<figure class=\"wp-block-image aligncenter size-large\"><img data-recalc-dims=\"1\" decoding=\"async\" width=\"800\" height=\"600\" src=\"https:\/\/i0.wp.com\/cepas.ufc.br\/wp-content\/uploads\/2025\/06\/image5.jpg?resize=800%2C600&#038;ssl=1\" alt=\"\" class=\"wp-image-1839\" srcset=\"https:\/\/i0.wp.com\/cepas.ufc.br\/wp-content\/uploads\/2025\/06\/image5.jpg?resize=1024%2C768&amp;ssl=1 1024w, https:\/\/i0.wp.com\/cepas.ufc.br\/wp-content\/uploads\/2025\/06\/image5.jpg?resize=300%2C225&amp;ssl=1 300w, https:\/\/i0.wp.com\/cepas.ufc.br\/wp-content\/uploads\/2025\/06\/image5.jpg?resize=768%2C576&amp;ssl=1 768w, https:\/\/i0.wp.com\/cepas.ufc.br\/wp-content\/uploads\/2025\/06\/image5.jpg?resize=16%2C12&amp;ssl=1 16w, https:\/\/i0.wp.com\/cepas.ufc.br\/wp-content\/uploads\/2025\/06\/image5.jpg?w=1280&amp;ssl=1 1280w\" sizes=\"(max-width: 800px) 100vw, 800px\" \/><\/figure>\n\n\n\n<p class=\"has-text-align-center\"><em>Grupo Focal da Ger\u00eancia Regional da Bacia do Curu<\/em><\/p>\n\n\n\n<h2 class=\"wp-block-heading\"><strong>Aspectos metodol\u00f3gicos<\/strong><\/h2>\n\n\n\n<p class=\"\">Os grupos focais s\u00e3o do tipo autorreferente (reflex\u00e3o sobre as experi\u00eancias e proposi\u00e7\u00e3o coletiva de perspectivas futuras) e t\u00eam como p\u00fablico os(as) t\u00e9cnicos(as) dos n\u00facleos operacional e de gest\u00e3o das Ger\u00eancias Regionais da COGERH, que atuam em todas as etapas da aloca\u00e7\u00e3o. Os encontros seguem a din\u00e2mica a seguir.<\/p>\n\n\n\n<ol class=\"wp-block-list\">\n<li class=\"\"><strong>Mobiliza\u00e7\u00e3o e agendamento dos grupos focais<\/strong><\/li>\n<\/ol>\n\n\n\n<ul class=\"wp-block-list\">\n<li class=\"\">A equipe da GEPAR mobiliza e agenda com os profissionais das Ger\u00eancias regionais a realiza\u00e7\u00e3o dos grupos focais.<\/li>\n<\/ul>\n\n\n\n<ol start=\"2\" class=\"wp-block-list\">\n<li class=\"\"><strong>Carta convite \u00e0s Ger\u00eancias<\/strong> <strong>Regionais<\/strong> (perguntas norteadoras)<\/li>\n<\/ol>\n\n\n\n<ul class=\"wp-block-list\">\n<li class=\"\">Envio por e-mail do roteiro semiestruturado com um conjunto de 31 quest\u00f5es norteadoras (conflitos, decis\u00f5es, participa\u00e7\u00e3o, dificuldades e sugest\u00f5es) e os objetivos da atividade.&nbsp;<\/li>\n<\/ul>\n\n\n\n<ol start=\"3\" class=\"wp-block-list\">\n<li class=\"\"><strong>Apresenta\u00e7\u00e3o<\/strong><\/li>\n<\/ol>\n\n\n\n<ul class=\"wp-block-list\">\n<li class=\"\">Programa Cientista Chefe: Recursos H\u00eddricos;<\/li>\n\n\n\n<li class=\"\">Projeto ALOCAR;<\/li>\n\n\n\n<li class=\"\">Objetivos e metodologia dos grupos focais.<\/li>\n<\/ul>\n\n\n\n<ol start=\"4\" class=\"wp-block-list\">\n<li class=\"\"><strong>Registro individual&nbsp;<\/strong><\/li>\n<\/ol>\n\n\n\n<ul class=\"wp-block-list\">\n<li class=\"\">Reflex\u00e3o sobre o conceito e princ\u00edpios da aloca\u00e7\u00e3o<\/li>\n<\/ul>\n\n\n\n<ol start=\"5\" class=\"wp-block-list\">\n<li class=\"\"><strong>Fluxograma da Aloca\u00e7\u00e3o Negociada de \u00c1gua<\/strong><\/li>\n<\/ol>\n\n\n\n<ul class=\"wp-block-list\">\n<li class=\"\">Constru\u00e7\u00e3o das etapas do fluxo de aloca\u00e7\u00e3o negociada de \u00e1gua com uso de t\u00e9cnica de visualiza\u00e7\u00e3o, contendo as seguintes perguntas guias: Etapa? Como? Quando (m\u00eas)? Respons\u00e1veis? Atores mobilizados? Decis\u00f5es?<\/li>\n<\/ul>\n\n\n\n<figure class=\"wp-block-image aligncenter size-large\"><img data-recalc-dims=\"1\" loading=\"lazy\" decoding=\"async\" width=\"800\" height=\"600\" src=\"https:\/\/i0.wp.com\/cepas.ufc.br\/wp-content\/uploads\/2025\/06\/image2.jpg?resize=800%2C600&#038;ssl=1\" alt=\"\" class=\"wp-image-1836\" srcset=\"https:\/\/i0.wp.com\/cepas.ufc.br\/wp-content\/uploads\/2025\/06\/image2.jpg?resize=1024%2C768&amp;ssl=1 1024w, https:\/\/i0.wp.com\/cepas.ufc.br\/wp-content\/uploads\/2025\/06\/image2.jpg?resize=300%2C225&amp;ssl=1 300w, https:\/\/i0.wp.com\/cepas.ufc.br\/wp-content\/uploads\/2025\/06\/image2.jpg?resize=768%2C576&amp;ssl=1 768w, https:\/\/i0.wp.com\/cepas.ufc.br\/wp-content\/uploads\/2025\/06\/image2.jpg?resize=1536%2C1152&amp;ssl=1 1536w, https:\/\/i0.wp.com\/cepas.ufc.br\/wp-content\/uploads\/2025\/06\/image2.jpg?resize=16%2C12&amp;ssl=1 16w, https:\/\/i0.wp.com\/cepas.ufc.br\/wp-content\/uploads\/2025\/06\/image2.jpg?w=1600&amp;ssl=1 1600w\" sizes=\"(max-width: 800px) 100vw, 800px\" \/><\/figure>\n\n\n\n<p class=\"has-text-align-center\"><em>Grupo Focal da Ger\u00eancia Regional da Bacia do Alto Jaguaribe<\/em><\/p>\n\n\n\n<p class=\"\">      <strong>6. Registro individual e encerramento<\/strong><\/p>\n\n\n\n<ul class=\"wp-block-list\">\n<li class=\"\">Proposi\u00e7\u00e3o de inclus\u00e3o ou aperfei\u00e7oamento da aloca\u00e7\u00e3o negociada de \u00e1gua&nbsp;<\/li>\n<\/ul>\n\n\n\n<figure class=\"wp-block-image aligncenter size-large\"><img data-recalc-dims=\"1\" loading=\"lazy\" decoding=\"async\" width=\"800\" height=\"600\" src=\"https:\/\/i0.wp.com\/cepas.ufc.br\/wp-content\/uploads\/2025\/06\/image1.jpg?resize=800%2C600&#038;ssl=1\" alt=\"\" class=\"wp-image-1835\" srcset=\"https:\/\/i0.wp.com\/cepas.ufc.br\/wp-content\/uploads\/2025\/06\/image1.jpg?resize=1024%2C768&amp;ssl=1 1024w, https:\/\/i0.wp.com\/cepas.ufc.br\/wp-content\/uploads\/2025\/06\/image1.jpg?resize=300%2C225&amp;ssl=1 300w, https:\/\/i0.wp.com\/cepas.ufc.br\/wp-content\/uploads\/2025\/06\/image1.jpg?resize=768%2C576&amp;ssl=1 768w, https:\/\/i0.wp.com\/cepas.ufc.br\/wp-content\/uploads\/2025\/06\/image1.jpg?resize=1536%2C1152&amp;ssl=1 1536w, https:\/\/i0.wp.com\/cepas.ufc.br\/wp-content\/uploads\/2025\/06\/image1.jpg?resize=16%2C12&amp;ssl=1 16w, https:\/\/i0.wp.com\/cepas.ufc.br\/wp-content\/uploads\/2025\/06\/image1.jpg?w=1600&amp;ssl=1 1600w\" sizes=\"(max-width: 800px) 100vw, 800px\" \/><\/figure>\n\n\n\n<p class=\"has-text-align-center\"><em>Grupo Focal da Ger\u00eancia Regional da Bacia do Litoral<\/em><\/p>\n\n\n\n<h2 class=\"wp-block-heading\"><strong>Saiba mais<\/strong><\/h2>\n\n\n\n<p class=\"\">O Projeto ALOCAR \u00e9 desenvolvido no \u00e2mbito do Programa Cientista Chefe: Recursos H\u00eddricos da Funda\u00e7\u00e3o Cearense de Apoio ao Desenvolvimento Cient\u00edfico e Tecnol\u00f3gico (<a href=\"https:\/\/www.instagram.com\/funcapce\/\">@funcapce<\/a>). Realizado em parceria com a COGERH (<a href=\"https:\/\/www.instagram.com\/cogerh\/\">@cogerh<\/a>) e com apoio do Centro Estrat\u00e9gico de Excel\u00eancia em Pol\u00edtica de \u00c1guas e Secas (<a href=\"https:\/\/www.instagram.com\/cepasufc\/\">@cepasufc<\/a>), a iniciativa busca mapear desafios, conflitos e oportunidades na gest\u00e3o h\u00eddrica, contribuindo para uma aloca\u00e7\u00e3o mais eficiente e sustent\u00e1vel dos recursos h\u00eddricos no estado.<\/p>\n\n\n\n<p class=\"\"><\/p>","protected":false},"excerpt":{"rendered":"<p>Grupos focais s\u00e3o realizados nas ger\u00eancias regionais da COGERH Grupo Focal da Ger\u00eancia Regional da Bacia do Salgado O projeto ALOCAR avan\u00e7ou em mais uma etapa de sua metodologia: os grupos focais. Iniciadas no dia 31 de mar\u00e7o deste ano, essas reuni\u00f5es objetivam refletir sobre a aloca\u00e7\u00e3o negociada de \u00e1gua para proposi\u00e7\u00e3o de uma estrat\u00e9gia geral para a aloca\u00e7\u00e3o negociada de \u00e1gua, com o intuito de mapear campos sem\u00e2nticos, estrat\u00e9gias discursivas e outras narrativas, bem como subsidiar a normatiza\u00e7\u00e3o desse processo. A t\u00e9cnica de grupo focal pauta-se na escuta ativa e participativa dos t\u00e9cnicos de cada Ger\u00eancia Regional da Companhia de Gest\u00e3o dos Recursos H\u00eddricos (COGERH), que a partir de um roteiro semiestruturado relatam suas experi\u00eancias.&nbsp; Os grupos focais s\u00e3o realizados pela equipe do Programa Cientista Chefe: Recursos H\u00eddricos (UFC\/FUNCAP) em parceria com a COGERH, a partir da articula\u00e7\u00e3o da Ger\u00eancia de Gest\u00e3o Participativa (GEPAR). A professora e pesquisadora de planejamento e gest\u00e3o dos recursos h\u00eddricos, Sandra Aquino (UECE), apresenta a din\u00e2mica a ser trabalhada nas reuni\u00f5es e faz a media\u00e7\u00e3o das discuss\u00f5es do grupo focal.&nbsp; Grupo Focal da Ger\u00eancia Regional das Bacias Metropolitanas Ao total, ser\u00e3o 10 encontros referentes \u00e0s 10 ger\u00eancias regionais. At\u00e9 o momento, j\u00e1 foram realizados 05 grupos focais: Sobre as discuss\u00f5es O objetivo central dos grupos focais do Projeto ALOCAR \u00e9 refletir sobre a aloca\u00e7\u00e3o negociada de forma participativa, alinhar procedimentos e criar bases normativas para a aloca\u00e7\u00e3o negociada de \u00e1gua, promovendo maior inclus\u00e3o e legitimidade nas decis\u00f5es coletivas, com vistas a garantir a sua sustentabilidade como pr\u00e1tica social. Grupo Focal da Ger\u00eancia Regional da Bacia do Curu Aspectos metodol\u00f3gicos Os grupos focais s\u00e3o do tipo autorreferente (reflex\u00e3o sobre as experi\u00eancias e proposi\u00e7\u00e3o coletiva de perspectivas futuras) e t\u00eam como p\u00fablico os(as) t\u00e9cnicos(as) dos n\u00facleos operacional e de gest\u00e3o das Ger\u00eancias Regionais da COGERH, que atuam em todas as etapas da aloca\u00e7\u00e3o. Os encontros seguem a din\u00e2mica a seguir. Grupo Focal da Ger\u00eancia Regional da Bacia do Alto Jaguaribe 6. Registro individual e encerramento Grupo Focal da Ger\u00eancia Regional da Bacia do Litoral Saiba mais O Projeto ALOCAR \u00e9 desenvolvido no \u00e2mbito do Programa Cientista Chefe: Recursos H\u00eddricos da Funda\u00e7\u00e3o Cearense de Apoio ao Desenvolvimento Cient\u00edfico e Tecnol\u00f3gico (@funcapce). Realizado em parceria com a COGERH (@cogerh) e com apoio do Centro Estrat\u00e9gico de Excel\u00eancia em Pol\u00edtica de \u00c1guas e Secas (@cepasufc), a iniciativa busca mapear desafios, conflitos e oportunidades na gest\u00e3o h\u00eddrica, contribuindo para uma aloca\u00e7\u00e3o mais eficiente e sustent\u00e1vel dos recursos h\u00eddricos no estado.<\/p>","protected":false},"author":1,"featured_media":1838,"comment_status":"open","ping_status":"open","sticky":false,"template":"","format":"standard","meta":{"nf_dc_page":"","_jetpack_memberships_contains_paid_content":false,"footnotes":""},"categories":[32,10],"tags":[],"class_list":["post-1834","post","type-post","status-publish","format-standard","has-post-thumbnail","hentry","category-cientista-chefe-recursos-hidricos","category-noticias"],"jetpack_featured_media_url":"https:\/\/i0.wp.com\/cepas.ufc.br\/wp-content\/uploads\/2025\/06\/image4.jpg?fit=1280%2C960&ssl=1","jetpack_sharing_enabled":true,"_links":{"self":[{"href":"https:\/\/cepas.ufc.br\/en\/wp-json\/wp\/v2\/posts\/1834","targetHints":{"allow":["GET"]}}],"collection":[{"href":"https:\/\/cepas.ufc.br\/en\/wp-json\/wp\/v2\/posts"}],"about":[{"href":"https:\/\/cepas.ufc.br\/en\/wp-json\/wp\/v2\/types\/post"}],"author":[{"embeddable":true,"href":"https:\/\/cepas.ufc.br\/en\/wp-json\/wp\/v2\/users\/1"}],"replies":[{"embeddable":true,"href":"https:\/\/cepas.ufc.br\/en\/wp-json\/wp\/v2\/comments?post=1834"}],"version-history":[{"count":3,"href":"https:\/\/cepas.ufc.br\/en\/wp-json\/wp\/v2\/posts\/1834\/revisions"}],"predecessor-version":[{"id":1842,"href":"https:\/\/cepas.ufc.br\/en\/wp-json\/wp\/v2\/posts\/1834\/revisions\/1842"}],"wp:featuredmedia":[{"embeddable":true,"href":"https:\/\/cepas.ufc.br\/en\/wp-json\/wp\/v2\/media\/1838"}],"wp:attachment":[{"href":"https:\/\/cepas.ufc.br\/en\/wp-json\/wp\/v2\/media?parent=1834"}],"wp:term":[{"taxonomy":"category","embeddable":true,"href":"https:\/\/cepas.ufc.br\/en\/wp-json\/wp\/v2\/categories?post=1834"},{"taxonomy":"post_tag","embeddable":true,"href":"https:\/\/cepas.ufc.br\/en\/wp-json\/wp\/v2\/tags?post=1834"}],"curies":[{"name":"wp","href":"https:\/\/api.w.org\/{rel}","templated":true}]}}