{"id":1850,"date":"2025-06-17T16:38:57","date_gmt":"2025-06-17T16:38:57","guid":{"rendered":"https:\/\/cepas.ufc.br\/?p=1850"},"modified":"2025-06-17T16:40:18","modified_gmt":"2025-06-17T16:40:18","slug":"itapiuna-e-capistrano-comissoes-gestoras-avancam-em-novas-etapas-dos-planos-de-gestao-proativa-de-secas-nos-acudes-castro-e-pesqueiro","status":"publish","type":"post","link":"https:\/\/cepas.ufc.br\/en\/itapiuna-e-capistrano-comissoes-gestoras-avancam-em-novas-etapas-dos-planos-de-gestao-proativa-de-secas-nos-acudes-castro-e-pesqueiro\/","title":{"rendered":"Itapi\u00fana e Capistrano: Comiss\u00f5es Gestoras avan\u00e7am em novas etapas dos Planos de Gest\u00e3o Proativa de Secas nos a\u00e7udes Castro e Pesqueiro"},"content":{"rendered":"<figure class=\"wp-block-image aligncenter size-large\"><img data-recalc-dims=\"1\" fetchpriority=\"high\" decoding=\"async\" width=\"800\" height=\"486\" src=\"https:\/\/i0.wp.com\/cepas.ufc.br\/wp-content\/uploads\/2025\/06\/image5.png?resize=800%2C486&#038;ssl=1\" alt=\"\" class=\"wp-image-1855\" srcset=\"https:\/\/i0.wp.com\/cepas.ufc.br\/wp-content\/uploads\/2025\/06\/image5.png?resize=1024%2C622&amp;ssl=1 1024w, https:\/\/i0.wp.com\/cepas.ufc.br\/wp-content\/uploads\/2025\/06\/image5.png?resize=300%2C182&amp;ssl=1 300w, https:\/\/i0.wp.com\/cepas.ufc.br\/wp-content\/uploads\/2025\/06\/image5.png?resize=768%2C466&amp;ssl=1 768w, https:\/\/i0.wp.com\/cepas.ufc.br\/wp-content\/uploads\/2025\/06\/image5.png?resize=1536%2C933&amp;ssl=1 1536w, https:\/\/i0.wp.com\/cepas.ufc.br\/wp-content\/uploads\/2025\/06\/image5.png?resize=18%2C12&amp;ssl=1 18w, https:\/\/i0.wp.com\/cepas.ufc.br\/wp-content\/uploads\/2025\/06\/image5.png?w=1999&amp;ssl=1 1999w, https:\/\/i0.wp.com\/cepas.ufc.br\/wp-content\/uploads\/2025\/06\/image5.png?w=1600&amp;ssl=1 1600w\" sizes=\"(max-width: 800px) 100vw, 800px\" \/><\/figure>\n\n\n\n<p class=\"has-text-align-center\"><em>A reuni\u00e3o ocorreu no Sindicato dos Trabalhadores Rurais de Itapi\u00fana (CE)<\/em><\/p>\n\n\n\n<p class=\"\">Nos dias 11 e 12 de junho, as <strong>Comiss\u00f5es Gestoras dos a\u00e7udes Castro e Pesqueiro continuaram as atividades do <\/strong><a href=\"https:\/\/cepas.ufc.br\/en\/planos-de-gestao-proativa-de-secas-hub\/\"><strong>Plano de Gest\u00e3o Proativa de Secas<\/strong><\/a><strong> dos hidrossistemas<\/strong>. Compondo a 2\u00aa rodada de oficinas para elabora\u00e7\u00e3o dos planos que preparam as regi\u00f5es para os desafios da seca, os encontros ocorreram nos munic\u00edpios cearenses de Itapi\u00fana e Capistrano.&nbsp;<\/p>\n\n\n\n<p class=\"\">Conduzidas pelos professores Marcelo Cavalcanti, Luiz J\u00fanior e Alexandre Costa (Universidade da Integra\u00e7\u00e3o Internacional da Lusofonia Afro-Brasileira \u2013 Unilab), as reuni\u00f5es contaram com o apoio da equipe t\u00e9cnica da Companhia de Gest\u00e3o dos Recursos H\u00eddricos (COGERH). <strong>O objetivo foi apresentar o Diagn\u00f3stico dos Planos<\/strong>, que foi desenvolvido mediante os resultados dos primeiros encontros junto \u00e0s Comiss\u00f5es Gestoras (CG) e dos dados fornecidos pelos t\u00e9cnicos.&nbsp;<\/p>\n\n\n\n<p class=\"\">As primeiras oficinas foram realizadas nos mesmos munic\u00edpios, que integram a Regi\u00e3o Hidrogr\u00e1fica das Bacias Metropolitanas. Os trabalhos tiveram in\u00edcio com reuni\u00f5es nos dias 14 e 15 de maio passado.<\/p>\n\n\n\n<figure class=\"wp-block-image aligncenter size-large\"><img data-recalc-dims=\"1\" decoding=\"async\" width=\"800\" height=\"600\" src=\"https:\/\/i0.wp.com\/cepas.ufc.br\/wp-content\/uploads\/2025\/06\/image1-1.jpg?resize=800%2C600&#038;ssl=1\" alt=\"\" class=\"wp-image-1851\" srcset=\"https:\/\/i0.wp.com\/cepas.ufc.br\/wp-content\/uploads\/2025\/06\/image1-1.jpg?resize=1024%2C768&amp;ssl=1 1024w, https:\/\/i0.wp.com\/cepas.ufc.br\/wp-content\/uploads\/2025\/06\/image1-1.jpg?resize=300%2C225&amp;ssl=1 300w, https:\/\/i0.wp.com\/cepas.ufc.br\/wp-content\/uploads\/2025\/06\/image1-1.jpg?resize=768%2C576&amp;ssl=1 768w, https:\/\/i0.wp.com\/cepas.ufc.br\/wp-content\/uploads\/2025\/06\/image1-1.jpg?resize=1536%2C1153&amp;ssl=1 1536w, https:\/\/i0.wp.com\/cepas.ufc.br\/wp-content\/uploads\/2025\/06\/image1-1.jpg?resize=16%2C12&amp;ssl=1 16w, https:\/\/i0.wp.com\/cepas.ufc.br\/wp-content\/uploads\/2025\/06\/image1-1.jpg?w=1999&amp;ssl=1 1999w, https:\/\/i0.wp.com\/cepas.ufc.br\/wp-content\/uploads\/2025\/06\/image1-1.jpg?w=1600&amp;ssl=1 1600w\" sizes=\"(max-width: 800px) 100vw, 800px\" \/><\/figure>\n\n\n\n<p class=\"has-text-align-center\"><em>Reuni\u00e3o da Comiss\u00e3o Gestora do A\u00e7ude Pesqueiro, em Capistrano (CE)<\/em><\/p>\n\n\n\n<h2 class=\"wp-block-heading\"><strong>O que foi discutido?<\/strong><\/h2>\n\n\n\n<p class=\"\">Resgatando a <strong>mem\u00f3ria social<\/strong> sobre os eventos de seca, narrados pelos participantes das <a href=\"https:\/\/cepas.ufc.br\/en\/comissoes-gestoras-iniciam-novos-planos-de-gestao-proativa-de-secas-nos-hidrossistemas-castro-e-pesqueiro\/\">primeiras oficinas<\/a> (14 e 15 de maio passado), os professores apresentaram imagens para contextualizar a nova etapa. Em seguida, o resultado do question\u00e1rio aplicado anteriormente subsidiou o diagn\u00f3stico que tamb\u00e9m foi exposto.\u00a0<\/p>\n\n\n\n<figure class=\"wp-block-image aligncenter size-large\"><img data-recalc-dims=\"1\" decoding=\"async\" width=\"800\" height=\"534\" src=\"https:\/\/i0.wp.com\/cepas.ufc.br\/wp-content\/uploads\/2025\/06\/image6.png?resize=800%2C534&#038;ssl=1\" alt=\"\" class=\"wp-image-1856\" srcset=\"https:\/\/i0.wp.com\/cepas.ufc.br\/wp-content\/uploads\/2025\/06\/image6.png?resize=1024%2C683&amp;ssl=1 1024w, https:\/\/i0.wp.com\/cepas.ufc.br\/wp-content\/uploads\/2025\/06\/image6.png?resize=300%2C200&amp;ssl=1 300w, https:\/\/i0.wp.com\/cepas.ufc.br\/wp-content\/uploads\/2025\/06\/image6.png?resize=768%2C513&amp;ssl=1 768w, https:\/\/i0.wp.com\/cepas.ufc.br\/wp-content\/uploads\/2025\/06\/image6.png?resize=1536%2C1025&amp;ssl=1 1536w, https:\/\/i0.wp.com\/cepas.ufc.br\/wp-content\/uploads\/2025\/06\/image6.png?resize=18%2C12&amp;ssl=1 18w, https:\/\/i0.wp.com\/cepas.ufc.br\/wp-content\/uploads\/2025\/06\/image6.png?w=1999&amp;ssl=1 1999w, https:\/\/i0.wp.com\/cepas.ufc.br\/wp-content\/uploads\/2025\/06\/image6.png?w=1600&amp;ssl=1 1600w\" sizes=\"(max-width: 800px) 100vw, 800px\" \/><\/figure>\n\n\n\n<p class=\"has-text-align-center\"><em>Reuni\u00e3o da Comiss\u00e3o Gestora do A\u00e7ude Castro, em Itapi\u00fana (CE)<\/em><\/p>\n\n\n\n<figure class=\"wp-block-image aligncenter size-large is-resized\"><img data-recalc-dims=\"1\" loading=\"lazy\" decoding=\"async\" width=\"768\" height=\"1024\" src=\"https:\/\/i0.wp.com\/cepas.ufc.br\/wp-content\/uploads\/2025\/06\/image4-1.jpg?resize=768%2C1024&#038;ssl=1\" alt=\"\" class=\"wp-image-1854\" style=\"width:768px;height:auto\" srcset=\"https:\/\/i0.wp.com\/cepas.ufc.br\/wp-content\/uploads\/2025\/06\/image4-1.jpg?resize=768%2C1023&amp;ssl=1 768w, https:\/\/i0.wp.com\/cepas.ufc.br\/wp-content\/uploads\/2025\/06\/image4-1.jpg?resize=225%2C300&amp;ssl=1 225w, https:\/\/i0.wp.com\/cepas.ufc.br\/wp-content\/uploads\/2025\/06\/image4-1.jpg?resize=1153%2C1536&amp;ssl=1 1153w, https:\/\/i0.wp.com\/cepas.ufc.br\/wp-content\/uploads\/2025\/06\/image4-1.jpg?resize=9%2C12&amp;ssl=1 9w, https:\/\/i0.wp.com\/cepas.ufc.br\/wp-content\/uploads\/2025\/06\/image4-1.jpg?w=1500&amp;ssl=1 1500w\" sizes=\"(max-width: 768px) 100vw, 768px\" \/><\/figure>\n\n\n\n<p class=\"has-text-align-center\"><em>Reuni\u00e3o da Comiss\u00e3o Gestora do A\u00e7ude Pesqueiro, em Capistrano (CE)<\/em><\/p>\n\n\n\n<p class=\"\">O terceiro t\u00f3pico metodol\u00f3gico trabalhado nos encontros foi o <strong>Plano de A\u00e7\u00e3o<\/strong>, no qual os participantes foram divididos em grupos e assistidos pela equipe t\u00e9cnica. A ideia era discutir os<strong> impactos ambientais, sociais e econ\u00f4micos<\/strong> que o abastecimento de \u00e1gua pode gerar.\u00a0<\/p>\n\n\n\n<p class=\"\">A aplica\u00e7\u00e3o da ferramenta l\u00fadica que simula o gerenciamento coletivo de um reservat\u00f3rio, o <a href=\"https:\/\/cepas.ufc.br\/en\/seca-em-jogo-recurso-metodologico-inovador-para-gestao-da-secas-ganha-destaque-em-revista-internacional\/\"><strong>\u201cSeca em Jogo\u201d<\/strong><\/a>, tamb\u00e9m ocorreu. Segundo Marcelo Cavalcanti, foi bem aceito e desenvolvido pelos presentes.\u00a0<\/p>\n\n\n\n<figure class=\"wp-block-gallery has-nested-images columns-default is-cropped wp-block-gallery-1 is-layout-flex wp-block-gallery-is-layout-flex\">\n<figure class=\"wp-block-image aligncenter size-large\"><img data-recalc-dims=\"1\" loading=\"lazy\" decoding=\"async\" width=\"800\" height=\"448\" data-id=\"1857\" src=\"https:\/\/i0.wp.com\/cepas.ufc.br\/wp-content\/uploads\/2025\/06\/image7.png?resize=800%2C448&#038;ssl=1\" alt=\"\" class=\"wp-image-1857\" srcset=\"https:\/\/i0.wp.com\/cepas.ufc.br\/wp-content\/uploads\/2025\/06\/image7.png?resize=1024%2C574&amp;ssl=1 1024w, https:\/\/i0.wp.com\/cepas.ufc.br\/wp-content\/uploads\/2025\/06\/image7.png?resize=300%2C168&amp;ssl=1 300w, https:\/\/i0.wp.com\/cepas.ufc.br\/wp-content\/uploads\/2025\/06\/image7.png?resize=768%2C431&amp;ssl=1 768w, https:\/\/i0.wp.com\/cepas.ufc.br\/wp-content\/uploads\/2025\/06\/image7.png?resize=18%2C10&amp;ssl=1 18w, https:\/\/i0.wp.com\/cepas.ufc.br\/wp-content\/uploads\/2025\/06\/image7.png?w=1536&amp;ssl=1 1536w\" sizes=\"(max-width: 800px) 100vw, 800px\" \/><\/figure>\n\n\n\n<figure class=\"wp-block-image aligncenter size-large\"><img data-recalc-dims=\"1\" loading=\"lazy\" decoding=\"async\" width=\"800\" height=\"448\" data-id=\"1852\" src=\"https:\/\/i0.wp.com\/cepas.ufc.br\/wp-content\/uploads\/2025\/06\/image2.png?resize=800%2C448&#038;ssl=1\" alt=\"\" class=\"wp-image-1852\" srcset=\"https:\/\/i0.wp.com\/cepas.ufc.br\/wp-content\/uploads\/2025\/06\/image2.png?resize=1024%2C574&amp;ssl=1 1024w, https:\/\/i0.wp.com\/cepas.ufc.br\/wp-content\/uploads\/2025\/06\/image2.png?resize=300%2C168&amp;ssl=1 300w, https:\/\/i0.wp.com\/cepas.ufc.br\/wp-content\/uploads\/2025\/06\/image2.png?resize=768%2C431&amp;ssl=1 768w, https:\/\/i0.wp.com\/cepas.ufc.br\/wp-content\/uploads\/2025\/06\/image2.png?resize=18%2C10&amp;ssl=1 18w, https:\/\/i0.wp.com\/cepas.ufc.br\/wp-content\/uploads\/2025\/06\/image2.png?w=1536&amp;ssl=1 1536w\" sizes=\"(max-width: 800px) 100vw, 800px\" \/><\/figure>\n<\/figure>\n\n\n\n<p class=\"has-text-align-center\"><em>Aplica\u00e7\u00e3o do \u201cSeca em Jogo\u201d com a Comiss\u00e3o Gestora do A\u00e7ude Castro, em Itapi\u00fana (CE)<\/em><\/p>\n\n\n\n<figure class=\"wp-block-image aligncenter size-large\"><img data-recalc-dims=\"1\" loading=\"lazy\" decoding=\"async\" width=\"800\" height=\"600\" src=\"https:\/\/i0.wp.com\/cepas.ufc.br\/wp-content\/uploads\/2025\/06\/image3-1.jpg?resize=800%2C600&#038;ssl=1\" alt=\"\" class=\"wp-image-1853\" srcset=\"https:\/\/i0.wp.com\/cepas.ufc.br\/wp-content\/uploads\/2025\/06\/image3-1.jpg?resize=1024%2C768&amp;ssl=1 1024w, https:\/\/i0.wp.com\/cepas.ufc.br\/wp-content\/uploads\/2025\/06\/image3-1.jpg?resize=300%2C225&amp;ssl=1 300w, https:\/\/i0.wp.com\/cepas.ufc.br\/wp-content\/uploads\/2025\/06\/image3-1.jpg?resize=768%2C576&amp;ssl=1 768w, https:\/\/i0.wp.com\/cepas.ufc.br\/wp-content\/uploads\/2025\/06\/image3-1.jpg?resize=1536%2C1153&amp;ssl=1 1536w, https:\/\/i0.wp.com\/cepas.ufc.br\/wp-content\/uploads\/2025\/06\/image3-1.jpg?resize=16%2C12&amp;ssl=1 16w, https:\/\/i0.wp.com\/cepas.ufc.br\/wp-content\/uploads\/2025\/06\/image3-1.jpg?w=1999&amp;ssl=1 1999w, https:\/\/i0.wp.com\/cepas.ufc.br\/wp-content\/uploads\/2025\/06\/image3-1.jpg?w=1600&amp;ssl=1 1600w\" sizes=\"(max-width: 800px) 100vw, 800px\" \/><\/figure>\n\n\n\n<p class=\"has-text-align-center\"><em>Aplica\u00e7\u00e3o do \u201cSeca em Jogo\u201d com a Comiss\u00e3o Gestora do A\u00e7ude Pesqueiro, em Capistrano (CE)<\/em><\/p>\n\n\n\n<h2 class=\"wp-block-heading\"><strong>Saiba mais<\/strong><\/h2>\n\n\n\n<p class=\"\">Os Planos de Gest\u00e3o Proativa de Secas para Hidrossistemas <strong>re\u00fanem estudos e a\u00e7\u00f5es com o objetivo de mitigar os impactos das secas no estado do Cear\u00e1<\/strong>. O projeto \u00e9 uma realiza\u00e7\u00e3o do Programa Cientista Chefe: Recursos H\u00eddricos (<a href=\"https:\/\/www.instagram.com\/aguacientistachefe\/\">@aguacientistachefe<\/a>), desenvolvido pela Funda\u00e7\u00e3o Cearense de Apoio ao Desenvolvimento Cient\u00edfico e Tecnol\u00f3gico (<a href=\"https:\/\/www.instagram.com\/funcapce\/\">@funcapce<\/a>) e pela Secretaria dos Recursos H\u00eddricos do Estado do Cear\u00e1 (<a href=\"https:\/\/www.instagram.com\/recursoshidricosce\/\">@recursoshidricosce<\/a>).&nbsp;<\/p>\n\n\n\n<p class=\"\">A iniciativa tem como executores a Universidade Federal do Cear\u00e1 (<a href=\"https:\/\/www.instagram.com\/ufcinforma\/\">@ufcinforma<\/a>) e a Companhia de Gest\u00e3o dos Recursos H\u00eddricos (<a href=\"https:\/\/www.instagram.com\/cogerh\/\">@cogerh<\/a>), em parceria com os Comit\u00eas de Bacias Hidrogr\u00e1ficas (CBH) e as Comiss\u00f5es Gestoras \u2013 atores sociais que participam diretamente das decis\u00f5es sobre a aloca\u00e7\u00e3o de \u00e1gua no estado \u2013, al\u00e9m do apoio da Funda\u00e7\u00e3o Cearense de Meteorologia e Recursos H\u00eddricos (<a href=\"https:\/\/www.instagram.com\/funceme\/\">@funceme<\/a>).&nbsp;<\/p>\n\n\n\n<p class=\"\">O processo envolve a Rede Estadual de Pol\u00edticas de \u00c1guas e Secas (REGAS), formada por diferentes institui\u00e7\u00f5es de pesquisa do estado do Cear\u00e1, que realizam as oficinas e estudos para elabora\u00e7\u00e3o dos planos, a exemplo da Universidade da Integra\u00e7\u00e3o Internacional da Lusofonia Afro-Brasileira (Unilab), respons\u00e1vel pelo Plano de Seca dos Hidrossistemas Castro e Pesqueiro.<\/p>\n\n\n\n<p class=\"\">At\u00e9 o momento, o Cear\u00e1 tem <strong>12 planos conclu\u00eddos<\/strong> (Patu, Fogareiro-Quixeramobim, Carnaubal, Jaburu I, Missi, Teju\u00e7uoca, Trussu, Angicos, Ubaldinho, Riacho do Sangue, Acarape do Meio e Catucinzenta) e <strong>6 em desenvolvimento<\/strong> (Arneiroz II, Munda\u00fa, Cachoeira, Pedras Brancas, Castro e Pesqueiro).<\/p>\n\n\n\n<p class=\"\"><\/p>\n\n\n\n<p class=\"\"><\/p>","protected":false},"excerpt":{"rendered":"<p>A reuni\u00e3o ocorreu no Sindicato dos Trabalhadores Rurais de Itapi\u00fana (CE) Nos dias 11 e 12 de junho, as Comiss\u00f5es Gestoras dos a\u00e7udes Castro e Pesqueiro continuaram as atividades do Plano de Gest\u00e3o Proativa de Secas dos hidrossistemas. Compondo a 2\u00aa rodada de oficinas para elabora\u00e7\u00e3o dos planos que preparam as regi\u00f5es para os desafios da seca, os encontros ocorreram nos munic\u00edpios cearenses de Itapi\u00fana e Capistrano.&nbsp; Conduzidas pelos professores Marcelo Cavalcanti, Luiz J\u00fanior e Alexandre Costa (Universidade da Integra\u00e7\u00e3o Internacional da Lusofonia Afro-Brasileira \u2013 Unilab), as reuni\u00f5es contaram com o apoio da equipe t\u00e9cnica da Companhia de Gest\u00e3o dos Recursos H\u00eddricos (COGERH). O objetivo foi apresentar o Diagn\u00f3stico dos Planos, que foi desenvolvido mediante os resultados dos primeiros encontros junto \u00e0s Comiss\u00f5es Gestoras (CG) e dos dados fornecidos pelos t\u00e9cnicos.&nbsp; As primeiras oficinas foram realizadas nos mesmos munic\u00edpios, que integram a Regi\u00e3o Hidrogr\u00e1fica das Bacias Metropolitanas. Os trabalhos tiveram in\u00edcio com reuni\u00f5es nos dias 14 e 15 de maio passado. Reuni\u00e3o da Comiss\u00e3o Gestora do A\u00e7ude Pesqueiro, em Capistrano (CE) O que foi discutido? Resgatando a mem\u00f3ria social sobre os eventos de seca, narrados pelos participantes das primeiras oficinas (14 e 15 de maio passado), os professores apresentaram imagens para contextualizar a nova etapa. Em seguida, o resultado do question\u00e1rio aplicado anteriormente subsidiou o diagn\u00f3stico que tamb\u00e9m foi exposto.\u00a0 Reuni\u00e3o da Comiss\u00e3o Gestora do A\u00e7ude Castro, em Itapi\u00fana (CE) Reuni\u00e3o da Comiss\u00e3o Gestora do A\u00e7ude Pesqueiro, em Capistrano (CE) O terceiro t\u00f3pico metodol\u00f3gico trabalhado nos encontros foi o Plano de A\u00e7\u00e3o, no qual os participantes foram divididos em grupos e assistidos pela equipe t\u00e9cnica. A ideia era discutir os impactos ambientais, sociais e econ\u00f4micos que o abastecimento de \u00e1gua pode gerar.\u00a0 A aplica\u00e7\u00e3o da ferramenta l\u00fadica que simula o gerenciamento coletivo de um reservat\u00f3rio, o \u201cSeca em Jogo\u201d, tamb\u00e9m ocorreu. Segundo Marcelo Cavalcanti, foi bem aceito e desenvolvido pelos presentes.\u00a0 Aplica\u00e7\u00e3o do \u201cSeca em Jogo\u201d com a Comiss\u00e3o Gestora do A\u00e7ude Castro, em Itapi\u00fana (CE) Aplica\u00e7\u00e3o do \u201cSeca em Jogo\u201d com a Comiss\u00e3o Gestora do A\u00e7ude Pesqueiro, em Capistrano (CE) Saiba mais Os Planos de Gest\u00e3o Proativa de Secas para Hidrossistemas re\u00fanem estudos e a\u00e7\u00f5es com o objetivo de mitigar os impactos das secas no estado do Cear\u00e1. O projeto \u00e9 uma realiza\u00e7\u00e3o do Programa Cientista Chefe: Recursos H\u00eddricos (@aguacientistachefe), desenvolvido pela Funda\u00e7\u00e3o Cearense de Apoio ao Desenvolvimento Cient\u00edfico e Tecnol\u00f3gico (@funcapce) e pela Secretaria dos Recursos H\u00eddricos do Estado do Cear\u00e1 (@recursoshidricosce).&nbsp; A iniciativa tem como executores a Universidade Federal do Cear\u00e1 (@ufcinforma) e a Companhia de Gest\u00e3o dos Recursos H\u00eddricos (@cogerh), em parceria com os Comit\u00eas de Bacias Hidrogr\u00e1ficas (CBH) e as Comiss\u00f5es Gestoras \u2013 atores sociais que participam diretamente das decis\u00f5es sobre a aloca\u00e7\u00e3o de \u00e1gua no estado \u2013, al\u00e9m do apoio da Funda\u00e7\u00e3o Cearense de Meteorologia e Recursos H\u00eddricos (@funceme).&nbsp; O processo envolve a Rede Estadual de Pol\u00edticas de \u00c1guas e Secas (REGAS), formada por diferentes institui\u00e7\u00f5es de pesquisa do estado do Cear\u00e1, que realizam as oficinas e estudos para elabora\u00e7\u00e3o dos planos, a exemplo da Universidade da Integra\u00e7\u00e3o Internacional da Lusofonia Afro-Brasileira (Unilab), respons\u00e1vel pelo Plano de Seca dos Hidrossistemas Castro e Pesqueiro. At\u00e9 o momento, o Cear\u00e1 tem 12 planos conclu\u00eddos (Patu, Fogareiro-Quixeramobim, Carnaubal, Jaburu I, Missi, Teju\u00e7uoca, Trussu, Angicos, Ubaldinho, Riacho do Sangue, Acarape do Meio e Catucinzenta) e 6 em desenvolvimento (Arneiroz II, Munda\u00fa, Cachoeira, Pedras Brancas, Castro e Pesqueiro).<\/p>","protected":false},"author":1,"featured_media":1855,"comment_status":"open","ping_status":"open","sticky":false,"template":"","format":"standard","meta":{"nf_dc_page":"","_jetpack_memberships_contains_paid_content":false,"footnotes":""},"categories":[32,10],"tags":[],"class_list":["post-1850","post","type-post","status-publish","format-standard","has-post-thumbnail","hentry","category-cientista-chefe-recursos-hidricos","category-noticias"],"jetpack_featured_media_url":"https:\/\/i0.wp.com\/cepas.ufc.br\/wp-content\/uploads\/2025\/06\/image5.png?fit=1999%2C1214&ssl=1","jetpack_sharing_enabled":true,"_links":{"self":[{"href":"https:\/\/cepas.ufc.br\/en\/wp-json\/wp\/v2\/posts\/1850","targetHints":{"allow":["GET"]}}],"collection":[{"href":"https:\/\/cepas.ufc.br\/en\/wp-json\/wp\/v2\/posts"}],"about":[{"href":"https:\/\/cepas.ufc.br\/en\/wp-json\/wp\/v2\/types\/post"}],"author":[{"embeddable":true,"href":"https:\/\/cepas.ufc.br\/en\/wp-json\/wp\/v2\/users\/1"}],"replies":[{"embeddable":true,"href":"https:\/\/cepas.ufc.br\/en\/wp-json\/wp\/v2\/comments?post=1850"}],"version-history":[{"count":3,"href":"https:\/\/cepas.ufc.br\/en\/wp-json\/wp\/v2\/posts\/1850\/revisions"}],"predecessor-version":[{"id":1861,"href":"https:\/\/cepas.ufc.br\/en\/wp-json\/wp\/v2\/posts\/1850\/revisions\/1861"}],"wp:featuredmedia":[{"embeddable":true,"href":"https:\/\/cepas.ufc.br\/en\/wp-json\/wp\/v2\/media\/1855"}],"wp:attachment":[{"href":"https:\/\/cepas.ufc.br\/en\/wp-json\/wp\/v2\/media?parent=1850"}],"wp:term":[{"taxonomy":"category","embeddable":true,"href":"https:\/\/cepas.ufc.br\/en\/wp-json\/wp\/v2\/categories?post=1850"},{"taxonomy":"post_tag","embeddable":true,"href":"https:\/\/cepas.ufc.br\/en\/wp-json\/wp\/v2\/tags?post=1850"}],"curies":[{"name":"wp","href":"https:\/\/api.w.org\/{rel}","templated":true}]}}