{"id":1869,"date":"2025-07-03T13:52:15","date_gmt":"2025-07-03T13:52:15","guid":{"rendered":"https:\/\/cepas.ufc.br\/?p=1869"},"modified":"2025-07-03T13:52:20","modified_gmt":"2025-07-03T13:52:20","slug":"parceria-entre-ufc-e-prefeitura-preve-mapear-e-recuperar-areas-verdes","status":"publish","type":"post","link":"https:\/\/cepas.ufc.br\/en\/parceria-entre-ufc-e-prefeitura-preve-mapear-e-recuperar-areas-verdes\/","title":{"rendered":"Parceria entre UFC e prefeitura prev\u00ea mapear e recuperar \u00e1reas verdes"},"content":{"rendered":"<p class=\"has-text-align-center\">O objetivo do pacto \u00e9 realizar a\u00e7\u00f5es integradas de mapeamento das \u00e1reas verdes da Cidade, estudos sobre habita\u00e7\u00e3o e projetos voltados \u00e0 urbaniza\u00e7\u00e3o sustent\u00e1vel<\/p>\n\n\n\n<figure class=\"wp-block-image aligncenter size-full\"><img data-recalc-dims=\"1\" fetchpriority=\"high\" decoding=\"async\" width=\"800\" height=\"448\" src=\"https:\/\/i0.wp.com\/cepas.ufc.br\/wp-content\/uploads\/2025\/07\/1_acude_santo_anastacio_foto_por_ribamar_neto-35446772.jpg?resize=800%2C448&#038;ssl=1\" alt=\"\" class=\"wp-image-1870\" srcset=\"https:\/\/i0.wp.com\/cepas.ufc.br\/wp-content\/uploads\/2025\/07\/1_acude_santo_anastacio_foto_por_ribamar_neto-35446772.jpg?w=820&amp;ssl=1 820w, https:\/\/i0.wp.com\/cepas.ufc.br\/wp-content\/uploads\/2025\/07\/1_acude_santo_anastacio_foto_por_ribamar_neto-35446772.jpg?resize=300%2C168&amp;ssl=1 300w, https:\/\/i0.wp.com\/cepas.ufc.br\/wp-content\/uploads\/2025\/07\/1_acude_santo_anastacio_foto_por_ribamar_neto-35446772.jpg?resize=768%2C430&amp;ssl=1 768w, https:\/\/i0.wp.com\/cepas.ufc.br\/wp-content\/uploads\/2025\/07\/1_acude_santo_anastacio_foto_por_ribamar_neto-35446772.jpg?resize=18%2C10&amp;ssl=1 18w\" sizes=\"(max-width: 800px) 100vw, 800px\" \/><\/figure>\n\n\n\n<p class=\"has-text-align-center\"><strong>Na foto, o a\u00e7ude Santo Anast\u00e1cio, que est\u00e1 100% comprometido \/ Cr\u00e9dito: Divulga\u00e7\u00e3o\/Ribamar Neto<\/strong><\/p>\n\n\n\n<p class=\"\">Na tarde desta ter\u00e7a-feira, 1\u00ba, a Universidade Federal do Cear\u00e1 (UFC) e a Prefeitura de Fortaleza firmaram um acordo de coopera\u00e7\u00e3o t\u00e9cnica na \u00e1rea ambiental. Est\u00e3o envolvidos no pacto a Secretaria Municipal de Urbanismo e Meio Ambiente (Seuma) e o Laborat\u00f3rio de Ci\u00eancias do Mar (Labomar).<\/p>\n\n\n\n<p class=\"\">O objetivo \u00e9 realizar a\u00e7\u00f5es integradas de mapeamento das \u00e1reas verdes da Cidade, estudos sobre habita\u00e7\u00e3o e projetos voltados \u00e0 urbaniza\u00e7\u00e3o sustent\u00e1vel. Como o projeto est\u00e1 em fase inicial, os valores de futuras a\u00e7\u00f5es n\u00e3o foram divulgados. Foi feita uma visita ao a\u00e7ude Santo Anast\u00e1cio, a trilha da Matinha do Pici, a Lagoa do Porangabu\u00e7u e no territ\u00f3rio pr\u00f3ximo do canal da Bela Vista.<\/p>\n\n\n\n<h2 class=\"wp-block-heading\"><strong>Acordo de coopera\u00e7\u00e3o surgiu a partir de estudo sobre polui\u00e7\u00e3o em a\u00e7ude<\/strong><\/h2>\n\n\n\n<p class=\"\">O reitor da UFC, Cust\u00f3dio Almeida, explica que, o Centro Estrat\u00e9gico de Excel\u00eancia em pol\u00edticas de \u00c1guas e Secas (Cepas) junto da Secretaria do Meio Ambiente (SMA) da UFC, pensou em a\u00e7\u00f5es para recuperar o a\u00e7ude Santo Anast\u00e1cio, que fica localizado no campus do Pici. <\/p>\n\n\n\n<p class=\"\">Para tratar o Santo Anast\u00e1cio, \u00e9 preciso envolver diferentes pastas do munic\u00edpio, como a Companhia de \u00c1gua e Esgoto do Cear\u00e1 (Cagece), a Funda\u00e7\u00e3o do Desenvolvimento Habitacional de Fortaleza (Habitafor) e at\u00e9 mesmo a Secretaria do Meio Ambiente e Mudan\u00e7a do Clima (Sema), ligada ao Estado.<\/p>\n\n\n\n<p class=\"\">\u201cA gente resolveu se reunir com o prefeito e mostrar a ele que a a\u00e7\u00e3o de recuperar o Santo Anast\u00e1cio implicaria o trabalho em rede para tratar toda a bacia e rede hidr\u00e1ulica\u201d. A amplia\u00e7\u00e3o da conversa resultou no acordo de coopera\u00e7\u00e3o estabelecido entre as duas partes nesta ter\u00e7a-feira, 1\u00ba.<\/p>\n\n\n\n<p class=\"\">O a\u00e7ude faz parte da bacia h\u00eddrica que liga a Lagoa da Parangaba at\u00e9 o Rio Maranguapinho, e \u00e9 um dos 67 corpos d\u2019\u00e1gua da Capital que est\u00e1 com problemas de <strong>polui\u00e7\u00e3o forte.<\/strong><\/p>\n\n\n\n<p class=\"\">Atualmente, Fortaleza possui apenas 16% das matas nativas. A proposta da UFC, junto ao Labomar, \u00e9 recuperar muitas das \u00e1reas que est\u00e3o deterioradas, sejam elas por ocupa\u00e7\u00f5es indevidas ou abandono.<\/p>\n\n\n\n<p class=\"\">\u201cO acordo deixou de ser s\u00f3 \u00e0 \u00e1rea de \u00e1guas e passou tamb\u00e9m a ser um acordo para cuidar de matas e dunas. \u00c9 um amplo acordo de coopera\u00e7\u00e3o entre a prefeitura, por meio da Seuma, e da UFC, com seus professores, cientistas e estudantes, que v\u00e3o prestar servi\u00e7os e consultorias das orienta\u00e7\u00f5es para tornar Fortaleza uma cidade cada vez mais sustent\u00e1vel&#8221;, afirmou Cust\u00f3dio.<\/p>\n\n\n\n<p class=\"\">O reitor destacou tamb\u00e9m que, a organiza\u00e7\u00e3o do plano de trabalho deve ser iniciada ainda neste m\u00eas de julho. \u201cN\u00f3s estamos prevendo um plano de trabalho para fazer atua\u00e7\u00f5es inicialmente no a\u00e7ude Santo Anast\u00e1cio. Vamos envolver as pessoas necess\u00e1rias e come\u00e7ar o trabalho imediatamente\u201d.<\/p>\n\n\n\n<p class=\"\">As expectativas do reitor \u00e9 de conseguir organizar uma agenda de cuidados ambientais na Capital, envolvendo as tr\u00eas \u00e1reas naturais: lagoas, matas e dunas.<\/p>\n\n\n\n<p class=\"\"><br>\u201cA expectativa \u00e9 que n\u00f3s tenhamos uma Fortaleza com mais educa\u00e7\u00e3o ambiental, mais compromisso com o meio ambiente e uma Cidade cada vez mais sustent\u00e1vel&#8221;, concluiu Cust\u00f3dio.<\/p>\n\n\n\n<h2 class=\"wp-block-heading\"><strong>Prefeitura e pesquisadores da UFC far\u00e3o estudos sobre situa\u00e7\u00e3o<\/strong><\/h2>\n\n\n\n<p class=\"\">A titular da (SMA) da UFC, Aliny Abreu, esclarece que ser\u00e3o feitos diversos estudos e an\u00e1lises com pesquisadores da UFC e profissionais de pastas ambientais da prefeitura.<\/p>\n\n\n\n<p class=\"\">A ideia \u00e9 fortalecer estudos e projetos a partir do acordo, que ir\u00e1 contemplar a\u00e7\u00f5es nas lagoas e corpos h\u00eddricos da Cidade \u201cNosso foco e primeiro modelo de refer\u00eancia \u00e9 o a\u00e7ude Santo Anast\u00e1cio\u201d.<\/p>\n\n\n\n<p class=\"\">O a\u00e7ude fica dentro da bacia do Rio Maranguapinho e recebe \u00e1gua de outros afluentes, como a Lagoa da Parangaba.<\/p>\n\n\n\n<figure class=\"wp-block-image aligncenter size-full\"><img data-recalc-dims=\"1\" decoding=\"async\" width=\"750\" height=\"500\" src=\"https:\/\/i0.wp.com\/cepas.ufc.br\/wp-content\/uploads\/2025\/07\/1_acude_santo_anastacio_cheio_de_aguapes-35447792.jpg?resize=750%2C500&#038;ssl=1\" alt=\"\" class=\"wp-image-1871\" srcset=\"https:\/\/i0.wp.com\/cepas.ufc.br\/wp-content\/uploads\/2025\/07\/1_acude_santo_anastacio_cheio_de_aguapes-35447792.jpg?w=750&amp;ssl=1 750w, https:\/\/i0.wp.com\/cepas.ufc.br\/wp-content\/uploads\/2025\/07\/1_acude_santo_anastacio_cheio_de_aguapes-35447792.jpg?resize=300%2C200&amp;ssl=1 300w, https:\/\/i0.wp.com\/cepas.ufc.br\/wp-content\/uploads\/2025\/07\/1_acude_santo_anastacio_cheio_de_aguapes-35447792.jpg?resize=18%2C12&amp;ssl=1 18w\" sizes=\"(max-width: 750px) 100vw, 750px\" \/><\/figure>\n\n\n\n<p class=\"has-text-align-center\"><strong>Na foto, o a\u00e7ude Santo Anast\u00e1cio coberto por aguap\u00e9s \/ Cr\u00e9dito: Divulga\u00e7\u00e3o\/Ribamar Neto<\/strong><\/p>\n\n\n\n<figure class=\"wp-block-image aligncenter size-full\"><img data-recalc-dims=\"1\" decoding=\"async\" width=\"750\" height=\"500\" src=\"https:\/\/i0.wp.com\/cepas.ufc.br\/wp-content\/uploads\/2025\/07\/1_visita_tecnica_ao_acude_santo_anastacio_2025-35447758.jpg?resize=750%2C500&#038;ssl=1\" alt=\"\" class=\"wp-image-1872\" srcset=\"https:\/\/i0.wp.com\/cepas.ufc.br\/wp-content\/uploads\/2025\/07\/1_visita_tecnica_ao_acude_santo_anastacio_2025-35447758.jpg?w=750&amp;ssl=1 750w, https:\/\/i0.wp.com\/cepas.ufc.br\/wp-content\/uploads\/2025\/07\/1_visita_tecnica_ao_acude_santo_anastacio_2025-35447758.jpg?resize=300%2C200&amp;ssl=1 300w, https:\/\/i0.wp.com\/cepas.ufc.br\/wp-content\/uploads\/2025\/07\/1_visita_tecnica_ao_acude_santo_anastacio_2025-35447758.jpg?resize=18%2C12&amp;ssl=1 18w\" sizes=\"(max-width: 750px) 100vw, 750px\" \/><\/figure>\n\n\n\n<p class=\"has-text-align-center\"><strong>Visita\u00e7\u00e3o t\u00e9cnica ao a\u00e7ude Santo Anast\u00e1cio, que faz parte da bacia h\u00eddrica que liga a Lagoa da Parangaba at\u00e9 o Rio Maranguapinho \/ Cr\u00e9dito: Divulga\u00e7\u00e3o\/Ribamar Neto<\/strong><\/p>\n\n\n\n<figure class=\"wp-block-image aligncenter size-full\"><img data-recalc-dims=\"1\" loading=\"lazy\" decoding=\"async\" width=\"800\" height=\"533\" src=\"https:\/\/i0.wp.com\/cepas.ufc.br\/wp-content\/uploads\/2025\/07\/image2.jpg?resize=800%2C533&#038;ssl=1\" alt=\"\" class=\"wp-image-1865\" srcset=\"https:\/\/i0.wp.com\/cepas.ufc.br\/wp-content\/uploads\/2025\/07\/image2.jpg?w=1999&amp;ssl=1 1999w, https:\/\/i0.wp.com\/cepas.ufc.br\/wp-content\/uploads\/2025\/07\/image2.jpg?resize=300%2C200&amp;ssl=1 300w, https:\/\/i0.wp.com\/cepas.ufc.br\/wp-content\/uploads\/2025\/07\/image2.jpg?resize=1024%2C683&amp;ssl=1 1024w, https:\/\/i0.wp.com\/cepas.ufc.br\/wp-content\/uploads\/2025\/07\/image2.jpg?resize=768%2C512&amp;ssl=1 768w, https:\/\/i0.wp.com\/cepas.ufc.br\/wp-content\/uploads\/2025\/07\/image2.jpg?resize=1536%2C1024&amp;ssl=1 1536w, https:\/\/i0.wp.com\/cepas.ufc.br\/wp-content\/uploads\/2025\/07\/image2.jpg?resize=18%2C12&amp;ssl=1 18w, https:\/\/i0.wp.com\/cepas.ufc.br\/wp-content\/uploads\/2025\/07\/image2.jpg?w=1600&amp;ssl=1 1600w\" sizes=\"(max-width: 800px) 100vw, 800px\" \/><\/figure>\n\n\n\n<p class=\"has-text-align-center\"><strong>Prefeitura de Fortaleza e UFC firmam acordo de coopera\u00e7\u00e3o t\u00e9cnica para mapear e recuperar \u00e1reas verdes na Capital \/ Cr\u00e9dito: Divulga\u00e7\u00e3o\/Ribamar Neto<\/strong><\/p>\n\n\n\n<p class=\"\">As futuras a\u00e7\u00f5es ser\u00e3o contempladas por multiprofissionais, que analisar\u00e3o toda a complexidade da situa\u00e7\u00e3o. De acordo com Aliny, o caso envolve um plano de drenagem da Cidade a um plano de saneamento b\u00e1sico, que ainda n\u00e3o est\u00e1 finalizado no munic\u00edpio.<\/p>\n\n\n\n<p class=\"\">\u201cTem muito assentamento prec\u00e1rio em \u00e1reas de risco que est\u00e3o pegando esses corpos h\u00eddricos&#8221;, afirmou a titular da SMA.<\/p>\n\n\n\n<p class=\"\"><br>Aliny afirma que a polui\u00e7\u00e3o no a\u00e7ude \u00e9 \u201cintegral\u201d, e que pode ser considerada em 100%.<\/p>\n\n\n\n<p class=\"\"><br>\u201cJorra esgoto em natura para dentro do canal, al\u00e9m de outras liga\u00e7\u00f5es clandestinas. Isso t\u00e1 trazendo essa carga de enxofre de f\u00f3sforo e nitrog\u00eanio, que s\u00e3o nutrientes que alimentam as macr\u00f3fitas\u201d<\/p>\n\n\n\n<p class=\"\"><br>Ela continua: \u201cEssa carga exagerada de nutrientes, a partir dessa contribui\u00e7\u00e3o de esgoto, torna o ambiente aqu\u00e1tico completamente invi\u00e1velao ecossistema&#8221;, detalhou a pesquisadora.<\/p>\n\n\n\n<p class=\"\"><br>Al\u00e9m da recupera\u00e7\u00e3o das \u00e1reas verdes, Aliny afirma que um mapeamento sobre os locais deve ser feito. \u201cA gente n\u00e3o tem um documento mostrando como a gente perdeu as \u00e1reas verdes ao longo do tempo e como Fortaleza pode fazer para recuperar grande porcentagem delas\u201d, explicou.<\/p>\n\n\n\n<p class=\"\"><br>O plano emergencial para recuperar a \u00e1rea do a\u00e7ude deve ter dura\u00e7\u00e3o de pelo menos um ano. O local tamb\u00e9m servir\u00e1 como um \u201ca\u00e7ude-escola\u201d, realizando treinamentos a alunos de p\u00f3s-gradua\u00e7\u00e3o da UFC e t\u00e9cnicos da prefeitura e Estado.<\/p>\n\n\n\n<p class=\"\">Outra parte da estrat\u00e9gia envolve o levantamento do estado de tubula\u00e7\u00f5es. Para isso, seria feita a cria\u00e7\u00e3o de rob\u00f4s com tecnologia embarcada, que ter\u00e3o sensores espec\u00edficos para realizar estudos de assoreamento.<\/p>\n\n\n\n<p class=\"\">\u201cA gente precisa fazer todo um levantamento bem rigoroso para a tomar as medidas cab\u00edveis dentro de cada situa\u00e7\u00e3o&#8221;, conclui Aliny Abreu.<\/p>\n\n\n\n<p class=\"\">Originalmente em: <a href=\"https:\/\/www.opovo.com.br\/noticias\/fortaleza\/2025\/07\/01\/parceria-entre-ufc-e-prefeitura-preve-mapear-e-recuperar-areas-verdes.html\">https:\/\/www.opovo.com.br\/noticias\/fortaleza\/2025\/07\/01\/parceria-entre-ufc-e-prefeitura-preve-mapear-e-recuperar-areas-verdes.html<\/a><\/p>\n\n\n\n<p class=\"\"><\/p>","protected":false},"excerpt":{"rendered":"<p>O objetivo do pacto \u00e9 realizar a\u00e7\u00f5es integradas de mapeamento das \u00e1reas verdes da Cidade, estudos sobre habita\u00e7\u00e3o e projetos voltados \u00e0 urbaniza\u00e7\u00e3o sustent\u00e1vel Na foto, o a\u00e7ude Santo Anast\u00e1cio, que est\u00e1 100% comprometido \/ Cr\u00e9dito: Divulga\u00e7\u00e3o\/Ribamar Neto Na tarde desta ter\u00e7a-feira, 1\u00ba, a Universidade Federal do Cear\u00e1 (UFC) e a Prefeitura de Fortaleza firmaram um acordo de coopera\u00e7\u00e3o t\u00e9cnica na \u00e1rea ambiental. Est\u00e3o envolvidos no pacto a Secretaria Municipal de Urbanismo e Meio Ambiente (Seuma) e o Laborat\u00f3rio de Ci\u00eancias do Mar (Labomar). O objetivo \u00e9 realizar a\u00e7\u00f5es integradas de mapeamento das \u00e1reas verdes da Cidade, estudos sobre habita\u00e7\u00e3o e projetos voltados \u00e0 urbaniza\u00e7\u00e3o sustent\u00e1vel. Como o projeto est\u00e1 em fase inicial, os valores de futuras a\u00e7\u00f5es n\u00e3o foram divulgados. Foi feita uma visita ao a\u00e7ude Santo Anast\u00e1cio, a trilha da Matinha do Pici, a Lagoa do Porangabu\u00e7u e no territ\u00f3rio pr\u00f3ximo do canal da Bela Vista. Acordo de coopera\u00e7\u00e3o surgiu a partir de estudo sobre polui\u00e7\u00e3o em a\u00e7ude O reitor da UFC, Cust\u00f3dio Almeida, explica que, o Centro Estrat\u00e9gico de Excel\u00eancia em pol\u00edticas de \u00c1guas e Secas (Cepas) junto da Secretaria do Meio Ambiente (SMA) da UFC, pensou em a\u00e7\u00f5es para recuperar o a\u00e7ude Santo Anast\u00e1cio, que fica localizado no campus do Pici. Para tratar o Santo Anast\u00e1cio, \u00e9 preciso envolver diferentes pastas do munic\u00edpio, como a Companhia de \u00c1gua e Esgoto do Cear\u00e1 (Cagece), a Funda\u00e7\u00e3o do Desenvolvimento Habitacional de Fortaleza (Habitafor) e at\u00e9 mesmo a Secretaria do Meio Ambiente e Mudan\u00e7a do Clima (Sema), ligada ao Estado. \u201cA gente resolveu se reunir com o prefeito e mostrar a ele que a a\u00e7\u00e3o de recuperar o Santo Anast\u00e1cio implicaria o trabalho em rede para tratar toda a bacia e rede hidr\u00e1ulica\u201d. A amplia\u00e7\u00e3o da conversa resultou no acordo de coopera\u00e7\u00e3o estabelecido entre as duas partes nesta ter\u00e7a-feira, 1\u00ba. O a\u00e7ude faz parte da bacia h\u00eddrica que liga a Lagoa da Parangaba at\u00e9 o Rio Maranguapinho, e \u00e9 um dos 67 corpos d\u2019\u00e1gua da Capital que est\u00e1 com problemas de polui\u00e7\u00e3o forte. Atualmente, Fortaleza possui apenas 16% das matas nativas. A proposta da UFC, junto ao Labomar, \u00e9 recuperar muitas das \u00e1reas que est\u00e3o deterioradas, sejam elas por ocupa\u00e7\u00f5es indevidas ou abandono. \u201cO acordo deixou de ser s\u00f3 \u00e0 \u00e1rea de \u00e1guas e passou tamb\u00e9m a ser um acordo para cuidar de matas e dunas. \u00c9 um amplo acordo de coopera\u00e7\u00e3o entre a prefeitura, por meio da Seuma, e da UFC, com seus professores, cientistas e estudantes, que v\u00e3o prestar servi\u00e7os e consultorias das orienta\u00e7\u00f5es para tornar Fortaleza uma cidade cada vez mais sustent\u00e1vel&#8221;, afirmou Cust\u00f3dio. O reitor destacou tamb\u00e9m que, a organiza\u00e7\u00e3o do plano de trabalho deve ser iniciada ainda neste m\u00eas de julho. \u201cN\u00f3s estamos prevendo um plano de trabalho para fazer atua\u00e7\u00f5es inicialmente no a\u00e7ude Santo Anast\u00e1cio. Vamos envolver as pessoas necess\u00e1rias e come\u00e7ar o trabalho imediatamente\u201d. As expectativas do reitor \u00e9 de conseguir organizar uma agenda de cuidados ambientais na Capital, envolvendo as tr\u00eas \u00e1reas naturais: lagoas, matas e dunas. \u201cA expectativa \u00e9 que n\u00f3s tenhamos uma Fortaleza com mais educa\u00e7\u00e3o ambiental, mais compromisso com o meio ambiente e uma Cidade cada vez mais sustent\u00e1vel&#8221;, concluiu Cust\u00f3dio. Prefeitura e pesquisadores da UFC far\u00e3o estudos sobre situa\u00e7\u00e3o A titular da (SMA) da UFC, Aliny Abreu, esclarece que ser\u00e3o feitos diversos estudos e an\u00e1lises com pesquisadores da UFC e profissionais de pastas ambientais da prefeitura. A ideia \u00e9 fortalecer estudos e projetos a partir do acordo, que ir\u00e1 contemplar a\u00e7\u00f5es nas lagoas e corpos h\u00eddricos da Cidade \u201cNosso foco e primeiro modelo de refer\u00eancia \u00e9 o a\u00e7ude Santo Anast\u00e1cio\u201d. O a\u00e7ude fica dentro da bacia do Rio Maranguapinho e recebe \u00e1gua de outros afluentes, como a Lagoa da Parangaba. Na foto, o a\u00e7ude Santo Anast\u00e1cio coberto por aguap\u00e9s \/ Cr\u00e9dito: Divulga\u00e7\u00e3o\/Ribamar Neto Visita\u00e7\u00e3o t\u00e9cnica ao a\u00e7ude Santo Anast\u00e1cio, que faz parte da bacia h\u00eddrica que liga a Lagoa da Parangaba at\u00e9 o Rio Maranguapinho \/ Cr\u00e9dito: Divulga\u00e7\u00e3o\/Ribamar Neto Prefeitura de Fortaleza e UFC firmam acordo de coopera\u00e7\u00e3o t\u00e9cnica para mapear e recuperar \u00e1reas verdes na Capital \/ Cr\u00e9dito: Divulga\u00e7\u00e3o\/Ribamar Neto As futuras a\u00e7\u00f5es ser\u00e3o contempladas por multiprofissionais, que analisar\u00e3o toda a complexidade da situa\u00e7\u00e3o. De acordo com Aliny, o caso envolve um plano de drenagem da Cidade a um plano de saneamento b\u00e1sico, que ainda n\u00e3o est\u00e1 finalizado no munic\u00edpio. \u201cTem muito assentamento prec\u00e1rio em \u00e1reas de risco que est\u00e3o pegando esses corpos h\u00eddricos&#8221;, afirmou a titular da SMA. Aliny afirma que a polui\u00e7\u00e3o no a\u00e7ude \u00e9 \u201cintegral\u201d, e que pode ser considerada em 100%. \u201cJorra esgoto em natura para dentro do canal, al\u00e9m de outras liga\u00e7\u00f5es clandestinas. Isso t\u00e1 trazendo essa carga de enxofre de f\u00f3sforo e nitrog\u00eanio, que s\u00e3o nutrientes que alimentam as macr\u00f3fitas\u201d Ela continua: \u201cEssa carga exagerada de nutrientes, a partir dessa contribui\u00e7\u00e3o de esgoto, torna o ambiente aqu\u00e1tico completamente invi\u00e1velao ecossistema&#8221;, detalhou a pesquisadora. Al\u00e9m da recupera\u00e7\u00e3o das \u00e1reas verdes, Aliny afirma que um mapeamento sobre os locais deve ser feito. \u201cA gente n\u00e3o tem um documento mostrando como a gente perdeu as \u00e1reas verdes ao longo do tempo e como Fortaleza pode fazer para recuperar grande porcentagem delas\u201d, explicou. O plano emergencial para recuperar a \u00e1rea do a\u00e7ude deve ter dura\u00e7\u00e3o de pelo menos um ano. O local tamb\u00e9m servir\u00e1 como um \u201ca\u00e7ude-escola\u201d, realizando treinamentos a alunos de p\u00f3s-gradua\u00e7\u00e3o da UFC e t\u00e9cnicos da prefeitura e Estado. Outra parte da estrat\u00e9gia envolve o levantamento do estado de tubula\u00e7\u00f5es. Para isso, seria feita a cria\u00e7\u00e3o de rob\u00f4s com tecnologia embarcada, que ter\u00e3o sensores espec\u00edficos para realizar estudos de assoreamento. \u201cA gente precisa fazer todo um levantamento bem rigoroso para a tomar as medidas cab\u00edveis dentro de cada situa\u00e7\u00e3o&#8221;, conclui Aliny Abreu. Originalmente em: https:\/\/www.opovo.com.br\/noticias\/fortaleza\/2025\/07\/01\/parceria-entre-ufc-e-prefeitura-preve-mapear-e-recuperar-areas-verdes.html<\/p>","protected":false},"author":1,"featured_media":1872,"comment_status":"open","ping_status":"open","sticky":false,"template":"","format":"standard","meta":{"nf_dc_page":"","_jetpack_memberships_contains_paid_content":false,"footnotes":""},"categories":[32,10],"tags":[],"class_list":["post-1869","post","type-post","status-publish","format-standard","has-post-thumbnail","hentry","category-cientista-chefe-recursos-hidricos","category-noticias"],"jetpack_featured_media_url":"https:\/\/i0.wp.com\/cepas.ufc.br\/wp-content\/uploads\/2025\/07\/1_visita_tecnica_ao_acude_santo_anastacio_2025-35447758.jpg?fit=750%2C500&ssl=1","jetpack_sharing_enabled":true,"_links":{"self":[{"href":"https:\/\/cepas.ufc.br\/en\/wp-json\/wp\/v2\/posts\/1869","targetHints":{"allow":["GET"]}}],"collection":[{"href":"https:\/\/cepas.ufc.br\/en\/wp-json\/wp\/v2\/posts"}],"about":[{"href":"https:\/\/cepas.ufc.br\/en\/wp-json\/wp\/v2\/types\/post"}],"author":[{"embeddable":true,"href":"https:\/\/cepas.ufc.br\/en\/wp-json\/wp\/v2\/users\/1"}],"replies":[{"embeddable":true,"href":"https:\/\/cepas.ufc.br\/en\/wp-json\/wp\/v2\/comments?post=1869"}],"version-history":[{"count":1,"href":"https:\/\/cepas.ufc.br\/en\/wp-json\/wp\/v2\/posts\/1869\/revisions"}],"predecessor-version":[{"id":1873,"href":"https:\/\/cepas.ufc.br\/en\/wp-json\/wp\/v2\/posts\/1869\/revisions\/1873"}],"wp:featuredmedia":[{"embeddable":true,"href":"https:\/\/cepas.ufc.br\/en\/wp-json\/wp\/v2\/media\/1872"}],"wp:attachment":[{"href":"https:\/\/cepas.ufc.br\/en\/wp-json\/wp\/v2\/media?parent=1869"}],"wp:term":[{"taxonomy":"category","embeddable":true,"href":"https:\/\/cepas.ufc.br\/en\/wp-json\/wp\/v2\/categories?post=1869"},{"taxonomy":"post_tag","embeddable":true,"href":"https:\/\/cepas.ufc.br\/en\/wp-json\/wp\/v2\/tags?post=1869"}],"curies":[{"name":"wp","href":"https:\/\/api.w.org\/{rel}","templated":true}]}}