{"id":1874,"date":"2025-07-03T13:56:54","date_gmt":"2025-07-03T13:56:54","guid":{"rendered":"https:\/\/cepas.ufc.br\/?p=1874"},"modified":"2025-07-03T14:31:27","modified_gmt":"2025-07-03T14:31:27","slug":"ufc-e-prefeitura-de-fortaleza-formalizam-cooperacao-na-area-ambiental-recuperacao-de-areas-verdes-e-urbanizacao-sustentavel-serao-focos","status":"publish","type":"post","link":"https:\/\/cepas.ufc.br\/en\/ufc-e-prefeitura-de-fortaleza-formalizam-cooperacao-na-area-ambiental-recuperacao-de-areas-verdes-e-urbanizacao-sustentavel-serao-focos\/","title":{"rendered":"UFC e Prefeitura de Fortaleza formalizam coopera\u00e7\u00e3o na \u00e1rea ambiental; recupera\u00e7\u00e3o de \u00e1reas verdes e urbaniza\u00e7\u00e3o sustent\u00e1vel ser\u00e3o focos"},"content":{"rendered":"<p class=\"has-text-align-left\">A Universidade Federal do Cear\u00e1 (UFC) e a Prefeitura de Fortaleza assinaram, na manh\u00e3 dessa ter\u00e7a-feira (1\u00ba), <strong>acordo de coopera\u00e7\u00e3o t\u00e9cnica<\/strong> direcionado \u00e0 promo\u00e7\u00e3o de <strong>a\u00e7\u00f5es ambientais integradas na capital cearense<\/strong>. A parceria envolve a Secretaria Municipal do Urbanismo e Meio Ambiente (Seuma), a Secretaria de Meio Ambiente da UFC (SMA-UFC), o Laborat\u00f3rio de Ci\u00eancias do Mar (Labomar) e o Centro Estrat\u00e9gico de Excel\u00eancia em Pol\u00edticas de \u00c1guas e Secas (Cepas), os tr\u00eas \u00faltimos da UFC. A parceria ter\u00e1 como foco o mapeamento e a recupera\u00e7\u00e3o de \u00e1reas verdes e mananciais, bem como projetos de urbaniza\u00e7\u00e3o sustent\u00e1vel.<\/p>\n\n\n\n<figure class=\"wp-block-image aligncenter size-full\"><img data-recalc-dims=\"1\" fetchpriority=\"high\" decoding=\"async\" width=\"800\" height=\"533\" src=\"https:\/\/i0.wp.com\/cepas.ufc.br\/wp-content\/uploads\/2025\/07\/image2.jpg?resize=800%2C533&#038;ssl=1\" alt=\"\" class=\"wp-image-1865\" srcset=\"https:\/\/i0.wp.com\/cepas.ufc.br\/wp-content\/uploads\/2025\/07\/image2.jpg?w=1999&amp;ssl=1 1999w, https:\/\/i0.wp.com\/cepas.ufc.br\/wp-content\/uploads\/2025\/07\/image2.jpg?resize=300%2C200&amp;ssl=1 300w, https:\/\/i0.wp.com\/cepas.ufc.br\/wp-content\/uploads\/2025\/07\/image2.jpg?resize=1024%2C683&amp;ssl=1 1024w, https:\/\/i0.wp.com\/cepas.ufc.br\/wp-content\/uploads\/2025\/07\/image2.jpg?resize=768%2C512&amp;ssl=1 768w, https:\/\/i0.wp.com\/cepas.ufc.br\/wp-content\/uploads\/2025\/07\/image2.jpg?resize=1536%2C1024&amp;ssl=1 1536w, https:\/\/i0.wp.com\/cepas.ufc.br\/wp-content\/uploads\/2025\/07\/image2.jpg?resize=18%2C12&amp;ssl=1 18w, https:\/\/i0.wp.com\/cepas.ufc.br\/wp-content\/uploads\/2025\/07\/image2.jpg?w=1600&amp;ssl=1 1600w\" sizes=\"(max-width: 800px) 100vw, 800px\" \/><\/figure>\n\n\n\n<p class=\"has-text-align-center\"><strong>Da esq. para a dir.: Andr\u00e9 Barbosa (sec. de Articula\u00e7\u00e3o Comunit\u00e1ria), professor Assis Filho (Cepas-UFC), Jo\u00e3o Vicente Leit\u00e3o (SEUMA), Evandro Leit\u00e3o (Prefeito de Fortaleza), Cust\u00f3dio Almeida (reitor da UFC), professora Aliny Abreu (SMA-UFC) e Jonas Dezidoro (Habitafor). (Foto: Ribamar Neto\/ UFC Informa)<\/strong><\/p>\n\n\n\n<p class=\"\">A iniciativa surgiu a partir de estudos desenvolvidos pela UFC sobre a polui\u00e7\u00e3o no <strong>a\u00e7ude Santo Anast\u00e1cio<\/strong>, localizado no campus do Pici, e foi fortalecida com a cria\u00e7\u00e3o da secretaria interna dedicada \u00e0 pasta, h\u00e1 cerca de um ano.&nbsp;<\/p>\n\n\n\n<p class=\"\">Segundo o reitor Cust\u00f3dio Almeida, a SMA-UFC e o Cepas propuseram a\u00e7\u00f5es para recuperar o a\u00e7ude e, ao perceberem a complexidade da situa\u00e7\u00e3o, ampliaram a proposta para toda a sua bacia h\u00eddrica, que se estende a outras \u00e1reas de Fortaleza. O a\u00e7ude integra a bacia que se estende da Lagoa da Parangaba ao Rio Maranguapinho e \u00e9 <strong>um dos 67 corpos d\u2019\u00e1gua da cidade com elevado n\u00edvel de polui\u00e7\u00e3o<\/strong>.<\/p>\n\n\n\n<p class=\"\">\u201cEstamos colocando \u00e0 disposi\u00e7\u00e3o da Prefeitura de Fortaleza todo o nosso aparato cient\u00edfico nas \u00e1reas de manejo de \u00e1reas verdes, recursos h\u00eddricos, limpeza de lagoas e a\u00e7udes. O acordo de coopera\u00e7\u00e3o assinado hoje representa uma mudan\u00e7a significativa: colocamos \u00e0 disposi\u00e7\u00e3o <strong>um verdadeiro ex\u00e9rcito de cientistas, professores e estudantes<\/strong> para contribuir com a melhoria da cidade\u201d, sintetizou o reitor Cust\u00f3dio Almeida.<\/p>\n\n\n\n<p class=\"\">Durante o evento de assinatura, o prefeito Evandro Leit\u00e3o destacou a import\u00e2ncia da colabora\u00e7\u00e3o com a academia: \u201cA UFC tem um saber t\u00e9cnico e institucional imenso, com profissionais altamente capacitados. Tenho certeza de que<strong> essa expertise pode contribuir muito para tornarmos Fortaleza uma cidade mais feliz, mais sustent\u00e1vel<\/strong> e mais atenta \u00e0s necessidades da popula\u00e7\u00e3o, especialmente \u00e0quelas pessoas que muitas vezes s\u00e3o invisibilizadas pela gest\u00e3o p\u00fablica tradicional\u201d, apontou.<\/p>\n\n\n\n<figure class=\"wp-block-image aligncenter size-full is-resized\"><img data-recalc-dims=\"1\" decoding=\"async\" width=\"520\" height=\"346\" src=\"https:\/\/i0.wp.com\/cepas.ufc.br\/wp-content\/uploads\/2025\/07\/ft_250702_acordoufcprefeituradois_gr.png?resize=520%2C346&#038;ssl=1\" alt=\"\" class=\"wp-image-1875\" style=\"width:800px;height:auto\" srcset=\"https:\/\/i0.wp.com\/cepas.ufc.br\/wp-content\/uploads\/2025\/07\/ft_250702_acordoufcprefeituradois_gr.png?w=520&amp;ssl=1 520w, https:\/\/i0.wp.com\/cepas.ufc.br\/wp-content\/uploads\/2025\/07\/ft_250702_acordoufcprefeituradois_gr.png?resize=300%2C200&amp;ssl=1 300w, https:\/\/i0.wp.com\/cepas.ufc.br\/wp-content\/uploads\/2025\/07\/ft_250702_acordoufcprefeituradois_gr.png?resize=18%2C12&amp;ssl=1 18w\" sizes=\"(max-width: 520px) 100vw, 520px\" \/><\/figure>\n\n\n\n<p class=\"has-text-align-center\"><strong><em>Al\u00e9m da solenidade onde a parceria foi formalizada, as comitivas da UFC e da Prefeitura de Fortaleza percorreram o a\u00e7ude Santo Anast\u00e1cio, a trilha da Matinha do Pici, a Lagoa do Porangabu\u00e7u e o territ\u00f3rio pr\u00f3ximo do canal da Bela Vista. (Foto: Ribamar Neto\/ UFC Informa)<\/em><\/strong><\/p>\n\n\n\n<p class=\"\">O secret\u00e1rio Jo\u00e3o Vicente Leit\u00e3o, titular da Seuma, tamb\u00e9m enfatizou o car\u00e1ter colaborativo da iniciativa: \u201cNenhuma pol\u00edtica p\u00fablica se sustenta sozinha: ela precisa do envolvimento da popula\u00e7\u00e3o, da produ\u00e7\u00e3o de conhecimento e da colabora\u00e7\u00e3o entre setores\u201d.<\/p>\n\n\n\n<p class=\"\">Al\u00e9m da solenidade onde a parceria foi formalizada, a comitiva das duas institui\u00e7\u00f5es percorreu o a\u00e7ude Santo Anast\u00e1cio, a trilha da Matinha do Pici, a Lagoa do Porangabu\u00e7u e o territ\u00f3rio pr\u00f3ximo do canal da Bela Vista.<\/p>\n\n\n\n<p class=\"\">Entre as primeiras a\u00e7\u00f5es previstas, est\u00e1 a formula\u00e7\u00e3o de um plano de trabalho que ter\u00e1 como modelo a recupera\u00e7\u00e3o do a\u00e7ude Santo Anast\u00e1cio. <strong>A \u00e1rea funcionar\u00e1 como um \u201ca\u00e7ude-escola\u201d<\/strong>, com atividades formativas para estudantes de p\u00f3s-gradua\u00e7\u00e3o da UFC e t\u00e9cnicos da Prefeitura e do Governo do Estado.<\/p>\n\n\n\n<p class=\"\">Al\u00e9m da recupera\u00e7\u00e3o das \u00e1guas, o acordo inclui replantio de matas nativas na capital \u2013 hoje <strong>reduzidas a apenas 16% da cobertura original<\/strong> \u2013 e a prote\u00e7\u00e3o de dunas e lagoas urbanas. \u201cO acordo deixou de ser s\u00f3 \u00e0 \u00e1rea de \u00e1guas e passou tamb\u00e9m a ser um acordo para cuidar de matas e dunas. \u00c9 um amplo acordo de coopera\u00e7\u00e3o entre a prefeitura, por meio da Seuma, e da UFC, com seus professores, cientistas e estudantes, que v\u00e3o desenvolver estudos e consultorias&#8221;, refor\u00e7ou Cust\u00f3dio.<\/p>\n\n\n\n<figure class=\"wp-block-image aligncenter size-full\"><img data-recalc-dims=\"1\" decoding=\"async\" width=\"800\" height=\"448\" src=\"https:\/\/i0.wp.com\/cepas.ufc.br\/wp-content\/uploads\/2025\/07\/1_acude_santo_anastacio_foto_por_ribamar_neto-35446772-1.jpg?resize=800%2C448&#038;ssl=1\" alt=\"\" class=\"wp-image-1876\" srcset=\"https:\/\/i0.wp.com\/cepas.ufc.br\/wp-content\/uploads\/2025\/07\/1_acude_santo_anastacio_foto_por_ribamar_neto-35446772-1.jpg?w=820&amp;ssl=1 820w, https:\/\/i0.wp.com\/cepas.ufc.br\/wp-content\/uploads\/2025\/07\/1_acude_santo_anastacio_foto_por_ribamar_neto-35446772-1.jpg?resize=300%2C168&amp;ssl=1 300w, https:\/\/i0.wp.com\/cepas.ufc.br\/wp-content\/uploads\/2025\/07\/1_acude_santo_anastacio_foto_por_ribamar_neto-35446772-1.jpg?resize=768%2C430&amp;ssl=1 768w, https:\/\/i0.wp.com\/cepas.ufc.br\/wp-content\/uploads\/2025\/07\/1_acude_santo_anastacio_foto_por_ribamar_neto-35446772-1.jpg?resize=18%2C10&amp;ssl=1 18w\" sizes=\"(max-width: 800px) 100vw, 800px\" \/><\/figure>\n\n\n\n<p class=\"has-text-align-center\"><strong><em>As a\u00e7\u00f5es integradas come\u00e7ar\u00e3o pela recupera\u00e7\u00e3o do ecossistema do a\u00e7ude Santo Anast\u00e1cio, que \u00e9 um dos 67 corpos h\u00eddricos da cidade com alto grau de polui\u00e7\u00e3o. (Foto: Ribamar Neto\/UFC Informa)<\/em><\/strong><\/p>\n\n\n\n<p class=\"\"><strong>COBERTURA VERDE E URBANISMO<\/strong> &#8211; \u00c0 frente da SMA-UFC, a professora Aliny Abreu, destacou que ser\u00e3o realizadas <strong>novas investiga\u00e7\u00f5es sobre as \u00e1reas verdes e recursos h\u00eddricos da cidade<\/strong>, bem como sobre as consequ\u00eancias da ocupa\u00e7\u00e3o urbana desordenada, especialmente em \u00e1reas de risco. \u201cH\u00e1 fluxo de esgoto <em>in natura<\/em> para dentro do canal que desemboca em nosso a\u00e7ude, al\u00e9m de outras liga\u00e7\u00f5es clandestinas. Essa carga exagerada de res\u00edduos torna o ambiente aqu\u00e1tico completamente invi\u00e1vel ao ecossistema\u201d, relatou, trazendo um panorama atual sobre a situa\u00e7\u00e3o do a\u00e7ude Santo Anast\u00e1cio.&nbsp;<\/p>\n\n\n\n<p class=\"\">A partir do acordo assinado, UFC e Prefeitura estudam a implementa\u00e7\u00e3o de obras como<strong> esta\u00e7\u00f5es elevat\u00f3rias<\/strong> para intercepta\u00e7\u00e3o de esgoto e o desenvolvimento de <strong>rob\u00f4s com sensores para an\u00e1lise do estado de tubula\u00e7\u00f5es<\/strong> e do n\u00edvel de assoreamento de canais e rios.&nbsp;<\/p>\n\n\n\n<p class=\"\">Ser\u00e1 feito ainda <strong>mapeamento de \u00e1reas verdes remanescentes de Fortaleza<\/strong> e do n\u00edvel de degrada\u00e7\u00e3o florestal nas \u00faltimas d\u00e9cadas. \u201cA gente n\u00e3o tem um documento mostrando quais \u00e1reas verdes foram perdidas ao longo do tempo e como Fortaleza pode fazer para recuperar uma porcentagem delas\u201d, explicou a professora Aliny.<\/p>\n\n\n\n<p class=\"\">Al\u00e9m do reitor Cust\u00f3dio Almeida e do prefeito Evandro Leit\u00e3o, participaram da agenda a secret\u00e1ria de Meio Ambiente da UFC, Aliny Abreu, e os secret\u00e1rios municipais Jo\u00e3o Vicente Leit\u00e3o (Urbanismo e Meio Ambiente), Jonas Dezidoro (Desenvolvimento Habitacional) e Andr\u00e9 Barbosa (Articula\u00e7\u00e3o Comunit\u00e1ria). Tamb\u00e9m acompanharam a assinatura diversos pesquisadores da UFC e servidores da Universidade e da Prefeitura que atuam nesse campo.<\/p>\n\n\n\n<p class=\"\">As a\u00e7\u00f5es t\u00eam previs\u00e3o de in\u00edcio imediato, e a expectativa \u00e9 de que a parceria contribua para o avan\u00e7o das pol\u00edticas ambientais e de urbaniza\u00e7\u00e3o sustent\u00e1vel em Fortaleza.<\/p>\n\n\n\n<p class=\"\">Originalmente em: <a href=\"https:\/\/www.ufc.br\/noticias\/noticias-da-reitoria\/19537-ufc-e-prefeitura-de-fortaleza-formalizam-cooperacao-na-area-ambiental-recuperacao-de-areas-verdes-e-urbanizacao-sustentavel-serao-focos\">https:\/\/www.ufc.br\/noticias\/noticias-da-reitoria\/19537-ufc-e-prefeitura-de-fortaleza-formalizam-cooperacao-na-area-ambiental-recuperacao-de-areas-verdes-e-urbanizacao-sustentavel-serao-focos<\/a><\/p>","protected":false},"excerpt":{"rendered":"<p>A Universidade Federal do Cear\u00e1 (UFC) e a Prefeitura de Fortaleza assinaram, na manh\u00e3 dessa ter\u00e7a-feira (1\u00ba), acordo de coopera\u00e7\u00e3o t\u00e9cnica direcionado \u00e0 promo\u00e7\u00e3o de a\u00e7\u00f5es ambientais integradas na capital cearense. A parceria envolve a Secretaria Municipal do Urbanismo e Meio Ambiente (Seuma), a Secretaria de Meio Ambiente da UFC (SMA-UFC), o Laborat\u00f3rio de Ci\u00eancias do Mar (Labomar) e o Centro Estrat\u00e9gico de Excel\u00eancia em Pol\u00edticas de \u00c1guas e Secas (Cepas), os tr\u00eas \u00faltimos da UFC. A parceria ter\u00e1 como foco o mapeamento e a recupera\u00e7\u00e3o de \u00e1reas verdes e mananciais, bem como projetos de urbaniza\u00e7\u00e3o sustent\u00e1vel. Da esq. para a dir.: Andr\u00e9 Barbosa (sec. de Articula\u00e7\u00e3o Comunit\u00e1ria), professor Assis Filho (Cepas-UFC), Jo\u00e3o Vicente Leit\u00e3o (SEUMA), Evandro Leit\u00e3o (Prefeito de Fortaleza), Cust\u00f3dio Almeida (reitor da UFC), professora Aliny Abreu (SMA-UFC) e Jonas Dezidoro (Habitafor). (Foto: Ribamar Neto\/ UFC Informa) A iniciativa surgiu a partir de estudos desenvolvidos pela UFC sobre a polui\u00e7\u00e3o no a\u00e7ude Santo Anast\u00e1cio, localizado no campus do Pici, e foi fortalecida com a cria\u00e7\u00e3o da secretaria interna dedicada \u00e0 pasta, h\u00e1 cerca de um ano.&nbsp; Segundo o reitor Cust\u00f3dio Almeida, a SMA-UFC e o Cepas propuseram a\u00e7\u00f5es para recuperar o a\u00e7ude e, ao perceberem a complexidade da situa\u00e7\u00e3o, ampliaram a proposta para toda a sua bacia h\u00eddrica, que se estende a outras \u00e1reas de Fortaleza. O a\u00e7ude integra a bacia que se estende da Lagoa da Parangaba ao Rio Maranguapinho e \u00e9 um dos 67 corpos d\u2019\u00e1gua da cidade com elevado n\u00edvel de polui\u00e7\u00e3o. \u201cEstamos colocando \u00e0 disposi\u00e7\u00e3o da Prefeitura de Fortaleza todo o nosso aparato cient\u00edfico nas \u00e1reas de manejo de \u00e1reas verdes, recursos h\u00eddricos, limpeza de lagoas e a\u00e7udes. O acordo de coopera\u00e7\u00e3o assinado hoje representa uma mudan\u00e7a significativa: colocamos \u00e0 disposi\u00e7\u00e3o um verdadeiro ex\u00e9rcito de cientistas, professores e estudantes para contribuir com a melhoria da cidade\u201d, sintetizou o reitor Cust\u00f3dio Almeida. Durante o evento de assinatura, o prefeito Evandro Leit\u00e3o destacou a import\u00e2ncia da colabora\u00e7\u00e3o com a academia: \u201cA UFC tem um saber t\u00e9cnico e institucional imenso, com profissionais altamente capacitados. Tenho certeza de que essa expertise pode contribuir muito para tornarmos Fortaleza uma cidade mais feliz, mais sustent\u00e1vel e mais atenta \u00e0s necessidades da popula\u00e7\u00e3o, especialmente \u00e0quelas pessoas que muitas vezes s\u00e3o invisibilizadas pela gest\u00e3o p\u00fablica tradicional\u201d, apontou. Al\u00e9m da solenidade onde a parceria foi formalizada, as comitivas da UFC e da Prefeitura de Fortaleza percorreram o a\u00e7ude Santo Anast\u00e1cio, a trilha da Matinha do Pici, a Lagoa do Porangabu\u00e7u e o territ\u00f3rio pr\u00f3ximo do canal da Bela Vista. (Foto: Ribamar Neto\/ UFC Informa) O secret\u00e1rio Jo\u00e3o Vicente Leit\u00e3o, titular da Seuma, tamb\u00e9m enfatizou o car\u00e1ter colaborativo da iniciativa: \u201cNenhuma pol\u00edtica p\u00fablica se sustenta sozinha: ela precisa do envolvimento da popula\u00e7\u00e3o, da produ\u00e7\u00e3o de conhecimento e da colabora\u00e7\u00e3o entre setores\u201d. Al\u00e9m da solenidade onde a parceria foi formalizada, a comitiva das duas institui\u00e7\u00f5es percorreu o a\u00e7ude Santo Anast\u00e1cio, a trilha da Matinha do Pici, a Lagoa do Porangabu\u00e7u e o territ\u00f3rio pr\u00f3ximo do canal da Bela Vista. Entre as primeiras a\u00e7\u00f5es previstas, est\u00e1 a formula\u00e7\u00e3o de um plano de trabalho que ter\u00e1 como modelo a recupera\u00e7\u00e3o do a\u00e7ude Santo Anast\u00e1cio. A \u00e1rea funcionar\u00e1 como um \u201ca\u00e7ude-escola\u201d, com atividades formativas para estudantes de p\u00f3s-gradua\u00e7\u00e3o da UFC e t\u00e9cnicos da Prefeitura e do Governo do Estado. Al\u00e9m da recupera\u00e7\u00e3o das \u00e1guas, o acordo inclui replantio de matas nativas na capital \u2013 hoje reduzidas a apenas 16% da cobertura original \u2013 e a prote\u00e7\u00e3o de dunas e lagoas urbanas. \u201cO acordo deixou de ser s\u00f3 \u00e0 \u00e1rea de \u00e1guas e passou tamb\u00e9m a ser um acordo para cuidar de matas e dunas. \u00c9 um amplo acordo de coopera\u00e7\u00e3o entre a prefeitura, por meio da Seuma, e da UFC, com seus professores, cientistas e estudantes, que v\u00e3o desenvolver estudos e consultorias&#8221;, refor\u00e7ou Cust\u00f3dio. As a\u00e7\u00f5es integradas come\u00e7ar\u00e3o pela recupera\u00e7\u00e3o do ecossistema do a\u00e7ude Santo Anast\u00e1cio, que \u00e9 um dos 67 corpos h\u00eddricos da cidade com alto grau de polui\u00e7\u00e3o. (Foto: Ribamar Neto\/UFC Informa) COBERTURA VERDE E URBANISMO &#8211; \u00c0 frente da SMA-UFC, a professora Aliny Abreu, destacou que ser\u00e3o realizadas novas investiga\u00e7\u00f5es sobre as \u00e1reas verdes e recursos h\u00eddricos da cidade, bem como sobre as consequ\u00eancias da ocupa\u00e7\u00e3o urbana desordenada, especialmente em \u00e1reas de risco. \u201cH\u00e1 fluxo de esgoto in natura para dentro do canal que desemboca em nosso a\u00e7ude, al\u00e9m de outras liga\u00e7\u00f5es clandestinas. Essa carga exagerada de res\u00edduos torna o ambiente aqu\u00e1tico completamente invi\u00e1vel ao ecossistema\u201d, relatou, trazendo um panorama atual sobre a situa\u00e7\u00e3o do a\u00e7ude Santo Anast\u00e1cio.&nbsp; A partir do acordo assinado, UFC e Prefeitura estudam a implementa\u00e7\u00e3o de obras como esta\u00e7\u00f5es elevat\u00f3rias para intercepta\u00e7\u00e3o de esgoto e o desenvolvimento de rob\u00f4s com sensores para an\u00e1lise do estado de tubula\u00e7\u00f5es e do n\u00edvel de assoreamento de canais e rios.&nbsp; Ser\u00e1 feito ainda mapeamento de \u00e1reas verdes remanescentes de Fortaleza e do n\u00edvel de degrada\u00e7\u00e3o florestal nas \u00faltimas d\u00e9cadas. \u201cA gente n\u00e3o tem um documento mostrando quais \u00e1reas verdes foram perdidas ao longo do tempo e como Fortaleza pode fazer para recuperar uma porcentagem delas\u201d, explicou a professora Aliny. Al\u00e9m do reitor Cust\u00f3dio Almeida e do prefeito Evandro Leit\u00e3o, participaram da agenda a secret\u00e1ria de Meio Ambiente da UFC, Aliny Abreu, e os secret\u00e1rios municipais Jo\u00e3o Vicente Leit\u00e3o (Urbanismo e Meio Ambiente), Jonas Dezidoro (Desenvolvimento Habitacional) e Andr\u00e9 Barbosa (Articula\u00e7\u00e3o Comunit\u00e1ria). Tamb\u00e9m acompanharam a assinatura diversos pesquisadores da UFC e servidores da Universidade e da Prefeitura que atuam nesse campo. As a\u00e7\u00f5es t\u00eam previs\u00e3o de in\u00edcio imediato, e a expectativa \u00e9 de que a parceria contribua para o avan\u00e7o das pol\u00edticas ambientais e de urbaniza\u00e7\u00e3o sustent\u00e1vel em Fortaleza. Originalmente em: https:\/\/www.ufc.br\/noticias\/noticias-da-reitoria\/19537-ufc-e-prefeitura-de-fortaleza-formalizam-cooperacao-na-area-ambiental-recuperacao-de-areas-verdes-e-urbanizacao-sustentavel-serao-focos<\/p>","protected":false},"author":1,"featured_media":1865,"comment_status":"open","ping_status":"open","sticky":false,"template":"","format":"standard","meta":{"nf_dc_page":"","_jetpack_memberships_contains_paid_content":false,"footnotes":""},"categories":[32,10],"tags":[],"class_list":["post-1874","post","type-post","status-publish","format-standard","has-post-thumbnail","hentry","category-cientista-chefe-recursos-hidricos","category-noticias"],"jetpack_featured_media_url":"https:\/\/i0.wp.com\/cepas.ufc.br\/wp-content\/uploads\/2025\/07\/image2.jpg?fit=1999%2C1333&ssl=1","jetpack_sharing_enabled":true,"_links":{"self":[{"href":"https:\/\/cepas.ufc.br\/en\/wp-json\/wp\/v2\/posts\/1874","targetHints":{"allow":["GET"]}}],"collection":[{"href":"https:\/\/cepas.ufc.br\/en\/wp-json\/wp\/v2\/posts"}],"about":[{"href":"https:\/\/cepas.ufc.br\/en\/wp-json\/wp\/v2\/types\/post"}],"author":[{"embeddable":true,"href":"https:\/\/cepas.ufc.br\/en\/wp-json\/wp\/v2\/users\/1"}],"replies":[{"embeddable":true,"href":"https:\/\/cepas.ufc.br\/en\/wp-json\/wp\/v2\/comments?post=1874"}],"version-history":[{"count":3,"href":"https:\/\/cepas.ufc.br\/en\/wp-json\/wp\/v2\/posts\/1874\/revisions"}],"predecessor-version":[{"id":1886,"href":"https:\/\/cepas.ufc.br\/en\/wp-json\/wp\/v2\/posts\/1874\/revisions\/1886"}],"wp:featuredmedia":[{"embeddable":true,"href":"https:\/\/cepas.ufc.br\/en\/wp-json\/wp\/v2\/media\/1865"}],"wp:attachment":[{"href":"https:\/\/cepas.ufc.br\/en\/wp-json\/wp\/v2\/media?parent=1874"}],"wp:term":[{"taxonomy":"category","embeddable":true,"href":"https:\/\/cepas.ufc.br\/en\/wp-json\/wp\/v2\/categories?post=1874"},{"taxonomy":"post_tag","embeddable":true,"href":"https:\/\/cepas.ufc.br\/en\/wp-json\/wp\/v2\/tags?post=1874"}],"curies":[{"name":"wp","href":"https:\/\/api.w.org\/{rel}","templated":true}]}}