{"id":1879,"date":"2025-07-03T14:22:31","date_gmt":"2025-07-03T14:22:31","guid":{"rendered":"https:\/\/cepas.ufc.br\/?p=1879"},"modified":"2025-07-03T14:22:34","modified_gmt":"2025-07-03T14:22:34","slug":"prefeitura-de-fortaleza-e-ufc-firmam-acordo-para-mapeamento-de-areas-verdes","status":"publish","type":"post","link":"https:\/\/cepas.ufc.br\/en\/prefeitura-de-fortaleza-e-ufc-firmam-acordo-para-mapeamento-de-areas-verdes\/","title":{"rendered":"Prefeitura de Fortaleza e UFC firmam acordo para mapeamento de \u00e1reas verdes"},"content":{"rendered":"<p class=\"has-text-align-center\"><em>Acordo permitir\u00e1 ainda estudos sobre habita\u00e7\u00e3o e projetos voltados para a urbaniza\u00e7\u00e3o sustent\u00e1vel<\/em><\/p>\n\n\n\n<figure class=\"wp-block-image aligncenter size-full is-resized\"><img data-recalc-dims=\"1\" fetchpriority=\"high\" decoding=\"async\" width=\"696\" height=\"464\" src=\"https:\/\/i0.wp.com\/cepas.ufc.br\/wp-content\/uploads\/2025\/07\/Prefeitura-de-Fortaleza-e-UFC-firmam-acordo-para-mapeamento-de-areas-verdes-696x464-1.webp?resize=696%2C464&#038;ssl=1\" alt=\"\" class=\"wp-image-1880\" style=\"width:800px;height:auto\" srcset=\"https:\/\/i0.wp.com\/cepas.ufc.br\/wp-content\/uploads\/2025\/07\/Prefeitura-de-Fortaleza-e-UFC-firmam-acordo-para-mapeamento-de-areas-verdes-696x464-1.webp?w=696&amp;ssl=1 696w, https:\/\/i0.wp.com\/cepas.ufc.br\/wp-content\/uploads\/2025\/07\/Prefeitura-de-Fortaleza-e-UFC-firmam-acordo-para-mapeamento-de-areas-verdes-696x464-1.webp?resize=300%2C200&amp;ssl=1 300w, https:\/\/i0.wp.com\/cepas.ufc.br\/wp-content\/uploads\/2025\/07\/Prefeitura-de-Fortaleza-e-UFC-firmam-acordo-para-mapeamento-de-areas-verdes-696x464-1.webp?resize=18%2C12&amp;ssl=1 18w\" sizes=\"(max-width: 696px) 100vw, 696px\" \/><\/figure>\n\n\n\n<p class=\"has-text-align-center\"><strong>Foto: <a href=\"https:\/\/oestadoce.com.br\/author\/mauricio-moreira\/\">Maur\u00edcio Moreira<\/a><\/strong><\/p>\n\n\n\n<p class=\"\">A Prefeitura de Fortaleza assinou, na ter\u00e7a-feira (1), um termo de coopera\u00e7\u00e3o t\u00e9cnica com a Universidade Federal do Cear\u00e1 (UFC). O acordo permitir\u00e1 a\u00e7\u00f5es integradas com foco em a\u00e7\u00f5es ambientais, com mapeamento das \u00e1reas verdes da cidade, estudos sobre habita\u00e7\u00e3o e projetos voltados para a urbaniza\u00e7\u00e3o sustent\u00e1vel.<\/p>\n\n\n\n<p class=\"\">\u201cA previs\u00e3o \u00e9 realizarmos uma avalia\u00e7\u00e3o detalhada das \u00e1reas verdes da cidade, assim como um estudo aprofundado sobre todos os assentamentos prec\u00e1rios existentes em Fortaleza, incluindo as ocupa\u00e7\u00f5es irregulares. O objetivo \u00e9 que, a partir desses diagn\u00f3sticos, a Prefeitura possa desenvolver interven\u00e7\u00f5es que promovam mais dignidade e qualidade de vida para essas comunidades\u201d, explicou o prefeito de Fortaleza, Evandro Leit\u00e3o (PT).<\/p>\n\n\n\n<p class=\"\">Segundo o gestor, a UFC tem \u201csaber t\u00e9cnico\u201d e profissionais \u201caltamente capacitados\u201d que podem contribuir com a gest\u00e3o municipal se tornar \u201cmais sustent\u00e1vel e mais atenta \u00e0s necessidades da popula\u00e7\u00e3o, especialmente \u00e0quelas pessoas que muitas vezes s\u00e3o invisibilizadas pela gest\u00e3o p\u00fablica tradicional\u201d.<\/p>\n\n\n\n<p class=\"\">J\u00e1 o reitor da UFC, Cust\u00f3dio Almeida, destacou que a universidade vai colaborar com seu \u201caparato cient\u00edfico nas \u00e1reas de manejo de \u00e1reas verdes, recursos h\u00eddricos, limpeza de lagoas e a\u00e7udos\u201d. \u201cColocamos \u00e0 disposi\u00e7\u00e3o um verdadeiro ex\u00e9rcito de cientistas, professores e estudantes para contribuir com a melhoria da cidade\u201d, afirmou Cust\u00f3dio.<\/p>\n\n\n\n<p class=\"\">Originalmente em: <a href=\"https:\/\/oestadoce.com.br\/politica\/prefeitura-de-fortaleza-e-ufc-firmam-acordo-para-mapeamento-de-areas-verdes\/\">https:\/\/oestadoce.com.br\/politica\/prefeitura-de-fortaleza-e-ufc-firmam-acordo-para-mapeamento-de-areas-verdes\/<\/a><\/p>","protected":false},"excerpt":{"rendered":"<p>Acordo permitir\u00e1 ainda estudos sobre habita\u00e7\u00e3o e projetos voltados para a urbaniza\u00e7\u00e3o sustent\u00e1vel Foto: Maur\u00edcio Moreira A Prefeitura de Fortaleza assinou, na ter\u00e7a-feira (1), um termo de coopera\u00e7\u00e3o t\u00e9cnica com a Universidade Federal do Cear\u00e1 (UFC). O acordo permitir\u00e1 a\u00e7\u00f5es integradas com foco em a\u00e7\u00f5es ambientais, com mapeamento das \u00e1reas verdes da cidade, estudos sobre habita\u00e7\u00e3o e projetos voltados para a urbaniza\u00e7\u00e3o sustent\u00e1vel. \u201cA previs\u00e3o \u00e9 realizarmos uma avalia\u00e7\u00e3o detalhada das \u00e1reas verdes da cidade, assim como um estudo aprofundado sobre todos os assentamentos prec\u00e1rios existentes em Fortaleza, incluindo as ocupa\u00e7\u00f5es irregulares. O objetivo \u00e9 que, a partir desses diagn\u00f3sticos, a Prefeitura possa desenvolver interven\u00e7\u00f5es que promovam mais dignidade e qualidade de vida para essas comunidades\u201d, explicou o prefeito de Fortaleza, Evandro Leit\u00e3o (PT). Segundo o gestor, a UFC tem \u201csaber t\u00e9cnico\u201d e profissionais \u201caltamente capacitados\u201d que podem contribuir com a gest\u00e3o municipal se tornar \u201cmais sustent\u00e1vel e mais atenta \u00e0s necessidades da popula\u00e7\u00e3o, especialmente \u00e0quelas pessoas que muitas vezes s\u00e3o invisibilizadas pela gest\u00e3o p\u00fablica tradicional\u201d. J\u00e1 o reitor da UFC, Cust\u00f3dio Almeida, destacou que a universidade vai colaborar com seu \u201caparato cient\u00edfico nas \u00e1reas de manejo de \u00e1reas verdes, recursos h\u00eddricos, limpeza de lagoas e a\u00e7udos\u201d. \u201cColocamos \u00e0 disposi\u00e7\u00e3o um verdadeiro ex\u00e9rcito de cientistas, professores e estudantes para contribuir com a melhoria da cidade\u201d, afirmou Cust\u00f3dio. Originalmente em: https:\/\/oestadoce.com.br\/politica\/prefeitura-de-fortaleza-e-ufc-firmam-acordo-para-mapeamento-de-areas-verdes\/<\/p>","protected":false},"author":1,"featured_media":1880,"comment_status":"open","ping_status":"open","sticky":false,"template":"","format":"standard","meta":{"nf_dc_page":"","_jetpack_memberships_contains_paid_content":false,"footnotes":""},"categories":[32,10],"tags":[],"class_list":["post-1879","post","type-post","status-publish","format-standard","has-post-thumbnail","hentry","category-cientista-chefe-recursos-hidricos","category-noticias"],"jetpack_featured_media_url":"https:\/\/i0.wp.com\/cepas.ufc.br\/wp-content\/uploads\/2025\/07\/Prefeitura-de-Fortaleza-e-UFC-firmam-acordo-para-mapeamento-de-areas-verdes-696x464-1.webp?fit=696%2C464&ssl=1","jetpack_sharing_enabled":true,"_links":{"self":[{"href":"https:\/\/cepas.ufc.br\/en\/wp-json\/wp\/v2\/posts\/1879","targetHints":{"allow":["GET"]}}],"collection":[{"href":"https:\/\/cepas.ufc.br\/en\/wp-json\/wp\/v2\/posts"}],"about":[{"href":"https:\/\/cepas.ufc.br\/en\/wp-json\/wp\/v2\/types\/post"}],"author":[{"embeddable":true,"href":"https:\/\/cepas.ufc.br\/en\/wp-json\/wp\/v2\/users\/1"}],"replies":[{"embeddable":true,"href":"https:\/\/cepas.ufc.br\/en\/wp-json\/wp\/v2\/comments?post=1879"}],"version-history":[{"count":1,"href":"https:\/\/cepas.ufc.br\/en\/wp-json\/wp\/v2\/posts\/1879\/revisions"}],"predecessor-version":[{"id":1881,"href":"https:\/\/cepas.ufc.br\/en\/wp-json\/wp\/v2\/posts\/1879\/revisions\/1881"}],"wp:featuredmedia":[{"embeddable":true,"href":"https:\/\/cepas.ufc.br\/en\/wp-json\/wp\/v2\/media\/1880"}],"wp:attachment":[{"href":"https:\/\/cepas.ufc.br\/en\/wp-json\/wp\/v2\/media?parent=1879"}],"wp:term":[{"taxonomy":"category","embeddable":true,"href":"https:\/\/cepas.ufc.br\/en\/wp-json\/wp\/v2\/categories?post=1879"},{"taxonomy":"post_tag","embeddable":true,"href":"https:\/\/cepas.ufc.br\/en\/wp-json\/wp\/v2\/tags?post=1879"}],"curies":[{"name":"wp","href":"https:\/\/api.w.org\/{rel}","templated":true}]}}