{"id":1984,"date":"2025-08-27T21:24:40","date_gmt":"2025-08-27T21:24:40","guid":{"rendered":"https:\/\/cepas.ufc.br\/?p=1984"},"modified":"2025-08-27T21:25:32","modified_gmt":"2025-08-27T21:25:32","slug":"cogerh-sedia-seminario-sobre-planos-proativos-de-secas-e-avanca-em-nova-estrategia-de-gestao-hidrica-no-ceara","status":"publish","type":"post","link":"https:\/\/cepas.ufc.br\/en\/cogerh-sedia-seminario-sobre-planos-proativos-de-secas-e-avanca-em-nova-estrategia-de-gestao-hidrica-no-ceara\/","title":{"rendered":"Cogerh sedia Semin\u00e1rio sobre Planos Proativos de Secas e avan\u00e7a em nova estrat\u00e9gia de gest\u00e3o h\u00eddrica no Cear\u00e1"},"content":{"rendered":"<p class=\"\">Nos dias 25 e 26 de agosto, a Companhia de Gest\u00e3o dos Recursos H\u00eddricos (Cogerh) sediou em Fortaleza o <strong>Semin\u00e1rio sobre Planos de Gest\u00e3o Proativa de Secas<\/strong>. O evento reuniu especialistas, gestores p\u00fablicos e t\u00e9cnicos para apresentar a experi\u00eancia do Cear\u00e1 no desenvolvimento de solu\u00e7\u00f5es voltadas ao <strong>enfrentamento da seca<\/strong>.<\/p>\n\n\n\n<figure class=\"wp-block-image aligncenter size-full is-resized\"><img data-recalc-dims=\"1\" fetchpriority=\"high\" decoding=\"async\" width=\"600\" height=\"450\" src=\"https:\/\/i0.wp.com\/cepas.ufc.br\/wp-content\/uploads\/2025\/08\/WhatsApp-Image-2025-08-25-at-10.41.59-1-600x450-1.jpeg?resize=600%2C450&#038;ssl=1\" alt=\"\" class=\"wp-image-1985\" style=\"width:800px;height:auto\" srcset=\"https:\/\/i0.wp.com\/cepas.ufc.br\/wp-content\/uploads\/2025\/08\/WhatsApp-Image-2025-08-25-at-10.41.59-1-600x450-1.jpeg?w=600&amp;ssl=1 600w, https:\/\/i0.wp.com\/cepas.ufc.br\/wp-content\/uploads\/2025\/08\/WhatsApp-Image-2025-08-25-at-10.41.59-1-600x450-1.jpeg?resize=300%2C225&amp;ssl=1 300w, https:\/\/i0.wp.com\/cepas.ufc.br\/wp-content\/uploads\/2025\/08\/WhatsApp-Image-2025-08-25-at-10.41.59-1-600x450-1.jpeg?resize=16%2C12&amp;ssl=1 16w\" sizes=\"(max-width: 600px) 100vw, 600px\" \/><\/figure>\n\n\n\n<p class=\"\">Promovido pelo Programa Cientista Chefe de Recursos H\u00eddricos, o semin\u00e1rio ocorreu no Audit\u00f3rio da Cogerh e foi transmitido remotamente para o p\u00fablico. A programa\u00e7\u00e3o destacou a elabora\u00e7\u00e3o dos Planos Proativos de Secas em diversos reservat\u00f3rios. <strong>A meta \u00e9 criar 64 planos para 64 reservat\u00f3rios<\/strong>.<\/p>\n\n\n\n<p class=\"\">Os Planos Proativos de Secas s\u00e3o fruto da parceria entre o programa Cientista Chefe do Governo do Estado, Cogerh, Secretaria dos Recursos H\u00eddricos, Funceme, Universidade Federal do Cear\u00e1 (UFC) e Funcap.<\/p>\n\n\n\n<p class=\"\"><strong>A Cogerh, parceira do Programa Cientista Chefe, teve um papel central na formula\u00e7\u00e3o e execu\u00e7\u00e3o desses planos,<\/strong> aplicando sua expertise t\u00e9cnica e mais de 30 anos de experi\u00eancia em gest\u00e3o participativa das \u00e1guas no estado.<\/p>\n\n\n\n<p class=\"\"><strong>O diretor de Opera\u00e7\u00f5es da Cogerh, T\u00e9rcio Tavares,<\/strong> refor\u00e7ou a relev\u00e2ncia da ci\u00eancia para a gest\u00e3o de recursos h\u00eddricos. \u201c<em>A ci\u00eancia \u00e9 a base de tudo. Esse investimento em pesquisa, aliado \u00e0 participa\u00e7\u00e3o social, \u00e9 essencial para avan\u00e7ar na seguran\u00e7a h\u00eddrica e garantir que o Cear\u00e1 esteja mais preparado para enfrentar futuras secas<\/em>\u201c, afirmou.<\/p>\n\n\n\n<figure class=\"wp-block-image aligncenter is-resized\"><img data-recalc-dims=\"1\" height=\"450\" width=\"600\" decoding=\"async\" src=\"https:\/\/i0.wp.com\/portal.cogerh.com.br\/wp-content\/uploads\/2025\/08\/WhatsApp-Image-2025-08-25-at-10.42.00-2-600x450.jpeg?resize=600%2C450&#038;ssl=1\" alt=\"\" class=\"wp-image-37209\" style=\"width:800px;height:auto\"\/><\/figure>\n\n\n\n<p class=\"\">At\u00e9 o momento, <strong>mais de 20 planos de seca j\u00e1 foram elaborados<\/strong>, em reservat\u00f3rios como, <strong>Patu, Acarape do Meio, Ubaldinho, Jaburu I, dentre outros,<\/strong> fortalecendo a integra\u00e7\u00e3o entre ci\u00eancia, inova\u00e7\u00e3o tecnol\u00f3gica e gest\u00e3o participativa. O objetivo \u00e9 tornar os sistemas h\u00eddricos mais resilientes, reduzir os impactos de futuras secas, promover o desenvolvimento econ\u00f4mico e assegurar a seguran\u00e7a h\u00eddrica para a popula\u00e7\u00e3o cearense.<\/p>\n\n\n\n<h2 class=\"wp-block-heading\"><strong>Proactive Drought Management Plans<\/strong><\/h2>\n\n\n\n<p class=\"\">Segundo o professor e Cientista Chefe do projeto, Assis Filho, os planos s\u00e3o estrat\u00e9gicos e operacionais, permitindo decis\u00f5es mais precisas e eficientes. <em>\u201cEssa iniciativa coloca o Cear\u00e1 \u00e0 frente de outros estados brasileiros na gest\u00e3o de recursos h\u00eddricos, integrando ci\u00eancia, inova\u00e7\u00e3o tecnol\u00f3gica e participa\u00e7\u00e3o social para garantir melhores condi\u00e7\u00f5es de vida para a popula\u00e7\u00e3o\u201d,<\/em> destacou.<\/p>\n\n\n\n<figure class=\"wp-block-image\"><img data-recalc-dims=\"1\" height=\"533\" width=\"800\" decoding=\"async\" src=\"https:\/\/i0.wp.com\/portal.cogerh.com.br\/wp-content\/uploads\/2025\/08\/IMG_9638-1200x800.jpg?resize=800%2C533&#038;ssl=1\" alt=\"\" class=\"wp-image-37191\"\/><\/figure>\n\n\n\n<p class=\"\">A constru\u00e7\u00e3o dos planos \u00e9 realizada em parceria com a <strong>Secretaria de Recursos H\u00eddricos<\/strong> e diversas universidades, como <strong>UFC<\/strong>, <strong>UFCA<\/strong>, <strong>Unilab<\/strong>, <strong>Instituto Federal<\/strong> e <strong>Universidade Vale do Acara\u00fa<\/strong>. Essa colabora\u00e7\u00e3o garante a participa\u00e7\u00e3o regional, envolvendo <strong>Comit\u00eas de Bacia<\/strong>, <strong>Comiss\u00f5es Gestoras de reservat\u00f3rios<\/strong> e associa\u00e7\u00f5es de usu\u00e1rios de \u00e1gua.<\/p>\n\n\n\n<figure class=\"wp-block-image aligncenter\"><img data-recalc-dims=\"1\" decoding=\"async\" src=\"https:\/\/i0.wp.com\/portal.cogerh.com.br\/wp-content\/uploads\/2025\/08\/Capturar.jpg?w=800&#038;ssl=1\" alt=\"\" class=\"wp-image-37208\"\/><\/figure>\n\n\n\n<h2 class=\"wp-block-heading\"><strong>Parceria entre ci\u00eancia e sociedade na gest\u00e3o da \u00e1gua<\/strong><\/h2>\n\n\n\n<figure class=\"wp-block-image aligncenter is-resized\"><img data-recalc-dims=\"1\" height=\"400\" width=\"600\" decoding=\"async\" src=\"https:\/\/i0.wp.com\/portal.cogerh.com.br\/wp-content\/uploads\/2025\/08\/IMG_6088-600x400.jpg?resize=600%2C400&#038;ssl=1\" alt=\"\" class=\"wp-image-37193\" style=\"width:800px;height:auto\"\/><\/figure>\n\n\n\n<p class=\"\">A iniciativa envolve cientistas da Universidade Federal do Cear\u00e1 (<strong>UFC<\/strong>), especialistas da Funda\u00e7\u00e3o Cearense de Meteorologia e Recursos H\u00eddricos (<strong>Funceme<\/strong>), t\u00e9cnicos da Companhia de Gest\u00e3o dos Recursos H\u00eddricos (<strong>Cogerh<\/strong>) e, fundamentalmente, representantes da <strong>sociedade civil<\/strong>.<\/p>\n\n\n\n<p class=\"\">Esse modelo de gest\u00e3o participativa \u00e9 o que torna os planos realmente proativos. Eles s\u00e3o elaborados em todos os a\u00e7udes do Cear\u00e1 que contam com <strong>Comiss\u00f5es Gestoras de Reservat\u00f3rios<\/strong>, que s\u00e3o formadas por usu\u00e1rios da \u00e1gua e poder p\u00fablico. \u201c<em>Essa uni\u00e3o de conhecimentos t\u00e9cnicos e pr\u00e1ticos garante que as a\u00e7\u00f5es sejam eficientes, transparentes e alinhadas com as necessidades de quem mais depende da \u00e1gua<\/em>\u201c, explicou o Professor Assis Filho.<\/p>\n\n\n\n<h2 class=\"wp-block-heading\"><strong>A ci\u00eancia por tr\u00e1s dos planos de gest\u00e3o de secas<\/strong><\/h2>\n\n\n\n<p class=\"\">A elabora\u00e7\u00e3o dos planos de gest\u00e3o de seca da Cogerh \u00e9 um processo t\u00e9cnico e cient\u00edfico. A pesquisa envolve a <strong>an\u00e1lise da variabilidade clim\u00e1tica<\/strong>, a <strong>modelagem do balan\u00e7o h\u00eddrico<\/strong> e a <strong>avalia\u00e7\u00e3o do impacto das mudan\u00e7as clim\u00e1ticas<\/strong>. O resultado \u00e9 um plano que visa o monitoramento, a previs\u00e3o e a an\u00e1lise de vulnerabilidade, beneficiando toda a popula\u00e7\u00e3o cearense e os diversos usos da \u00e1gua.<\/p>\n\n\n\n<figure class=\"wp-block-gallery has-nested-images columns-default is-cropped wp-block-gallery-1 is-layout-flex wp-block-gallery-is-layout-flex\">\n<figure class=\"wp-block-image size-large\"><img data-recalc-dims=\"1\" decoding=\"async\" width=\"800\" height=\"630\" data-id=\"1986\" src=\"https:\/\/i0.wp.com\/cepas.ufc.br\/wp-content\/uploads\/2025\/08\/IMG_6053.jpg?resize=800%2C630&#038;ssl=1\" alt=\"\" class=\"wp-image-1986\" srcset=\"https:\/\/i0.wp.com\/cepas.ufc.br\/wp-content\/uploads\/2025\/08\/IMG_6053-scaled.jpg?resize=1024%2C807&amp;ssl=1 1024w, https:\/\/i0.wp.com\/cepas.ufc.br\/wp-content\/uploads\/2025\/08\/IMG_6053-scaled.jpg?resize=300%2C236&amp;ssl=1 300w, https:\/\/i0.wp.com\/cepas.ufc.br\/wp-content\/uploads\/2025\/08\/IMG_6053-scaled.jpg?resize=768%2C605&amp;ssl=1 768w, https:\/\/i0.wp.com\/cepas.ufc.br\/wp-content\/uploads\/2025\/08\/IMG_6053-scaled.jpg?resize=1536%2C1210&amp;ssl=1 1536w, https:\/\/i0.wp.com\/cepas.ufc.br\/wp-content\/uploads\/2025\/08\/IMG_6053-scaled.jpg?w=1600&amp;ssl=1 1600w, https:\/\/i0.wp.com\/cepas.ufc.br\/wp-content\/uploads\/2025\/08\/IMG_6053-scaled.jpg?w=2400&amp;ssl=1 2400w\" sizes=\"(max-width: 800px) 100vw, 800px\" \/><\/figure>\n\n\n\n<figure class=\"wp-block-image size-large\"><img data-recalc-dims=\"1\" decoding=\"async\" width=\"800\" height=\"534\" data-id=\"1987\" src=\"https:\/\/i0.wp.com\/cepas.ufc.br\/wp-content\/uploads\/2025\/08\/IMG_6023.jpg?resize=800%2C534&#038;ssl=1\" alt=\"\" class=\"wp-image-1987\" srcset=\"https:\/\/i0.wp.com\/cepas.ufc.br\/wp-content\/uploads\/2025\/08\/IMG_6023-scaled.jpg?resize=1024%2C683&amp;ssl=1 1024w, https:\/\/i0.wp.com\/cepas.ufc.br\/wp-content\/uploads\/2025\/08\/IMG_6023-scaled.jpg?resize=300%2C200&amp;ssl=1 300w, https:\/\/i0.wp.com\/cepas.ufc.br\/wp-content\/uploads\/2025\/08\/IMG_6023-scaled.jpg?resize=768%2C512&amp;ssl=1 768w, https:\/\/i0.wp.com\/cepas.ufc.br\/wp-content\/uploads\/2025\/08\/IMG_6023-scaled.jpg?resize=1536%2C1024&amp;ssl=1 1536w, https:\/\/i0.wp.com\/cepas.ufc.br\/wp-content\/uploads\/2025\/08\/IMG_6023-scaled.jpg?w=1600&amp;ssl=1 1600w, https:\/\/i0.wp.com\/cepas.ufc.br\/wp-content\/uploads\/2025\/08\/IMG_6023-scaled.jpg?w=2400&amp;ssl=1 2400w\" sizes=\"(max-width: 800px) 100vw, 800px\" \/><\/figure>\n\n\n\n<figure class=\"wp-block-image size-large\"><img data-recalc-dims=\"1\" loading=\"lazy\" decoding=\"async\" width=\"800\" height=\"534\" data-id=\"1988\" src=\"https:\/\/i0.wp.com\/cepas.ufc.br\/wp-content\/uploads\/2025\/08\/IMG_6020.jpg?resize=800%2C534&#038;ssl=1\" alt=\"\" class=\"wp-image-1988\" srcset=\"https:\/\/i0.wp.com\/cepas.ufc.br\/wp-content\/uploads\/2025\/08\/IMG_6020-scaled.jpg?resize=1024%2C683&amp;ssl=1 1024w, https:\/\/i0.wp.com\/cepas.ufc.br\/wp-content\/uploads\/2025\/08\/IMG_6020-scaled.jpg?resize=300%2C200&amp;ssl=1 300w, https:\/\/i0.wp.com\/cepas.ufc.br\/wp-content\/uploads\/2025\/08\/IMG_6020-scaled.jpg?resize=768%2C512&amp;ssl=1 768w, https:\/\/i0.wp.com\/cepas.ufc.br\/wp-content\/uploads\/2025\/08\/IMG_6020-scaled.jpg?resize=1536%2C1024&amp;ssl=1 1536w, https:\/\/i0.wp.com\/cepas.ufc.br\/wp-content\/uploads\/2025\/08\/IMG_6020-scaled.jpg?w=1600&amp;ssl=1 1600w, https:\/\/i0.wp.com\/cepas.ufc.br\/wp-content\/uploads\/2025\/08\/IMG_6020-scaled.jpg?w=2400&amp;ssl=1 2400w\" sizes=\"(max-width: 800px) 100vw, 800px\" \/><\/figure>\n<\/figure>\n\n\n\n<p class=\"\">Os planos funcionam com base em <strong>alertas graduais de seca<\/strong> \u00e0 medida que os n\u00edveis dos reservat\u00f3rios reduzem. Para cada estado \u2014 <strong>alerta, seca e seca severa<\/strong> \u2014 <strong>s\u00e3o definidas a\u00e7\u00f5es<\/strong> <strong>concretas e espec\u00edficas.<\/strong><\/p>\n\n\n\n<p class=\"\">A inova\u00e7\u00e3o nesse projeto foi sua <strong>metodologia pedag\u00f3gica<\/strong>, que convida quem usa \u00e1gua dos a\u00e7udes a simular as distribui\u00e7\u00f5es do recurso durante um ano por meio do \u201c<strong><em>Seca em Jogo<\/em><\/strong>\u201c, jogo de tabuleiro criado pela Funceme.<\/p>\n\n\n\n<figure class=\"wp-block-image aligncenter is-resized\"><img data-recalc-dims=\"1\" height=\"450\" width=\"600\" decoding=\"async\" src=\"https:\/\/i0.wp.com\/portal.cogerh.com.br\/wp-content\/uploads\/2025\/08\/WhatsApp-Image-2025-03-20-at-14.30.09-600x450.jpeg?resize=600%2C450&#038;ssl=1\" alt=\"\" class=\"wp-image-37217\" style=\"width:800px;height:auto\"\/><\/figure>\n\n\n\n<p class=\"\">O objetivo \u00e9 n\u00e3o deixar o reservat\u00f3rio secar ap\u00f3s 10 rodadas, simbolizando anos, com cada participante com um papel diferente, representando ind\u00fastria, pequeno irrigante, poder p\u00fablico e outras institui\u00e7\u00f5es que fazem parte do processo de aloca\u00e7\u00e3o.<\/p>\n\n\n\n<figure class=\"wp-block-image aligncenter is-resized\"><img data-recalc-dims=\"1\" height=\"400\" width=\"600\" decoding=\"async\" src=\"https:\/\/i0.wp.com\/portal.cogerh.com.br\/wp-content\/uploads\/2025\/08\/IMG_6059-600x400.jpg?resize=600%2C400&#038;ssl=1\" alt=\"\" class=\"wp-image-37194\" style=\"width:800px;height:auto\"\/><\/figure>\n\n\n\n<blockquote class=\"wp-block-quote is-layout-flow wp-block-quote-is-layout-flow\">\n<p class=\"\"><em>\u201cEsse m\u00e9todo fomenta reflex\u00e3o dos pr\u00f3prios usu\u00e1rios sobre os problemas, levanta percep\u00e7\u00f5es que o p\u00fablico teve durante aquele momento complicado na vida local e os chama a resolv\u00ea-los. Eles se sentem parte do processo. \u00c9 o car\u00e1ter democr\u00e1tico. E a\u00ed, a gente faz eles enxergarem que existe uma parte do poder p\u00fablico interessada em resolver esse problema junto com eles, conseguindo construir ali o consenso\u201d, analisa Alberto Teixeira, professor do curso de Saneamento Ambiental do IFCE de Limoeiro do Norte e condutor dos Planos de Secas dos a\u00e7udes Riacho do Sangue, em Solon\u00f3pole, e do Santo Ant\u00f4nio de Russas.<\/em><\/p>\n<\/blockquote>\n\n\n\n<p class=\"\">Otac\u00edlio Matos, da Associa\u00e7\u00e3o dos Produtores Solid\u00e1rios (Aprosol) de Capistrano, usu\u00e1rio do <strong>A\u00e7ude Pesqueiro<\/strong> e membro da Comiss\u00e3o Gestora do reservat\u00f3rio, desenvolveu uma nova vis\u00e3o de sua responsabilidade na opera\u00e7\u00e3o do manancial ap\u00f3s as oficinas do Plano de Secas.<\/p>\n\n\n\n<p class=\"\">Para o produtor, a grande diferen\u00e7a durante o processo foi compreender a din\u00e2mica das prioridades de uso do hidrossistema e como as decis\u00f5es da Comiss\u00e3o impactam setores diversos.<\/p>\n\n\n\n<blockquote class=\"wp-block-quote is-layout-flow wp-block-quote-is-layout-flow\">\n<p class=\"\"><em>\u201cAlguns de n\u00f3s n\u00e3o tinham a compreens\u00e3o da import\u00e2ncia da Comiss\u00e3o durante as defini\u00e7\u00f5es das aloca\u00e7\u00f5es de \u00e1gua. O professor esclareceu quais s\u00e3o as <strong>prioridades de uso<\/strong>, que sempre ser\u00e1 o abastecimento humano. Porque se faltar \u00e1gua para consumo di\u00e1rio das fam\u00edlias, \u00e9 calamidade total\u201d, <\/em>contou Otac\u00edlio, se referindo ao professor Marcelo Cavalcanti, da Universidade da Integra\u00e7\u00e3o Internacional da Lusofonia Afro-Brasileira (Unilab), que conduziu oficinas com a comunidade local<em>.<\/em><\/p>\n<\/blockquote>\n\n\n\n<p class=\"\">Essa rede institucional liderada pelo Programa Cientista Chefe foi determinante para engajar os membros de Comit\u00eas de Bacia e de Comiss\u00f5es Gestoras de acordo com a professora de Engenharia Civil da Universidade Federal do Cariri, Celme Torres, que conduziu a constru\u00e7\u00e3o dos Planos dos a\u00e7udes Ubaldinho, Ros\u00e1rio e Cachoeira, na regi\u00e3o do Salgado.<\/p>\n\n\n\n<figure class=\"wp-block-image aligncenter is-resized\"><img data-recalc-dims=\"1\" height=\"400\" width=\"600\" decoding=\"async\" src=\"https:\/\/i0.wp.com\/portal.cogerh.com.br\/wp-content\/uploads\/2025\/08\/IMG_6037-600x400.jpg?resize=600%2C400&#038;ssl=1\" alt=\"\" class=\"wp-image-37198\" style=\"width:800px;height:auto\"\/><\/figure>\n\n\n\n<blockquote class=\"wp-block-quote is-layout-flow wp-block-quote-is-layout-flow\">\n<p class=\"\"><em>\u201cO tempo todo a gente dizia aos participantes: \u2018Olha, a gente t\u00e1 aqui como mediador desse plano, mas quem tem que dizer o que quer e o que pensa s\u00e3o voc\u00eas\u2019. Ent\u00e3o, isso coloca eles como <strong>protagonistas do plano<\/strong> e isso faz com que eles tenham um <strong>pertencimento muito grande<\/strong>\u201c, afirmou a pesquisadora.<\/em><\/p>\n<\/blockquote>\n\n\n\n<p class=\"\">Originalmente em: <a href=\"https:\/\/portal.cogerh.com.br\/cogerh-realiza-seminario-sobre-planos-proativos-de-secas-e-avanca-em-nova-estrategia-de-gestao-hidrica-no-ceara\/\">https:\/\/portal.cogerh.com.br\/cogerh-realiza-seminario-sobre-planos-proativos-de-secas-e-avanca-em-nova-estrategia-de-gestao-hidrica-no-ceara\/<\/a><\/p>\n\n\n\n<p class=\"\"><\/p>","protected":false},"excerpt":{"rendered":"<p>Nos dias 25 e 26 de agosto, a Companhia de Gest\u00e3o dos Recursos H\u00eddricos (Cogerh) sediou em Fortaleza o Semin\u00e1rio sobre Planos de Gest\u00e3o Proativa de Secas. O evento reuniu especialistas, gestores p\u00fablicos e t\u00e9cnicos para apresentar a experi\u00eancia do Cear\u00e1 no desenvolvimento de solu\u00e7\u00f5es voltadas ao enfrentamento da seca. Promovido pelo Programa Cientista Chefe de Recursos H\u00eddricos, o semin\u00e1rio ocorreu no Audit\u00f3rio da Cogerh e foi transmitido remotamente para o p\u00fablico. A programa\u00e7\u00e3o destacou a elabora\u00e7\u00e3o dos Planos Proativos de Secas em diversos reservat\u00f3rios. A meta \u00e9 criar 64 planos para 64 reservat\u00f3rios. Os Planos Proativos de Secas s\u00e3o fruto da parceria entre o programa Cientista Chefe do Governo do Estado, Cogerh, Secretaria dos Recursos H\u00eddricos, Funceme, Universidade Federal do Cear\u00e1 (UFC) e Funcap. A Cogerh, parceira do Programa Cientista Chefe, teve um papel central na formula\u00e7\u00e3o e execu\u00e7\u00e3o desses planos, aplicando sua expertise t\u00e9cnica e mais de 30 anos de experi\u00eancia em gest\u00e3o participativa das \u00e1guas no estado. O diretor de Opera\u00e7\u00f5es da Cogerh, T\u00e9rcio Tavares, refor\u00e7ou a relev\u00e2ncia da ci\u00eancia para a gest\u00e3o de recursos h\u00eddricos. \u201cA ci\u00eancia \u00e9 a base de tudo. Esse investimento em pesquisa, aliado \u00e0 participa\u00e7\u00e3o social, \u00e9 essencial para avan\u00e7ar na seguran\u00e7a h\u00eddrica e garantir que o Cear\u00e1 esteja mais preparado para enfrentar futuras secas\u201c, afirmou. At\u00e9 o momento, mais de 20 planos de seca j\u00e1 foram elaborados, em reservat\u00f3rios como, Patu, Acarape do Meio, Ubaldinho, Jaburu I, dentre outros, fortalecendo a integra\u00e7\u00e3o entre ci\u00eancia, inova\u00e7\u00e3o tecnol\u00f3gica e gest\u00e3o participativa. O objetivo \u00e9 tornar os sistemas h\u00eddricos mais resilientes, reduzir os impactos de futuras secas, promover o desenvolvimento econ\u00f4mico e assegurar a seguran\u00e7a h\u00eddrica para a popula\u00e7\u00e3o cearense. Planos de Gest\u00e3o Proativa de Secas Segundo o professor e Cientista Chefe do projeto, Assis Filho, os planos s\u00e3o estrat\u00e9gicos e operacionais, permitindo decis\u00f5es mais precisas e eficientes. \u201cEssa iniciativa coloca o Cear\u00e1 \u00e0 frente de outros estados brasileiros na gest\u00e3o de recursos h\u00eddricos, integrando ci\u00eancia, inova\u00e7\u00e3o tecnol\u00f3gica e participa\u00e7\u00e3o social para garantir melhores condi\u00e7\u00f5es de vida para a popula\u00e7\u00e3o\u201d, destacou. A constru\u00e7\u00e3o dos planos \u00e9 realizada em parceria com a Secretaria de Recursos H\u00eddricos e diversas universidades, como UFC, UFCA, Unilab, Instituto Federal e Universidade Vale do Acara\u00fa. Essa colabora\u00e7\u00e3o garante a participa\u00e7\u00e3o regional, envolvendo Comit\u00eas de Bacia, Comiss\u00f5es Gestoras de reservat\u00f3rios e associa\u00e7\u00f5es de usu\u00e1rios de \u00e1gua. Parceria entre ci\u00eancia e sociedade na gest\u00e3o da \u00e1gua A iniciativa envolve cientistas da Universidade Federal do Cear\u00e1 (UFC), especialistas da Funda\u00e7\u00e3o Cearense de Meteorologia e Recursos H\u00eddricos (Funceme), t\u00e9cnicos da Companhia de Gest\u00e3o dos Recursos H\u00eddricos (Cogerh) e, fundamentalmente, representantes da sociedade civil. Esse modelo de gest\u00e3o participativa \u00e9 o que torna os planos realmente proativos. Eles s\u00e3o elaborados em todos os a\u00e7udes do Cear\u00e1 que contam com Comiss\u00f5es Gestoras de Reservat\u00f3rios, que s\u00e3o formadas por usu\u00e1rios da \u00e1gua e poder p\u00fablico. \u201cEssa uni\u00e3o de conhecimentos t\u00e9cnicos e pr\u00e1ticos garante que as a\u00e7\u00f5es sejam eficientes, transparentes e alinhadas com as necessidades de quem mais depende da \u00e1gua\u201c, explicou o Professor Assis Filho. A ci\u00eancia por tr\u00e1s dos planos de gest\u00e3o de secas A elabora\u00e7\u00e3o dos planos de gest\u00e3o de seca da Cogerh \u00e9 um processo t\u00e9cnico e cient\u00edfico. A pesquisa envolve a an\u00e1lise da variabilidade clim\u00e1tica, a modelagem do balan\u00e7o h\u00eddrico e a avalia\u00e7\u00e3o do impacto das mudan\u00e7as clim\u00e1ticas. O resultado \u00e9 um plano que visa o monitoramento, a previs\u00e3o e a an\u00e1lise de vulnerabilidade, beneficiando toda a popula\u00e7\u00e3o cearense e os diversos usos da \u00e1gua. Os planos funcionam com base em alertas graduais de seca \u00e0 medida que os n\u00edveis dos reservat\u00f3rios reduzem. Para cada estado \u2014 alerta, seca e seca severa \u2014 s\u00e3o definidas a\u00e7\u00f5es concretas e espec\u00edficas. A inova\u00e7\u00e3o nesse projeto foi sua metodologia pedag\u00f3gica, que convida quem usa \u00e1gua dos a\u00e7udes a simular as distribui\u00e7\u00f5es do recurso durante um ano por meio do \u201cSeca em Jogo\u201c, jogo de tabuleiro criado pela Funceme. O objetivo \u00e9 n\u00e3o deixar o reservat\u00f3rio secar ap\u00f3s 10 rodadas, simbolizando anos, com cada participante com um papel diferente, representando ind\u00fastria, pequeno irrigante, poder p\u00fablico e outras institui\u00e7\u00f5es que fazem parte do processo de aloca\u00e7\u00e3o. \u201cEsse m\u00e9todo fomenta reflex\u00e3o dos pr\u00f3prios usu\u00e1rios sobre os problemas, levanta percep\u00e7\u00f5es que o p\u00fablico teve durante aquele momento complicado na vida local e os chama a resolv\u00ea-los. Eles se sentem parte do processo. \u00c9 o car\u00e1ter democr\u00e1tico. E a\u00ed, a gente faz eles enxergarem que existe uma parte do poder p\u00fablico interessada em resolver esse problema junto com eles, conseguindo construir ali o consenso\u201d, analisa Alberto Teixeira, professor do curso de Saneamento Ambiental do IFCE de Limoeiro do Norte e condutor dos Planos de Secas dos a\u00e7udes Riacho do Sangue, em Solon\u00f3pole, e do Santo Ant\u00f4nio de Russas. Otac\u00edlio Matos, da Associa\u00e7\u00e3o dos Produtores Solid\u00e1rios (Aprosol) de Capistrano, usu\u00e1rio do A\u00e7ude Pesqueiro e membro da Comiss\u00e3o Gestora do reservat\u00f3rio, desenvolveu uma nova vis\u00e3o de sua responsabilidade na opera\u00e7\u00e3o do manancial ap\u00f3s as oficinas do Plano de Secas. Para o produtor, a grande diferen\u00e7a durante o processo foi compreender a din\u00e2mica das prioridades de uso do hidrossistema e como as decis\u00f5es da Comiss\u00e3o impactam setores diversos. \u201cAlguns de n\u00f3s n\u00e3o tinham a compreens\u00e3o da import\u00e2ncia da Comiss\u00e3o durante as defini\u00e7\u00f5es das aloca\u00e7\u00f5es de \u00e1gua. O professor esclareceu quais s\u00e3o as prioridades de uso, que sempre ser\u00e1 o abastecimento humano. Porque se faltar \u00e1gua para consumo di\u00e1rio das fam\u00edlias, \u00e9 calamidade total\u201d, contou Otac\u00edlio, se referindo ao professor Marcelo Cavalcanti, da Universidade da Integra\u00e7\u00e3o Internacional da Lusofonia Afro-Brasileira (Unilab), que conduziu oficinas com a comunidade local. Essa rede institucional liderada pelo Programa Cientista Chefe foi determinante para engajar os membros de Comit\u00eas de Bacia e de Comiss\u00f5es Gestoras de acordo com a professora de Engenharia Civil da Universidade Federal do Cariri, Celme Torres, que conduziu a constru\u00e7\u00e3o dos Planos dos a\u00e7udes Ubaldinho, Ros\u00e1rio e Cachoeira, na regi\u00e3o do Salgado. \u201cO tempo todo a gente dizia aos participantes: \u2018Olha, a gente t\u00e1 aqui como mediador desse plano, mas quem tem que dizer o que quer e o que pensa s\u00e3o voc\u00eas\u2019. Ent\u00e3o, isso<\/p>","protected":false},"author":1,"featured_media":1985,"comment_status":"open","ping_status":"open","sticky":false,"template":"","format":"standard","meta":{"nf_dc_page":"","_jetpack_memberships_contains_paid_content":false,"footnotes":""},"categories":[32,10],"tags":[],"class_list":["post-1984","post","type-post","status-publish","format-standard","has-post-thumbnail","hentry","category-cientista-chefe-recursos-hidricos","category-noticias"],"jetpack_featured_media_url":"https:\/\/i0.wp.com\/cepas.ufc.br\/wp-content\/uploads\/2025\/08\/WhatsApp-Image-2025-08-25-at-10.41.59-1-600x450-1.jpeg?fit=600%2C450&ssl=1","jetpack_sharing_enabled":true,"_links":{"self":[{"href":"https:\/\/cepas.ufc.br\/en\/wp-json\/wp\/v2\/posts\/1984","targetHints":{"allow":["GET"]}}],"collection":[{"href":"https:\/\/cepas.ufc.br\/en\/wp-json\/wp\/v2\/posts"}],"about":[{"href":"https:\/\/cepas.ufc.br\/en\/wp-json\/wp\/v2\/types\/post"}],"author":[{"embeddable":true,"href":"https:\/\/cepas.ufc.br\/en\/wp-json\/wp\/v2\/users\/1"}],"replies":[{"embeddable":true,"href":"https:\/\/cepas.ufc.br\/en\/wp-json\/wp\/v2\/comments?post=1984"}],"version-history":[{"count":3,"href":"https:\/\/cepas.ufc.br\/en\/wp-json\/wp\/v2\/posts\/1984\/revisions"}],"predecessor-version":[{"id":1992,"href":"https:\/\/cepas.ufc.br\/en\/wp-json\/wp\/v2\/posts\/1984\/revisions\/1992"}],"wp:featuredmedia":[{"embeddable":true,"href":"https:\/\/cepas.ufc.br\/en\/wp-json\/wp\/v2\/media\/1985"}],"wp:attachment":[{"href":"https:\/\/cepas.ufc.br\/en\/wp-json\/wp\/v2\/media?parent=1984"}],"wp:term":[{"taxonomy":"category","embeddable":true,"href":"https:\/\/cepas.ufc.br\/en\/wp-json\/wp\/v2\/categories?post=1984"},{"taxonomy":"post_tag","embeddable":true,"href":"https:\/\/cepas.ufc.br\/en\/wp-json\/wp\/v2\/tags?post=1984"}],"curies":[{"name":"wp","href":"https:\/\/api.w.org\/{rel}","templated":true}]}}