{"id":2004,"date":"2025-09-03T12:28:26","date_gmt":"2025-09-03T12:28:26","guid":{"rendered":"https:\/\/cepas.ufc.br\/?p=2004"},"modified":"2025-09-03T12:28:28","modified_gmt":"2025-09-03T12:28:28","slug":"cogerh-sedia-encontro-estrategico-para-fortalecer-plano-de-adaptacao-as-mudancas-climaticas","status":"publish","type":"post","link":"https:\/\/cepas.ufc.br\/en\/cogerh-sedia-encontro-estrategico-para-fortalecer-plano-de-adaptacao-as-mudancas-climaticas\/","title":{"rendered":"Cogerh sedia encontro estrat\u00e9gico para fortalecer Plano de Adapta\u00e7\u00e3o \u00e0s Mudan\u00e7as Clim\u00e1ticas"},"content":{"rendered":"<figure class=\"wp-block-image aligncenter\"><img data-recalc-dims=\"1\" height=\"677\" width=\"800\" decoding=\"async\" src=\"https:\/\/i0.wp.com\/portal.cogerh.com.br\/wp-content\/uploads\/2025\/09\/IMG_6194-1200x1015.jpg?resize=800%2C677&#038;ssl=1\" alt=\"\" class=\"wp-image-37307\"\/><\/figure>\n\n\n\n<p class=\"\">&nbsp;A sede da Companhia de Gest\u00e3o dos Recursos H\u00eddricos (Cogerh) foi o palco, nesta segunda-feira (1\u00ba), de um encontro para o futuro da gest\u00e3o da \u00e1gua no estado: a <strong>Reuni\u00e3o de Valida\u00e7\u00e3o e Proposi\u00e7\u00e3o de A\u00e7\u00f5es e Estrat\u00e9gias do Plano de Adapta\u00e7\u00e3o \u00e0s Mudan\u00e7as Clim\u00e1ticas do Setor de Recursos H\u00eddricos do Cear\u00e1<\/strong>.<\/p>\n\n\n\n<p class=\"\">O evento, promovido pelo Programa Cientista Chefe de Recursos H\u00eddricos, reuniu pesquisadores e representantes da Funceme, Cogerh, SRH e UFC para construir e validar um conjunto de a\u00e7\u00f5es que prepare o Cear\u00e1 para os desafios h\u00eddricos futuros.<\/p>\n\n\n\n<p class=\"\"><strong>O plano visa desenvolver medidas adaptativas para aumentar a resili\u00eancia e a seguran\u00e7a h\u00eddrica do estado frente a cen\u00e1rios de incerteza<\/strong>. As proje\u00e7\u00f5es clim\u00e1ticas para o Cear\u00e1 indicam poss\u00edveis redu\u00e7\u00f5es na m\u00e9dia de chuvas e um aumento na intensidade de eventos de precipita\u00e7\u00e3o , tornando o planejamento estrat\u00e9gico uma ferramenta crucial para a sustentabilidade da regi\u00e3o.<\/p>\n\n\n\n<p class=\"\"><strong>A professora Carla Beatriz (UFC<\/strong>), que coordena a iniciativa ao lado do professor Assis Filho (UFC\/Cientista Chefe de Recursos H\u00eddricos do Cear\u00e1), destacou a import\u00e2ncia do trabalho colaborativo. Segundo ela, \u201c<em>este \u00e9 um momento coletivo essencial para a constru\u00e7\u00e3o de estrat\u00e9gias que fortale\u00e7am a gest\u00e3o h\u00eddrica do estado diante dos desafios impostos pelas mudan\u00e7as clim\u00e1ticas\u201d.<\/em><\/p>\n\n\n\n<p class=\"\">O encontro refor\u00e7ou a integra\u00e7\u00e3o e a busca por solu\u00e7\u00f5es conjuntas com a participa\u00e7\u00e3o de institui\u00e7\u00f5es-chave como a UFC (atrav\u00e9s do CEPAS), COGERH, Funceme, Secretaria de Recursos H\u00eddricos (SRH), Cagece e UECE.<\/p>\n\n\n\n<h4 class=\"wp-block-heading\"><strong>Sobre o Plano<\/strong><\/h4>\n\n\n\n<figure class=\"wp-block-image aligncenter\"><img data-recalc-dims=\"1\" height=\"533\" width=\"800\" decoding=\"async\" src=\"https:\/\/i0.wp.com\/portal.cogerh.com.br\/wp-content\/uploads\/2025\/09\/IMG_6187-1200x800.jpg?resize=800%2C533&#038;ssl=1\" alt=\"\" class=\"wp-image-37306\"\/><\/figure>\n\n\n\n<p class=\"\">A iniciativa \u00e9 um subprojeto do Programa Cientista Chefe: Recursos H\u00eddricos, uma parceria entre a Funcap e a Secitece, que une a academia e a gest\u00e3o p\u00fablica para encontrar solu\u00e7\u00f5es baseadas na ci\u00eancia.<\/p>\n\n\n\n<p class=\"\">As discuss\u00f5es e propostas abordadas na reuni\u00e3o<strong> s\u00e3o desenhadas para combater impactos diretos das mudan\u00e7as clim\u00e1ticas, como a potencial diminui\u00e7\u00e3o da disponibilidade h\u00eddrica superficial e subterr\u00e2nea <\/strong><strong>, o aumento das demandas setoriais<\/strong> (agr\u00edcola, industrial, abastecimento humano) e a intensifica\u00e7\u00e3o de conflitos pelo uso da \u00e1gua.<\/p>\n\n\n\n<p class=\"\">Originalmente em: <a href=\"https:\/\/portal.cogerh.com.br\/cogerh-sedia-encontro-estrategico-para-fortalecer-plano-de-adaptacao-as-mudancas-climaticas\/\">https:\/\/portal.cogerh.com.br\/cogerh-sedia-encontro-estrategico-para-fortalecer-plano-de-adaptacao-as-mudancas-climaticas\/<\/a><\/p>\n\n\n\n<p class=\"\"><\/p>","protected":false},"excerpt":{"rendered":"<p>&nbsp;A sede da Companhia de Gest\u00e3o dos Recursos H\u00eddricos (Cogerh) foi o palco, nesta segunda-feira (1\u00ba), de um encontro para o futuro da gest\u00e3o da \u00e1gua no estado: a Reuni\u00e3o de Valida\u00e7\u00e3o e Proposi\u00e7\u00e3o de A\u00e7\u00f5es e Estrat\u00e9gias do Plano de Adapta\u00e7\u00e3o \u00e0s Mudan\u00e7as Clim\u00e1ticas do Setor de Recursos H\u00eddricos do Cear\u00e1. O evento, promovido pelo Programa Cientista Chefe de Recursos H\u00eddricos, reuniu pesquisadores e representantes da Funceme, Cogerh, SRH e UFC para construir e validar um conjunto de a\u00e7\u00f5es que prepare o Cear\u00e1 para os desafios h\u00eddricos futuros. O plano visa desenvolver medidas adaptativas para aumentar a resili\u00eancia e a seguran\u00e7a h\u00eddrica do estado frente a cen\u00e1rios de incerteza. As proje\u00e7\u00f5es clim\u00e1ticas para o Cear\u00e1 indicam poss\u00edveis redu\u00e7\u00f5es na m\u00e9dia de chuvas e um aumento na intensidade de eventos de precipita\u00e7\u00e3o , tornando o planejamento estrat\u00e9gico uma ferramenta crucial para a sustentabilidade da regi\u00e3o. A professora Carla Beatriz (UFC), que coordena a iniciativa ao lado do professor Assis Filho (UFC\/Cientista Chefe de Recursos H\u00eddricos do Cear\u00e1), destacou a import\u00e2ncia do trabalho colaborativo. Segundo ela, \u201ceste \u00e9 um momento coletivo essencial para a constru\u00e7\u00e3o de estrat\u00e9gias que fortale\u00e7am a gest\u00e3o h\u00eddrica do estado diante dos desafios impostos pelas mudan\u00e7as clim\u00e1ticas\u201d. O encontro refor\u00e7ou a integra\u00e7\u00e3o e a busca por solu\u00e7\u00f5es conjuntas com a participa\u00e7\u00e3o de institui\u00e7\u00f5es-chave como a UFC (atrav\u00e9s do CEPAS), COGERH, Funceme, Secretaria de Recursos H\u00eddricos (SRH), Cagece e UECE. Sobre o Plano A iniciativa \u00e9 um subprojeto do Programa Cientista Chefe: Recursos H\u00eddricos, uma parceria entre a Funcap e a Secitece, que une a academia e a gest\u00e3o p\u00fablica para encontrar solu\u00e7\u00f5es baseadas na ci\u00eancia. As discuss\u00f5es e propostas abordadas na reuni\u00e3o s\u00e3o desenhadas para combater impactos diretos das mudan\u00e7as clim\u00e1ticas, como a potencial diminui\u00e7\u00e3o da disponibilidade h\u00eddrica superficial e subterr\u00e2nea , o aumento das demandas setoriais (agr\u00edcola, industrial, abastecimento humano) e a intensifica\u00e7\u00e3o de conflitos pelo uso da \u00e1gua. Originalmente em: https:\/\/portal.cogerh.com.br\/cogerh-sedia-encontro-estrategico-para-fortalecer-plano-de-adaptacao-as-mudancas-climaticas\/<\/p>","protected":false},"author":1,"featured_media":2005,"comment_status":"open","ping_status":"open","sticky":false,"template":"","format":"standard","meta":{"nf_dc_page":"","_jetpack_memberships_contains_paid_content":false,"footnotes":""},"categories":[32,10],"tags":[],"class_list":["post-2004","post","type-post","status-publish","format-standard","has-post-thumbnail","hentry","category-cientista-chefe-recursos-hidricos","category-noticias"],"jetpack_featured_media_url":"https:\/\/i0.wp.com\/cepas.ufc.br\/wp-content\/uploads\/2025\/09\/IMG_6194-600x508-1.jpg?fit=600%2C508&ssl=1","jetpack_sharing_enabled":true,"_links":{"self":[{"href":"https:\/\/cepas.ufc.br\/en\/wp-json\/wp\/v2\/posts\/2004","targetHints":{"allow":["GET"]}}],"collection":[{"href":"https:\/\/cepas.ufc.br\/en\/wp-json\/wp\/v2\/posts"}],"about":[{"href":"https:\/\/cepas.ufc.br\/en\/wp-json\/wp\/v2\/types\/post"}],"author":[{"embeddable":true,"href":"https:\/\/cepas.ufc.br\/en\/wp-json\/wp\/v2\/users\/1"}],"replies":[{"embeddable":true,"href":"https:\/\/cepas.ufc.br\/en\/wp-json\/wp\/v2\/comments?post=2004"}],"version-history":[{"count":1,"href":"https:\/\/cepas.ufc.br\/en\/wp-json\/wp\/v2\/posts\/2004\/revisions"}],"predecessor-version":[{"id":2006,"href":"https:\/\/cepas.ufc.br\/en\/wp-json\/wp\/v2\/posts\/2004\/revisions\/2006"}],"wp:featuredmedia":[{"embeddable":true,"href":"https:\/\/cepas.ufc.br\/en\/wp-json\/wp\/v2\/media\/2005"}],"wp:attachment":[{"href":"https:\/\/cepas.ufc.br\/en\/wp-json\/wp\/v2\/media?parent=2004"}],"wp:term":[{"taxonomy":"category","embeddable":true,"href":"https:\/\/cepas.ufc.br\/en\/wp-json\/wp\/v2\/categories?post=2004"},{"taxonomy":"post_tag","embeddable":true,"href":"https:\/\/cepas.ufc.br\/en\/wp-json\/wp\/v2\/tags?post=2004"}],"curies":[{"name":"wp","href":"https:\/\/api.w.org\/{rel}","templated":true}]}}