{"id":2077,"date":"2025-12-05T13:40:13","date_gmt":"2025-12-05T13:40:13","guid":{"rendered":"https:\/\/cepas.ufc.br\/?p=2077"},"modified":"2025-12-05T13:40:41","modified_gmt":"2025-12-05T13:40:41","slug":"comite-do-alto-jaguaribe-aprova-plano-de-secas-do-acude-canoas","status":"publish","type":"post","link":"https:\/\/cepas.ufc.br\/en\/comite-do-alto-jaguaribe-aprova-plano-de-secas-do-acude-canoas\/","title":{"rendered":"Comit\u00ea do Alto Jaguaribe aprova Plano de Secas do A\u00e7ude Canoas"},"content":{"rendered":"<figure class=\"wp-block-image aligncenter size-full\"><img fetchpriority=\"high\" decoding=\"async\" width=\"1024\" height=\"548\" src=\"https:\/\/i0.wp.com\/cepas.ufc.br\/wp-content\/uploads\/2025\/12\/image.png?fit=1024%2C548&amp;ssl=1\" alt=\"\" class=\"wp-image-2079\" srcset=\"https:\/\/i0.wp.com\/cepas.ufc.br\/wp-content\/uploads\/2025\/12\/image.png?w=1024&amp;ssl=1 1024w, https:\/\/i0.wp.com\/cepas.ufc.br\/wp-content\/uploads\/2025\/12\/image.png?resize=300%2C161&amp;ssl=1 300w, https:\/\/i0.wp.com\/cepas.ufc.br\/wp-content\/uploads\/2025\/12\/image.png?resize=768%2C411&amp;ssl=1 768w, https:\/\/i0.wp.com\/cepas.ufc.br\/wp-content\/uploads\/2025\/12\/image.png?resize=18%2C10&amp;ssl=1 18w\" sizes=\"(max-width: 800px) 100vw, 800px\" \/><\/figure>\n\n\n\n<p class=\"\">Nesta ter\u00e7a-feira (2), no audit\u00f3rio da Universidade Integrada do Cear\u00e1, em Iguatu, o&nbsp;<strong>Comit\u00ea da Sub-Bacia do Alto Jaguaribe<\/strong>&nbsp;realizou sua 88\u00ba Reuni\u00e3o Ordin\u00e1ria.<\/p>\n\n\n\n<p class=\"\">Em seguida, os professores da Universidade Federal do Cear\u00e1 campus Crate\u00fas, Luana Viana e Alan Michel apresentaram a valida\u00e7\u00e3o do&nbsp;<strong>Plano de Gest\u00e3o Proativa de Secas do a\u00e7ude Canoas<\/strong>.<\/p>\n\n\n\n<p class=\"\">Alan apresentou as caracter\u00edsticas do plano, como a gest\u00e3o de risco de crise proativa e reativa, as orienta\u00e7\u00f5es em per\u00edodos de seca, que ser\u00e3o divididos em quatro est\u00e1gios: normal, alerta, seca e seca severa.<\/p>\n\n\n\n<figure class=\"wp-block-image aligncenter\"><img data-recalc-dims=\"1\" height=\"450\" width=\"800\" decoding=\"async\" src=\"https:\/\/i0.wp.com\/www.cogerh.com.br\/wp-content\/uploads\/2025\/06\/ACUDE-CANOAS-1024x576.jpg?resize=800%2C450&#038;ssl=1\" alt=\"\" class=\"wp-image-45715\"\/><\/figure>\n\n\n\n<p class=\"\">J\u00e1 foi criada a c\u00e2mara t\u00e9cnica do plano de bacias para monitoramento e poss\u00edveis ajustes.<\/p>\n\n\n\n<p class=\"\">O documento foi aprovado por unanimidade pela plen\u00e1ria.<\/p>\n\n\n\n<h2 class=\"wp-block-heading\">Sobre o Plano<\/h2>\n\n\n\n<p class=\"\">O Plano de Secas \u00e9 coordenado pela Universidade Federal do Cear\u00e1 (UFC), atrav\u00e9s do Programa Cientista Chefe, em parceria com a Companhia de Gest\u00e3o de Recursos H\u00eddricos (Cogerh).<\/p>\n\n\n\n<p class=\"\">O projeto est\u00e1 institucionalmente vinculado \u00e0 Funda\u00e7\u00e3o de Apoio ao Desenvolvimento Cient\u00edfico e Tecnol\u00f3gico (FUNCAP), por meio do projeto Desenvolvimento de Ferramentas Tecnol\u00f3gicas de Gest\u00e3o para o Planejamento dos Recursos H\u00eddricos do Estado do Cear\u00e1: Seguran\u00e7a H\u00eddrica e Planejamento de Secas.<\/p>\n\n\n\n<p class=\"\">Ele visa desenvolver a\u00e7\u00f5es para gest\u00e3o de recursos h\u00eddricos em situa\u00e7\u00e3o de escassez, aperfei\u00e7oando o planejamento nas regi\u00f5es. Por meio de estrat\u00e9gias operacionais, o plano conta com tr\u00eas esferas integradas: Aloca\u00e7\u00e3o de \u00c1gua, Plano de Seguran\u00e7a H\u00eddrica e Plano de Gest\u00e3o de Secas.<\/p>\n\n\n\n<p class=\"\">Juntamente com os Comit\u00eas de Bacia e as Comiss\u00f5es Gestoras, o documento estrat\u00e9gico, de curto prazo, visa definir a\u00e7\u00f5es capazes de diminuir o impacto das secas h\u00eddricas, acordando com os processos estabelecidos na aloca\u00e7\u00e3o negociada de \u00e1gua j\u00e1 existentes.<\/p>\n\n\n\n<p class=\"\">De forma proativa, o Plano tem tr\u00eas pilares fundamentais que contemplam diferentes escalas e finalidades: o monitoramento preventivo e o alerta precoce, a avalia\u00e7\u00e3o da vulnerabilidade, do impacto e a mitiga\u00e7\u00e3o, o planejamento e as medidas de respostas.<\/p>\n\n\n\n<h2 class=\"wp-block-heading\">Palestra sobre Humanidade<\/h2>\n\n\n\n<p class=\"\">Em seguida, o professor e escritor Ivo Lavor ministrou uma palestra com o tema Humanidade 5.0 que retratou a hist\u00f3ria da humanidade at\u00e9 os dias de hoje. O momento focou na Intelig\u00eancia emocional, respeito, gentileza, toler\u00e2ncia e perd\u00e3o, habilidades necess\u00e1rias a nosso tempo.<\/p>\n\n\n\n<figure class=\"wp-block-image aligncenter\"><img data-recalc-dims=\"1\" decoding=\"async\" src=\"https:\/\/i0.wp.com\/www.cogerh.com.br\/wp-content\/uploads\/2025\/12\/image-2.jpeg?w=800&#038;ssl=1\" alt=\"\" class=\"wp-image-47255\"\/><\/figure>\n\n\n\n<h2 class=\"wp-block-heading\">Comenda Alto Jaguaribe<\/h2>\n\n\n\n<p class=\"\">Ap\u00f3s a palestra, foram escolhidos os nomes para receberem, no ano de 2026, a comenda Alto Jaguaribe ( Miguel, Lu\u00eds Pintado, Marcelo e Evaneide) e Honra ao m\u00e9rito 14 de maio (Gesilene, Manoel Tim\u00f3teo, Arilete e externa Sandra Belchior).<\/p>\n\n\n\n<p class=\"\">Referente ao ano de 2025, as duas homenagens foram entregues aos seguintes membros:<\/p>\n\n\n\n<p class=\"\"><em><strong>Comenda Alto Jaguaribe<\/strong><\/em><\/p>\n\n\n\n<p class=\"\">Jos\u00e9 Hor\u00e1cio (CREDE 16), Jos\u00e9 Martins ( Prefeitura de Catarina), Maria Josefa ( Par\u00f3quia Bom Jesus- Quixel\u00f4) e Ros\u00e2ngela Teixeira ( FAEC)<\/p>\n\n\n\n<p class=\"\"><em><strong>Honra ao M\u00e9rito 14 de Maio<\/strong><\/em><\/p>\n\n\n\n<p class=\"\">Ant\u00f4nio Augusto ( Prefeitura de Cari\u00fas), Francisco Erivaldo ( EMATERCE), Kelly Oliveira ( Associa\u00e7\u00e3o de Produtores Rurais-Juc\u00e1s), Ronieles Dias ( Associa\u00e7\u00e3o Comunit\u00e1ria Mamoeiro).<\/p>\n\n\n\n<figure class=\"wp-block-image aligncenter\"><img data-recalc-dims=\"1\" decoding=\"async\" src=\"https:\/\/i0.wp.com\/www.cogerh.com.br\/wp-content\/uploads\/2025\/12\/image-3-768x1024-1.jpeg?w=800&#038;ssl=1\" alt=\"\" class=\"wp-image-47256\"\/><\/figure>\n\n\n\n<p class=\"\">Por fim, o Comit\u00ea celebrou o fim dos trabalhos do ano com uma confraterniza\u00e7\u00e3o, com m\u00fasica ao vivo, troca de presentes e um bolo tem\u00e1tico<\/p>\n\n\n\n<figure class=\"wp-block-image aligncenter\"><img data-recalc-dims=\"1\" height=\"1024\" width=\"768\" decoding=\"async\" src=\"https:\/\/i0.wp.com\/www.cogerh.com.br\/wp-content\/uploads\/2025\/12\/WhatsApp-Image-2025-12-03-at-11.34.15-1-768x1024.jpeg?resize=768%2C1024&#038;ssl=1\" alt=\"\" class=\"wp-image-47257\"\/><\/figure>\n\n\n\n<p class=\"\">Participaram do evento 38 Institui\u00e7\u00f5es Membros e 56 Participantes.<\/p>\n\n\n\n<p class=\"\"><\/p>\n\n\n\n<p class=\"\">Originalmente em: <a href=\"https:\/\/www.cogerh.com.br\/comite-do-alto-jaguaribe-aprova-plano-de-secas-do-acude-canoas\/\">https:\/\/www.cogerh.com.br\/comite-do-alto-jaguaribe-aprova-plano-de-secas-do-acude-canoas\/<\/a><\/p>\n\n\n\n<p class=\"\"><\/p>","protected":false},"excerpt":{"rendered":"<p>Nesta ter\u00e7a-feira (2), no audit\u00f3rio da Universidade Integrada do Cear\u00e1, em Iguatu, o&nbsp;Comit\u00ea da Sub-Bacia do Alto Jaguaribe&nbsp;realizou sua 88\u00ba Reuni\u00e3o Ordin\u00e1ria. Em seguida, os professores da Universidade Federal do Cear\u00e1 campus Crate\u00fas, Luana Viana e Alan Michel apresentaram a valida\u00e7\u00e3o do&nbsp;Plano de Gest\u00e3o Proativa de Secas do a\u00e7ude Canoas. Alan apresentou as caracter\u00edsticas do plano, como a gest\u00e3o de risco de crise proativa e reativa, as orienta\u00e7\u00f5es em per\u00edodos de seca, que ser\u00e3o divididos em quatro est\u00e1gios: normal, alerta, seca e seca severa. J\u00e1 foi criada a c\u00e2mara t\u00e9cnica do plano de bacias para monitoramento e poss\u00edveis ajustes. O documento foi aprovado por unanimidade pela plen\u00e1ria. Sobre o Plano O Plano de Secas \u00e9 coordenado pela Universidade Federal do Cear\u00e1 (UFC), atrav\u00e9s do Programa Cientista Chefe, em parceria com a Companhia de Gest\u00e3o de Recursos H\u00eddricos (Cogerh). O projeto est\u00e1 institucionalmente vinculado \u00e0 Funda\u00e7\u00e3o de Apoio ao Desenvolvimento Cient\u00edfico e Tecnol\u00f3gico (FUNCAP), por meio do projeto Desenvolvimento de Ferramentas Tecnol\u00f3gicas de Gest\u00e3o para o Planejamento dos Recursos H\u00eddricos do Estado do Cear\u00e1: Seguran\u00e7a H\u00eddrica e Planejamento de Secas. Ele visa desenvolver a\u00e7\u00f5es para gest\u00e3o de recursos h\u00eddricos em situa\u00e7\u00e3o de escassez, aperfei\u00e7oando o planejamento nas regi\u00f5es. Por meio de estrat\u00e9gias operacionais, o plano conta com tr\u00eas esferas integradas: Aloca\u00e7\u00e3o de \u00c1gua, Plano de Seguran\u00e7a H\u00eddrica e Plano de Gest\u00e3o de Secas. Juntamente com os Comit\u00eas de Bacia e as Comiss\u00f5es Gestoras, o documento estrat\u00e9gico, de curto prazo, visa definir a\u00e7\u00f5es capazes de diminuir o impacto das secas h\u00eddricas, acordando com os processos estabelecidos na aloca\u00e7\u00e3o negociada de \u00e1gua j\u00e1 existentes. De forma proativa, o Plano tem tr\u00eas pilares fundamentais que contemplam diferentes escalas e finalidades: o monitoramento preventivo e o alerta precoce, a avalia\u00e7\u00e3o da vulnerabilidade, do impacto e a mitiga\u00e7\u00e3o, o planejamento e as medidas de respostas. Palestra sobre Humanidade Em seguida, o professor e escritor Ivo Lavor ministrou uma palestra com o tema Humanidade 5.0 que retratou a hist\u00f3ria da humanidade at\u00e9 os dias de hoje. O momento focou na Intelig\u00eancia emocional, respeito, gentileza, toler\u00e2ncia e perd\u00e3o, habilidades necess\u00e1rias a nosso tempo. Comenda Alto Jaguaribe Ap\u00f3s a palestra, foram escolhidos os nomes para receberem, no ano de 2026, a comenda Alto Jaguaribe ( Miguel, Lu\u00eds Pintado, Marcelo e Evaneide) e Honra ao m\u00e9rito 14 de maio (Gesilene, Manoel Tim\u00f3teo, Arilete e externa Sandra Belchior). Referente ao ano de 2025, as duas homenagens foram entregues aos seguintes membros: Comenda Alto Jaguaribe Jos\u00e9 Hor\u00e1cio (CREDE 16), Jos\u00e9 Martins ( Prefeitura de Catarina), Maria Josefa ( Par\u00f3quia Bom Jesus- Quixel\u00f4) e Ros\u00e2ngela Teixeira ( FAEC) Honra ao M\u00e9rito 14 de Maio Ant\u00f4nio Augusto ( Prefeitura de Cari\u00fas), Francisco Erivaldo ( EMATERCE), Kelly Oliveira ( Associa\u00e7\u00e3o de Produtores Rurais-Juc\u00e1s), Ronieles Dias ( Associa\u00e7\u00e3o Comunit\u00e1ria Mamoeiro). Por fim, o Comit\u00ea celebrou o fim dos trabalhos do ano com uma confraterniza\u00e7\u00e3o, com m\u00fasica ao vivo, troca de presentes e um bolo tem\u00e1tico Participaram do evento 38 Institui\u00e7\u00f5es Membros e 56 Participantes. Originalmente em: https:\/\/www.cogerh.com.br\/comite-do-alto-jaguaribe-aprova-plano-de-secas-do-acude-canoas\/<\/p>","protected":false},"author":1,"featured_media":2079,"comment_status":"open","ping_status":"open","sticky":false,"template":"","format":"standard","meta":{"nf_dc_page":"","_jetpack_memberships_contains_paid_content":false,"footnotes":""},"categories":[32,10],"tags":[],"class_list":["post-2077","post","type-post","status-publish","format-standard","has-post-thumbnail","hentry","category-cientista-chefe-recursos-hidricos","category-noticias"],"jetpack_featured_media_url":"https:\/\/i0.wp.com\/cepas.ufc.br\/wp-content\/uploads\/2025\/12\/image.png?fit=1024%2C548&ssl=1","jetpack_sharing_enabled":true,"_links":{"self":[{"href":"https:\/\/cepas.ufc.br\/en\/wp-json\/wp\/v2\/posts\/2077","targetHints":{"allow":["GET"]}}],"collection":[{"href":"https:\/\/cepas.ufc.br\/en\/wp-json\/wp\/v2\/posts"}],"about":[{"href":"https:\/\/cepas.ufc.br\/en\/wp-json\/wp\/v2\/types\/post"}],"author":[{"embeddable":true,"href":"https:\/\/cepas.ufc.br\/en\/wp-json\/wp\/v2\/users\/1"}],"replies":[{"embeddable":true,"href":"https:\/\/cepas.ufc.br\/en\/wp-json\/wp\/v2\/comments?post=2077"}],"version-history":[{"count":1,"href":"https:\/\/cepas.ufc.br\/en\/wp-json\/wp\/v2\/posts\/2077\/revisions"}],"predecessor-version":[{"id":2080,"href":"https:\/\/cepas.ufc.br\/en\/wp-json\/wp\/v2\/posts\/2077\/revisions\/2080"}],"wp:featuredmedia":[{"embeddable":true,"href":"https:\/\/cepas.ufc.br\/en\/wp-json\/wp\/v2\/media\/2079"}],"wp:attachment":[{"href":"https:\/\/cepas.ufc.br\/en\/wp-json\/wp\/v2\/media?parent=2077"}],"wp:term":[{"taxonomy":"category","embeddable":true,"href":"https:\/\/cepas.ufc.br\/en\/wp-json\/wp\/v2\/categories?post=2077"},{"taxonomy":"post_tag","embeddable":true,"href":"https:\/\/cepas.ufc.br\/en\/wp-json\/wp\/v2\/tags?post=2077"}],"curies":[{"name":"wp","href":"https:\/\/api.w.org\/{rel}","templated":true}]}}