{"id":2087,"date":"2025-12-05T13:49:36","date_gmt":"2025-12-05T13:49:36","guid":{"rendered":"https:\/\/cepas.ufc.br\/?p=2087"},"modified":"2025-12-05T13:49:37","modified_gmt":"2025-12-05T13:49:37","slug":"comissao-gestora-do-acude-olho-dagua-participa-da-1a-oficina-do-plano-de-secas-do-reservatorio","status":"publish","type":"post","link":"https:\/\/cepas.ufc.br\/en\/comissao-gestora-do-acude-olho-dagua-participa-da-1a-oficina-do-plano-de-secas-do-reservatorio\/","title":{"rendered":"Comiss\u00e3o Gestora do A\u00e7ude Olho d\u2019\u00e1gua participa da 1\u00aa oficina do Plano de Secas do reservat\u00f3rio"},"content":{"rendered":"<p class=\"\">Na ter\u00e7a-feira (4), a&nbsp;<strong>Comiss\u00e3o Gestora do A\u00e7ude Olho D\u2019\u00c1gua<\/strong>&nbsp;participou da 1\u00aa Oficina do&nbsp;<strong>Plano de Gest\u00e3o Proativa de Secas<\/strong>&nbsp;do Hidrossistema, realizada na Associa\u00e7\u00e3o da Boa Vista, localizada no S\u00edtio Boa Vista, munic\u00edpio de&nbsp;<strong>V\u00e1rzea Alegre<\/strong>.<\/p>\n\n\n\n<p class=\"\">O encontro teve in\u00edcio com a Reuni\u00e3o Ordin\u00e1ria da Comiss\u00e3o Gestora, conduzida por Josevan Leite, do n\u00facleo da Gest\u00e3o Participativa da regional da Cogerh do Salgado, que ressaltou a import\u00e2ncia da participa\u00e7\u00e3o ativa dos membros nas discuss\u00f5es e decis\u00f5es sobre o reservat\u00f3rio.<\/p>\n\n\n\n<figure class=\"wp-block-image size-full\"><img fetchpriority=\"high\" decoding=\"async\" width=\"1024\" height=\"768\" src=\"https:\/\/i0.wp.com\/cepas.ufc.br\/wp-content\/uploads\/2025\/12\/image-3.png?fit=1024%2C768&amp;ssl=1\" alt=\"\" class=\"wp-image-2088\" srcset=\"https:\/\/i0.wp.com\/cepas.ufc.br\/wp-content\/uploads\/2025\/12\/image-3.png?w=1024&amp;ssl=1 1024w, https:\/\/i0.wp.com\/cepas.ufc.br\/wp-content\/uploads\/2025\/12\/image-3.png?resize=300%2C225&amp;ssl=1 300w, https:\/\/i0.wp.com\/cepas.ufc.br\/wp-content\/uploads\/2025\/12\/image-3.png?resize=768%2C576&amp;ssl=1 768w, https:\/\/i0.wp.com\/cepas.ufc.br\/wp-content\/uploads\/2025\/12\/image-3.png?resize=16%2C12&amp;ssl=1 16w\" sizes=\"(max-width: 800px) 100vw, 800px\" \/><\/figure>\n\n\n\n<p class=\"\">Os membros solicitaram uma nova fiscaliza\u00e7\u00e3o para reavaliar a vaz\u00e3o de libera\u00e7\u00e3o de \u00e1gua, visto que o volume n\u00e3o est\u00e1 chegando \u00e0 ponte pr\u00f3xima \u00e0 entrada do S\u00edtio Boa Vista. A solicita\u00e7\u00e3o foi acolhida e encaminhada para an\u00e1lise.<\/p>\n\n\n\n<p class=\"\">Na sequ\u00eancia, teve in\u00edcio a Oficina de Constru\u00e7\u00e3o do Plano de Seca do Reservat\u00f3rio Olho D\u2019\u00c1gua, conduzida pela professora Celme Torres, da Universidade Federal do Cariri (UFCA), que apresentou aos participantes a metodologia e as etapas de elabora\u00e7\u00e3o do Plano de gest\u00e3o proativa da seca.<\/p>\n\n\n\n<figure class=\"wp-block-image\"><img data-recalc-dims=\"1\" decoding=\"async\" src=\"https:\/\/i0.wp.com\/www.cogerh.com.br\/wp-content\/uploads\/2025\/11\/WhatsApp-Image-2025-11-05-at-11.32.37-1-1.jpeg?w=800&#038;ssl=1\" alt=\"\" class=\"wp-image-46829\"\/><\/figure>\n\n\n\n<p class=\"\">Durante a programa\u00e7\u00e3o, foi realizada a din\u00e2mica \u201c<em><strong>Teia do Conhecimento<\/strong><\/em>\u201d, que promoveu a integra\u00e7\u00e3o entre os participantes por meio de apresenta\u00e7\u00f5es individuais, possibilitando o compartilhamento de experi\u00eancias e das atua\u00e7\u00f5es de cada um nas comunidades atendidas pelo a\u00e7ude.<\/p>\n\n\n\n<figure class=\"wp-block-image\"><img data-recalc-dims=\"1\" decoding=\"async\" src=\"https:\/\/i0.wp.com\/www.cogerh.com.br\/wp-content\/uploads\/2025\/11\/WhatsApp-Image-2025-11-05-at-11.32.37-2.jpeg?w=800&#038;ssl=1\" alt=\"\" class=\"wp-image-46828\"\/><\/figure>\n\n\n\n<p class=\"\">Em seguida, ocorreu uma roda de di\u00e1logo com perguntas e respostas sobre temas essenciais \u00e0 constru\u00e7\u00e3o do plano \u2014 como a percep\u00e7\u00e3o dos usu\u00e1rios sobre os per\u00edodos de estiagem, estrat\u00e9gias de preven\u00e7\u00e3o e medidas de conviv\u00eancia com a seca.<\/p>\n\n\n\n<figure class=\"wp-block-image\"><img data-recalc-dims=\"1\" height=\"1024\" width=\"768\" decoding=\"async\" src=\"https:\/\/i0.wp.com\/www.cogerh.com.br\/wp-content\/uploads\/2025\/11\/WhatsApp-Image-2025-11-05-at-11.32.39-2-1-768x1024.jpeg?resize=768%2C1024&#038;ssl=1\" alt=\"\" class=\"wp-image-46831\"\/><\/figure>\n\n\n\n<p class=\"\">Para finalizar a oficina, os participantes foram divididos em grupos e responderam a question\u00e1rios voltados aos desafios enfrentados pelos agricultores e \u00e0s contribui\u00e7\u00f5es que podem fortalecer a elabora\u00e7\u00e3o do Plano de Seca do A\u00e7ude Olho D\u2019\u00c1gua.<\/p>\n\n\n\n<figure class=\"wp-block-image\"><img data-recalc-dims=\"1\" height=\"510\" width=\"800\" decoding=\"async\" src=\"https:\/\/i0.wp.com\/www.cogerh.com.br\/wp-content\/uploads\/2025\/11\/WhatsApp-Image-2025-11-05-at-11.32.39-3-1024x653.jpeg?resize=800%2C510&#038;ssl=1\" alt=\"\" class=\"wp-image-46830\"\/><\/figure>\n\n\n\n<h2 class=\"wp-block-heading\">Sobre o Plano<\/h2>\n\n\n\n<p class=\"\">O Plano de Seca \u00e9 coordenado pela Universidade Federal do Cear\u00e1 (UFC), atrav\u00e9s do Projeto Cientista Chefe, em parceria com a Companhia de Gest\u00e3o de Recursos H\u00eddricos (COGERH).<\/p>\n\n\n\n<p class=\"\">O projeto est\u00e1 institucionalmente vinculado \u00e0 Funda\u00e7\u00e3o de Apoio ao Desenvolvimento Cient\u00edfico e Tecnol\u00f3gico (FUNCAP), por meio do projeto Desenvolvimento de Ferramentas Tecnol\u00f3gicas de Gest\u00e3o para o Planejamento dos Recursos H\u00eddricos do Estado do Cear\u00e1: Seguran\u00e7a H\u00eddrica e Planejamento de Secas.<\/p>\n\n\n\n<p class=\"\">Ele visa desenvolver a\u00e7\u00f5es para gest\u00e3o de recursos h\u00eddricos em situa\u00e7\u00e3o de escassez, aperfei\u00e7oando o planejamento nas regi\u00f5es. Por meio de estrat\u00e9gias operacionais, o plano conta com tr\u00eas esferas integradas: Aloca\u00e7\u00e3o de \u00c1gua, Plano de Seguran\u00e7a H\u00eddrica e Plano de Gest\u00e3o de Secas.<\/p>\n\n\n\n<p class=\"\">Juntamente com os Comit\u00eas de Bacia e as Comiss\u00f5es Gestoras, o documento estrat\u00e9gico, de curto prazo, visa definir a\u00e7\u00f5es capazes de diminuir o impacto das secas h\u00eddricas, acordando com os processos estabelecidos na aloca\u00e7\u00e3o negociada de \u00e1gua j\u00e1 existentes.<\/p>\n\n\n\n<p class=\"\">De forma proativa, o Plano tem tr\u00eas pilares fundamentais que contempla diferentes escalas e finalidades: o monitoramento preventivo e o alerta precoce, a avalia\u00e7\u00e3o da vulnerabilidade, do impacto e a mitiga\u00e7\u00e3o, o planejamento e as medidas de respostas.<\/p>\n\n\n\n<p class=\"\">Originalmente em:<a href=\"https:\/\/www.cogerh.com.br\/comissao-gestora-do-acude-jenipapo-trabalha-na-elaboracao-do-plano-de-secas-do-hidrossistema\/\"> <\/a><a href=\"https:\/\/www.cogerh.com.br\/comissao-gestora-do-acude-olho-dagua-participa-da-1a-oficina-do-plano-de-secas-do-reservatorio\/\">https:\/\/www.cogerh.com.br\/comissao-gestora-do-acude-olho-dagua-participa-da-1a-oficina-do-plano-de-secas-do-reservatorio\/<\/a><\/p>\n\n\n\n<p class=\"\"><\/p>","protected":false},"excerpt":{"rendered":"<p>Na ter\u00e7a-feira (4), a&nbsp;Comiss\u00e3o Gestora do A\u00e7ude Olho D\u2019\u00c1gua&nbsp;participou da 1\u00aa Oficina do&nbsp;Plano de Gest\u00e3o Proativa de Secas&nbsp;do Hidrossistema, realizada na Associa\u00e7\u00e3o da Boa Vista, localizada no S\u00edtio Boa Vista, munic\u00edpio de&nbsp;V\u00e1rzea Alegre. O encontro teve in\u00edcio com a Reuni\u00e3o Ordin\u00e1ria da Comiss\u00e3o Gestora, conduzida por Josevan Leite, do n\u00facleo da Gest\u00e3o Participativa da regional da Cogerh do Salgado, que ressaltou a import\u00e2ncia da participa\u00e7\u00e3o ativa dos membros nas discuss\u00f5es e decis\u00f5es sobre o reservat\u00f3rio. Os membros solicitaram uma nova fiscaliza\u00e7\u00e3o para reavaliar a vaz\u00e3o de libera\u00e7\u00e3o de \u00e1gua, visto que o volume n\u00e3o est\u00e1 chegando \u00e0 ponte pr\u00f3xima \u00e0 entrada do S\u00edtio Boa Vista. A solicita\u00e7\u00e3o foi acolhida e encaminhada para an\u00e1lise. Na sequ\u00eancia, teve in\u00edcio a Oficina de Constru\u00e7\u00e3o do Plano de Seca do Reservat\u00f3rio Olho D\u2019\u00c1gua, conduzida pela professora Celme Torres, da Universidade Federal do Cariri (UFCA), que apresentou aos participantes a metodologia e as etapas de elabora\u00e7\u00e3o do Plano de gest\u00e3o proativa da seca. Durante a programa\u00e7\u00e3o, foi realizada a din\u00e2mica \u201cTeia do Conhecimento\u201d, que promoveu a integra\u00e7\u00e3o entre os participantes por meio de apresenta\u00e7\u00f5es individuais, possibilitando o compartilhamento de experi\u00eancias e das atua\u00e7\u00f5es de cada um nas comunidades atendidas pelo a\u00e7ude. Em seguida, ocorreu uma roda de di\u00e1logo com perguntas e respostas sobre temas essenciais \u00e0 constru\u00e7\u00e3o do plano \u2014 como a percep\u00e7\u00e3o dos usu\u00e1rios sobre os per\u00edodos de estiagem, estrat\u00e9gias de preven\u00e7\u00e3o e medidas de conviv\u00eancia com a seca. Para finalizar a oficina, os participantes foram divididos em grupos e responderam a question\u00e1rios voltados aos desafios enfrentados pelos agricultores e \u00e0s contribui\u00e7\u00f5es que podem fortalecer a elabora\u00e7\u00e3o do Plano de Seca do A\u00e7ude Olho D\u2019\u00c1gua. Sobre o Plano O Plano de Seca \u00e9 coordenado pela Universidade Federal do Cear\u00e1 (UFC), atrav\u00e9s do Projeto Cientista Chefe, em parceria com a Companhia de Gest\u00e3o de Recursos H\u00eddricos (COGERH). O projeto est\u00e1 institucionalmente vinculado \u00e0 Funda\u00e7\u00e3o de Apoio ao Desenvolvimento Cient\u00edfico e Tecnol\u00f3gico (FUNCAP), por meio do projeto Desenvolvimento de Ferramentas Tecnol\u00f3gicas de Gest\u00e3o para o Planejamento dos Recursos H\u00eddricos do Estado do Cear\u00e1: Seguran\u00e7a H\u00eddrica e Planejamento de Secas. Ele visa desenvolver a\u00e7\u00f5es para gest\u00e3o de recursos h\u00eddricos em situa\u00e7\u00e3o de escassez, aperfei\u00e7oando o planejamento nas regi\u00f5es. Por meio de estrat\u00e9gias operacionais, o plano conta com tr\u00eas esferas integradas: Aloca\u00e7\u00e3o de \u00c1gua, Plano de Seguran\u00e7a H\u00eddrica e Plano de Gest\u00e3o de Secas. Juntamente com os Comit\u00eas de Bacia e as Comiss\u00f5es Gestoras, o documento estrat\u00e9gico, de curto prazo, visa definir a\u00e7\u00f5es capazes de diminuir o impacto das secas h\u00eddricas, acordando com os processos estabelecidos na aloca\u00e7\u00e3o negociada de \u00e1gua j\u00e1 existentes. De forma proativa, o Plano tem tr\u00eas pilares fundamentais que contempla diferentes escalas e finalidades: o monitoramento preventivo e o alerta precoce, a avalia\u00e7\u00e3o da vulnerabilidade, do impacto e a mitiga\u00e7\u00e3o, o planejamento e as medidas de respostas. Originalmente em: https:\/\/www.cogerh.com.br\/comissao-gestora-do-acude-olho-dagua-participa-da-1a-oficina-do-plano-de-secas-do-reservatorio\/<\/p>","protected":false},"author":1,"featured_media":2088,"comment_status":"open","ping_status":"open","sticky":false,"template":"","format":"standard","meta":{"nf_dc_page":"","_jetpack_memberships_contains_paid_content":false,"footnotes":""},"categories":[32,10],"tags":[],"class_list":["post-2087","post","type-post","status-publish","format-standard","has-post-thumbnail","hentry","category-cientista-chefe-recursos-hidricos","category-noticias"],"jetpack_featured_media_url":"https:\/\/i0.wp.com\/cepas.ufc.br\/wp-content\/uploads\/2025\/12\/image-3.png?fit=1024%2C768&ssl=1","jetpack_sharing_enabled":true,"_links":{"self":[{"href":"https:\/\/cepas.ufc.br\/en\/wp-json\/wp\/v2\/posts\/2087","targetHints":{"allow":["GET"]}}],"collection":[{"href":"https:\/\/cepas.ufc.br\/en\/wp-json\/wp\/v2\/posts"}],"about":[{"href":"https:\/\/cepas.ufc.br\/en\/wp-json\/wp\/v2\/types\/post"}],"author":[{"embeddable":true,"href":"https:\/\/cepas.ufc.br\/en\/wp-json\/wp\/v2\/users\/1"}],"replies":[{"embeddable":true,"href":"https:\/\/cepas.ufc.br\/en\/wp-json\/wp\/v2\/comments?post=2087"}],"version-history":[{"count":1,"href":"https:\/\/cepas.ufc.br\/en\/wp-json\/wp\/v2\/posts\/2087\/revisions"}],"predecessor-version":[{"id":2089,"href":"https:\/\/cepas.ufc.br\/en\/wp-json\/wp\/v2\/posts\/2087\/revisions\/2089"}],"wp:featuredmedia":[{"embeddable":true,"href":"https:\/\/cepas.ufc.br\/en\/wp-json\/wp\/v2\/media\/2088"}],"wp:attachment":[{"href":"https:\/\/cepas.ufc.br\/en\/wp-json\/wp\/v2\/media?parent=2087"}],"wp:term":[{"taxonomy":"category","embeddable":true,"href":"https:\/\/cepas.ufc.br\/en\/wp-json\/wp\/v2\/categories?post=2087"},{"taxonomy":"post_tag","embeddable":true,"href":"https:\/\/cepas.ufc.br\/en\/wp-json\/wp\/v2\/tags?post=2087"}],"curies":[{"name":"wp","href":"https:\/\/api.w.org\/{rel}","templated":true}]}}