{"id":2090,"date":"2025-12-05T13:52:01","date_gmt":"2025-12-05T13:52:01","guid":{"rendered":"https:\/\/cepas.ufc.br\/?p=2090"},"modified":"2025-12-05T13:52:04","modified_gmt":"2025-12-05T13:52:04","slug":"comite-do-medio-jaguaribe-avanca-no-plano-de-secas-do-acude-joaquim-tavora-em-jaguaribe","status":"publish","type":"post","link":"https:\/\/cepas.ufc.br\/en\/comite-do-medio-jaguaribe-avanca-no-plano-de-secas-do-acude-joaquim-tavora-em-jaguaribe\/","title":{"rendered":"Comit\u00ea do M\u00e9dio Jaguaribe avan\u00e7a no Plano de Secas do A\u00e7ude Joaquim T\u00e1vora, em Jaguaribe"},"content":{"rendered":"\n<figure class=\"wp-block-image aligncenter\"><img data-recalc-dims=\"1\" height=\"280\" width=\"600\" decoding=\"async\" src=\"https:\/\/i0.wp.com\/www.cogerh.com.br\/wp-content\/uploads\/2025\/07\/WhatsApp-Image-2025-07-02-at-08.14.43-600x280.jpeg?resize=600%2C280&#038;ssl=1\" alt=\"\" class=\"wp-image-36568\"\/><\/figure>\n\n\n\n<p class=\"\">Nesta quinta-feira (30), o&nbsp;<strong>Comit\u00ea da Sub-bacia Hidrogr\u00e1fica do M\u00e9dio Jaguaribe<\/strong>, Comiss\u00e3o Gestora e integrantes de comunidades do entorno do&nbsp;<strong>A\u00e7ude Joaquim T\u00e1vora<\/strong>&nbsp;participaram da 2\u00aa Oficina de elabora\u00e7\u00e3o do&nbsp;<strong>Plano de Gest\u00e3o Proativa de Secas<\/strong>&nbsp;para o respectivo hidrossistema. O evento ocorreu na sede da Col\u00f4nia de Pescadores Z55, no distrito de Feiticeiro, munic\u00edpio de&nbsp;<strong>Jaguaribe<\/strong>.<\/p>\n\n\n\n<p class=\"\">A oficina foi estruturada em tr\u00eas momentos:<\/p>\n\n\n\n<p class=\"\">No primeiro momento, os Professores Alberto Teixeira e Paulo Lima, do IFCE campus Limoeiro do Norte, parte da equipe do&nbsp;<strong>Programa Cientista Chefe<\/strong>, apresentaram o diagn\u00f3stico elaborado para a regi\u00e3o, debatendo os dados e informa\u00e7\u00f5es levantados durante a primeira oficina.<\/p>\n\n\n\n<figure class=\"wp-block-image aligncenter\"><img data-recalc-dims=\"1\" height=\"450\" width=\"600\" decoding=\"async\" src=\"https:\/\/i0.wp.com\/www.cogerh.com.br\/wp-content\/uploads\/2025\/10\/WhatsApp-Image-2025-10-10-at-09.01.35-3-600x450.jpg?resize=600%2C450&#038;ssl=1\" alt=\"\" class=\"wp-image-37870\"\/><\/figure>\n\n\n\n<p class=\"\">O segundo momento foi marcado pela din\u00e2mica interativa \u201c<em><strong>Seca em Jogo<\/strong><\/em>\u201d para explorar os conceitos que ser\u00e3o trabalhados no plano, contribuindo para a elabora\u00e7\u00e3o dos cen\u00e1rios de seca e defini\u00e7\u00e3o dos n\u00edveis meta da opera\u00e7\u00e3o do reservat\u00f3rio na regi\u00e3o hidrogr\u00e1fico.<\/p>\n\n\n\n<blockquote class=\"wp-block-quote is-layout-flow wp-block-quote-is-layout-flow\">\n<p class=\"\"><em>Nesse sentido, \u201co objetivo do jogo [de tabuleiro] visa promover a participa\u00e7\u00e3o ativa dos atores locais na elabora\u00e7\u00e3o de planos proativos de seca, facilitar a compreens\u00e3o dos conceitos, promover a coopera\u00e7\u00e3o e empatia entre os jogadores e garantir a efetividade dos planos de gest\u00e3o proativa de secas na mitiga\u00e7\u00e3o dos impactos causados por esse fen\u00f4meno, sendo que o mais importante \u00e9 que todas as condicionantes est\u00e3o atreladas \u00e0 viv\u00eancia, \u00e0 realidade local de cada ator social participante dessa pe\u00e7a l\u00fadica\u201d, comentou o Prof. Paulo Lima.<\/em><\/p>\n<\/blockquote>\n\n\n\n<figure class=\"wp-block-image aligncenter size-full is-resized\"><img fetchpriority=\"high\" decoding=\"async\" width=\"600\" height=\"452\" src=\"https:\/\/i0.wp.com\/cepas.ufc.br\/wp-content\/uploads\/2025\/12\/image-4.png?fit=600%2C452&amp;ssl=1\" alt=\"\" class=\"wp-image-2091\" style=\"width:600px;height:auto\" srcset=\"https:\/\/i0.wp.com\/cepas.ufc.br\/wp-content\/uploads\/2025\/12\/image-4.png?w=600&amp;ssl=1 600w, https:\/\/i0.wp.com\/cepas.ufc.br\/wp-content\/uploads\/2025\/12\/image-4.png?resize=300%2C226&amp;ssl=1 300w, https:\/\/i0.wp.com\/cepas.ufc.br\/wp-content\/uploads\/2025\/12\/image-4.png?resize=16%2C12&amp;ssl=1 16w\" sizes=\"(max-width: 600px) 100vw, 600px\" \/><\/figure>\n\n\n\n<p class=\"\">O terceiro momento consistiu na elabora\u00e7\u00e3o dos planos de a\u00e7\u00e3o, em que os participantes utilizaram uma metodologia espec\u00edfica para identificar problemas no a\u00e7ude Joaquim T\u00e1vora.<\/p>\n\n\n\n<p class=\"\">A partir de uma matriz de planejamento, foram propostas a\u00e7\u00f5es para resolver esses problemas, al\u00e9m da classifica\u00e7\u00e3o do estado de seca e a defini\u00e7\u00e3o dos respons\u00e1veis para cada a\u00e7\u00e3o. Os planos de a\u00e7\u00e3o elaborados foram, em seguida, apresentados a todos os presentes.<\/p>\n\n\n\n<figure class=\"wp-block-image aligncenter\"><img data-recalc-dims=\"1\" height=\"450\" width=\"600\" decoding=\"async\" src=\"https:\/\/i0.wp.com\/www.cogerh.com.br\/wp-content\/uploads\/2025\/10\/WhatsApp-Image-2025-10-30-at-15.06.59-4-600x450.jpg?resize=600%2C450&#038;ssl=1\" alt=\"\" class=\"wp-image-37869\"\/><\/figure>\n\n\n\n<p class=\"\">Este \u00e9 o segundo plano de secas desenvolvido na regi\u00e3o do M\u00e9dio Jaguaribe, sendo o primeiro realizado no a\u00e7ude Riacho do Sangue. H\u00e1 proje\u00e7\u00e3o de que outras a\u00e7\u00f5es do tipo sejam implantadas em todos os reservat\u00f3rios que tenham comiss\u00e3o gestora ativa nessa sub-bacia hidrogr\u00e1fica, segundo o professor Alberto Teixeira.<\/p>\n\n\n\n<p class=\"\"><strong>A terceira e \u00faltima oficina est\u00e1 prevista para dia 13 novembro<\/strong>, quando o plano final ser\u00e1 apresentado \u00e0 Comiss\u00e3o Gestora e, posteriormente, submetido \u00e0 aprova\u00e7\u00e3o do Comit\u00ea de Bacias Hidrogr\u00e1ficas do M\u00e9dio Jaguaribe.<\/p>\n\n\n\n<figure class=\"wp-block-image aligncenter\"><img data-recalc-dims=\"1\" height=\"450\" width=\"600\" decoding=\"async\" src=\"https:\/\/i0.wp.com\/www.cogerh.com.br\/wp-content\/uploads\/2025\/10\/WhatsApp-Image-2025-10-30-at-15.06.59-2-600x450.jpg?resize=600%2C450&#038;ssl=1\" alt=\"\" class=\"wp-image-37867\"\/><\/figure>\n\n\n\n<h2 class=\"wp-block-heading\">Sobre o Plano<\/h2>\n\n\n\n<p class=\"\">O Plano de Seca na regi\u00e3o hidrogr\u00e1fica do M\u00e9dio Jaguaribe \u00e9 coordenado pela Universidade Federal do Cear\u00e1 (<strong>UFC<\/strong>), atrav\u00e9s do Projeto Cientista Chefe, em parceria com a Companhia de Gest\u00e3o de Recursos H\u00eddricos (<strong>COGERH<\/strong>) e o Instituto Federal de Educa\u00e7\u00e3o, Ci\u00eancias e Tecnologias do Cear\u00e1 \u2013 IFCE Campos Limoeiro do Norte.<\/p>\n\n\n\n<p class=\"\">O projeto est\u00e1 institucionalmente vinculado \u00e0 Funda\u00e7\u00e3o de Apoio ao Desenvolvimento Cient\u00edfico e Tecnol\u00f3gico (<strong>FUNCAP<\/strong>), por meio do projeto Desenvolvimento de Ferramentas Tecnol\u00f3gicas de Gest\u00e3o para o Planejamento dos Recursos H\u00eddricos do Estado do Cear\u00e1: Seguran\u00e7a H\u00eddrica e Planejamento de Secas.<\/p>\n\n\n\n<p class=\"\">Originalmente em:<a href=\"https:\/\/www.cogerh.com.br\/comissao-gestora-do-acude-olho-dagua-participa-da-1a-oficina-do-plano-de-secas-do-reservatorio\/\"> <\/a><a href=\"https:\/\/www.cogerh.com.br\/comite-do-medio-jaguaribe-avanca-no-plano-de-secas-do-acude-joaquim-tavora-em-jaguaribe\/\">https:\/\/www.cogerh.com.br\/comite-do-medio-jaguaribe-avanca-no-plano-de-secas-do-acude-joaquim-tavora-em-jaguaribe\/<\/a><\/p>\n\n\n\n<p class=\"\"><\/p>\n","protected":false},"excerpt":{"rendered":"<p>Nesta quinta-feira (30), o&nbsp;Comit\u00ea da Sub-bacia Hidrogr\u00e1fica do M\u00e9dio Jaguaribe, Comiss\u00e3o Gestora e integrantes de comunidades do entorno do&nbsp;A\u00e7ude Joaquim T\u00e1vora&nbsp;participaram da 2\u00aa Oficina de elabora\u00e7\u00e3o do&nbsp;Plano de Gest\u00e3o Proativa de Secas&nbsp;para o respectivo hidrossistema. O evento ocorreu na sede da Col\u00f4nia de Pescadores Z55, no distrito de Feiticeiro, munic\u00edpio de&nbsp;Jaguaribe. A oficina foi estruturada em tr\u00eas momentos: No primeiro momento, os Professores Alberto Teixeira e Paulo Lima, do IFCE campus Limoeiro do Norte, parte da equipe do&nbsp;Programa Cientista Chefe, apresentaram o diagn\u00f3stico elaborado para a regi\u00e3o, debatendo os dados e informa\u00e7\u00f5es levantados durante a primeira oficina. O segundo momento foi marcado pela din\u00e2mica interativa \u201cSeca em Jogo\u201d para explorar os conceitos que ser\u00e3o trabalhados no plano, contribuindo para a elabora\u00e7\u00e3o dos cen\u00e1rios de seca e defini\u00e7\u00e3o dos n\u00edveis meta da opera\u00e7\u00e3o do reservat\u00f3rio na regi\u00e3o hidrogr\u00e1fico. Nesse sentido, \u201co objetivo do jogo [de tabuleiro] visa promover a participa\u00e7\u00e3o ativa dos atores locais na elabora\u00e7\u00e3o de planos proativos de seca, facilitar a compreens\u00e3o dos conceitos, promover a coopera\u00e7\u00e3o e empatia entre os jogadores e garantir a efetividade dos planos de gest\u00e3o proativa de secas na mitiga\u00e7\u00e3o dos impactos causados por esse fen\u00f4meno, sendo que o mais importante \u00e9 que todas as condicionantes est\u00e3o atreladas \u00e0 viv\u00eancia, \u00e0 realidade local de cada ator social participante dessa pe\u00e7a l\u00fadica\u201d, comentou o Prof. Paulo Lima. O terceiro momento consistiu na elabora\u00e7\u00e3o dos planos de a\u00e7\u00e3o, em que os participantes utilizaram uma metodologia espec\u00edfica para identificar problemas no a\u00e7ude Joaquim T\u00e1vora. A partir de uma matriz de planejamento, foram propostas a\u00e7\u00f5es para resolver esses problemas, al\u00e9m da classifica\u00e7\u00e3o do estado de seca e a defini\u00e7\u00e3o dos respons\u00e1veis para cada a\u00e7\u00e3o. Os planos de a\u00e7\u00e3o elaborados foram, em seguida, apresentados a todos os presentes. Este \u00e9 o segundo plano de secas desenvolvido na regi\u00e3o do M\u00e9dio Jaguaribe, sendo o primeiro realizado no a\u00e7ude Riacho do Sangue. H\u00e1 proje\u00e7\u00e3o de que outras a\u00e7\u00f5es do tipo sejam implantadas em todos os reservat\u00f3rios que tenham comiss\u00e3o gestora ativa nessa sub-bacia hidrogr\u00e1fica, segundo o professor Alberto Teixeira. A terceira e \u00faltima oficina est\u00e1 prevista para dia 13 novembro, quando o plano final ser\u00e1 apresentado \u00e0 Comiss\u00e3o Gestora e, posteriormente, submetido \u00e0 aprova\u00e7\u00e3o do Comit\u00ea de Bacias Hidrogr\u00e1ficas do M\u00e9dio Jaguaribe. Sobre o Plano O Plano de Seca na regi\u00e3o hidrogr\u00e1fica do M\u00e9dio Jaguaribe \u00e9 coordenado pela Universidade Federal do Cear\u00e1 (UFC), atrav\u00e9s do Projeto Cientista Chefe, em parceria com a Companhia de Gest\u00e3o de Recursos H\u00eddricos (COGERH) e o Instituto Federal de Educa\u00e7\u00e3o, Ci\u00eancias e Tecnologias do Cear\u00e1 \u2013 IFCE Campos Limoeiro do Norte. O projeto est\u00e1 institucionalmente vinculado \u00e0 Funda\u00e7\u00e3o de Apoio ao Desenvolvimento Cient\u00edfico e Tecnol\u00f3gico (FUNCAP), por meio do projeto Desenvolvimento de Ferramentas Tecnol\u00f3gicas de Gest\u00e3o para o Planejamento dos Recursos H\u00eddricos do Estado do Cear\u00e1: Seguran\u00e7a H\u00eddrica e Planejamento de Secas. Originalmente em: https:\/\/www.cogerh.com.br\/comite-do-medio-jaguaribe-avanca-no-plano-de-secas-do-acude-joaquim-tavora-em-jaguaribe\/<\/p>\n","protected":false},"author":1,"featured_media":2091,"comment_status":"open","ping_status":"open","sticky":false,"template":"","format":"standard","meta":{"nf_dc_page":"","_jetpack_memberships_contains_paid_content":false,"footnotes":""},"categories":[32,10],"tags":[],"class_list":["post-2090","post","type-post","status-publish","format-standard","has-post-thumbnail","hentry","category-cientista-chefe-recursos-hidricos","category-noticias"],"jetpack_featured_media_url":"https:\/\/i0.wp.com\/cepas.ufc.br\/wp-content\/uploads\/2025\/12\/image-4.png?fit=600%2C452&ssl=1","jetpack_sharing_enabled":true,"_links":{"self":[{"href":"https:\/\/cepas.ufc.br\/en\/wp-json\/wp\/v2\/posts\/2090","targetHints":{"allow":["GET"]}}],"collection":[{"href":"https:\/\/cepas.ufc.br\/en\/wp-json\/wp\/v2\/posts"}],"about":[{"href":"https:\/\/cepas.ufc.br\/en\/wp-json\/wp\/v2\/types\/post"}],"author":[{"embeddable":true,"href":"https:\/\/cepas.ufc.br\/en\/wp-json\/wp\/v2\/users\/1"}],"replies":[{"embeddable":true,"href":"https:\/\/cepas.ufc.br\/en\/wp-json\/wp\/v2\/comments?post=2090"}],"version-history":[{"count":1,"href":"https:\/\/cepas.ufc.br\/en\/wp-json\/wp\/v2\/posts\/2090\/revisions"}],"predecessor-version":[{"id":2092,"href":"https:\/\/cepas.ufc.br\/en\/wp-json\/wp\/v2\/posts\/2090\/revisions\/2092"}],"wp:featuredmedia":[{"embeddable":true,"href":"https:\/\/cepas.ufc.br\/en\/wp-json\/wp\/v2\/media\/2091"}],"wp:attachment":[{"href":"https:\/\/cepas.ufc.br\/en\/wp-json\/wp\/v2\/media?parent=2090"}],"wp:term":[{"taxonomy":"category","embeddable":true,"href":"https:\/\/cepas.ufc.br\/en\/wp-json\/wp\/v2\/categories?post=2090"},{"taxonomy":"post_tag","embeddable":true,"href":"https:\/\/cepas.ufc.br\/en\/wp-json\/wp\/v2\/tags?post=2090"}],"curies":[{"name":"wp","href":"https:\/\/api.w.org\/{rel}","templated":true}]}}