{"id":2106,"date":"2025-12-05T14:02:53","date_gmt":"2025-12-05T14:02:53","guid":{"rendered":"https:\/\/cepas.ufc.br\/?p=2106"},"modified":"2025-12-05T14:02:56","modified_gmt":"2025-12-05T14:02:56","slug":"comissao-gestora-do-acude-joaquim-tavora-inicia-construcao-do-plano-de-secas-do-reservatorio","status":"publish","type":"post","link":"https:\/\/cepas.ufc.br\/en\/comissao-gestora-do-acude-joaquim-tavora-inicia-construcao-do-plano-de-secas-do-reservatorio\/","title":{"rendered":"Comiss\u00e3o Gestora do A\u00e7ude Joaquim T\u00e1vora inicia constru\u00e7\u00e3o do Plano de Secas do reservat\u00f3rio"},"content":{"rendered":"<figure class=\"wp-block-image aligncenter size-full\"><img fetchpriority=\"high\" decoding=\"async\" width=\"600\" height=\"270\" src=\"https:\/\/i0.wp.com\/cepas.ufc.br\/wp-content\/uploads\/2025\/12\/image-9.png?fit=600%2C270&amp;ssl=1\" alt=\"\" class=\"wp-image-2107\" srcset=\"https:\/\/i0.wp.com\/cepas.ufc.br\/wp-content\/uploads\/2025\/12\/image-9.png?w=600&amp;ssl=1 600w, https:\/\/i0.wp.com\/cepas.ufc.br\/wp-content\/uploads\/2025\/12\/image-9.png?resize=300%2C135&amp;ssl=1 300w, https:\/\/i0.wp.com\/cepas.ufc.br\/wp-content\/uploads\/2025\/12\/image-9.png?resize=18%2C8&amp;ssl=1 18w\" sizes=\"(max-width: 600px) 100vw, 600px\" \/><\/figure>\n\n\n\n<p class=\"\">Nesta quinta-feira (11), a&nbsp;<strong>Comiss\u00e3o Gestora do A\u00e7ude Joaquim T\u00e1vora<\/strong>&nbsp;deu in\u00edcio ao processo de constru\u00e7\u00e3o do&nbsp;<strong>Plano de Gest\u00e3o Proativa de Secas<\/strong>&nbsp;do sistema h\u00eddrico. O encontro foi realizado no distrito de&nbsp;<strong>Feiticeiro<\/strong>, munic\u00edpio de Jaguaribe.<\/p>\n\n\n\n<p class=\"\">Durante a oficina, os participantes levaram suas percep\u00e7\u00f5es e viv\u00eancias relacionadas aos per\u00edodos de escassez h\u00eddrica, com foco nas primeiras evid\u00eancias do surgimento da seca e nos impactos causados no contexto local.<\/p>\n\n\n\n<figure class=\"wp-block-image aligncenter\"><img data-recalc-dims=\"1\" height=\"280\" width=\"600\" decoding=\"async\" src=\"https:\/\/i0.wp.com\/www.cogerh.com.br\/wp-content\/uploads\/2025\/07\/WhatsApp-Image-2025-07-02-at-08.14.43-600x280.jpeg?resize=600%2C280&#038;ssl=1\" alt=\"\" class=\"wp-image-36568\"\/><\/figure>\n\n\n\n<p class=\"\">A atividade foi conduzida pelos professores Paulo Lima e Alberto Teixeira, do Instituto Federal de Educa\u00e7\u00e3o, Ci\u00eancia e Tecnologia do Cear\u00e1 (IFCE), com o apoio da equipe t\u00e9cnica da Companhia de Gest\u00e3o dos Recursos H\u00eddricos (Cogerh).<\/p>\n\n\n\n<p class=\"\">A 1\u00aa parte do encontro foi uma roda de conversa, onde os membros da comiss\u00e3o falaram sobre como lidam com os per\u00edodos de seca, que estrat\u00e9gias usam para economizar \u00e1gua e como as comunidades podem se organizar melhor. Tamb\u00e9m foi discutido o papel do governo e de pol\u00edticas p\u00fablicas para ajudar nesses momentos dif\u00edceis.<\/p>\n\n\n\n<p class=\"\">O objetivo do di\u00e1logo foi n\u00e3o apenas&nbsp;<strong>identificar os desafios enfrentados<\/strong>, mas tamb\u00e9m&nbsp;<strong>refletir sobre solu\u00e7\u00f5es pr\u00e1ticas e colaborativas<\/strong>&nbsp;para o enfrentamento das secas no futuro.<\/p>\n\n\n\n<p class=\"\">Na 2\u00aa etapa, os participantes responderam a um question\u00e1rio elaborado para aprofundar as discuss\u00f5es levantadas durante a oficina. As respostas servir\u00e3o como base para a&nbsp;<strong>constru\u00e7\u00e3o participativa<\/strong>&nbsp;do Plano de Secas, que busca aprimorar a gest\u00e3o e as respostas \u00e0s situa\u00e7\u00f5es de estiagem, respeitando as especificidades regionais e as realidades locais.<\/p>\n\n\n\n<figure class=\"wp-block-image aligncenter\"><img data-recalc-dims=\"1\" height=\"338\" width=\"600\" decoding=\"async\" src=\"https:\/\/i0.wp.com\/www.cogerh.com.br\/wp-content\/uploads\/2025\/09\/Image-2025-09-11-at-12.40.04-600x338.jpeg?resize=600%2C338&#038;ssl=1\" alt=\"\" class=\"wp-image-37407\"\/><\/figure>\n\n\n\n<p class=\"\">O encontro contou com a participa\u00e7\u00e3o de 20 participantes, sendo oito membros da Comiss\u00e3o Gestora do a\u00e7ude Joaquim T\u00e1vora.<\/p>\n\n\n\n<h2 class=\"wp-block-heading\">Sobre o Plano<\/h2>\n\n\n\n<p class=\"\">O Plano de Secas \u00e9 um programa desenvolvido e coordenado pela Universidade Federal do Cear\u00e1 (<strong>UFC<\/strong>), em parceria com a Companhia de Gest\u00e3o de Recursos H\u00eddricos (<strong>Cogerh<\/strong>), e tem apoio institucional da Funda\u00e7\u00e3o de Apoio ao Desenvolvimento Cient\u00edfico e Tecnol\u00f3gico (<strong>Funcap<\/strong>), por meio do projeto \u201c<em>Desenvolvimento de Ferramentas Tecnol\u00f3gicas de Gest\u00e3o para o Planejamento dos Recursos H\u00eddricos do Estado do Cear\u00e1: Seguran\u00e7a H\u00eddrica e Planejamento de Secas<\/em>\u201c.<\/p>\n\n\n\n<h2 class=\"wp-block-heading\">Pr\u00f3ximos Passos<\/h2>\n\n\n\n<p class=\"\">Em outubro, mais dois encontros devem fechar a constru\u00e7\u00e3o do Plano de secas do respectivo hidrossistema:<\/p>\n\n\n\n<ul class=\"wp-block-list\">\n<li class=\"\"><strong>Dia 09\/10<\/strong>: apresenta\u00e7\u00e3o do diagn\u00f3stico e concep\u00e7\u00e3o de cen\u00e1rios e estados de seca<\/li>\n\n\n\n<li class=\"\"><strong>Dia 30\/10<\/strong>: elabora\u00e7\u00e3o do plano de a\u00e7\u00e3o do Sistema H\u00eddrico<\/li>\n<\/ul>\n\n\n\n<p class=\"\"><\/p>\n\n\n\n<p class=\"\">Originalmente em:<a href=\"https:\/\/www.cogerh.com.br\/comissao-gestora-do-acude-aracoiaba-inicia-discussoes-para-elaboracao-do-plano-de-secas-da-regiao\/\"> <\/a><a href=\"https:\/\/www.cogerh.com.br\/comissao-gestora-do-acude-joaquim-tavora-inicia-construcao-do-plano-de-secas-do-reservatorio\/\">https:\/\/www.cogerh.com.br\/comissao-gestora-do-acude-joaquim-tavora-inicia-construcao-do-plano-de-secas-do-reservatorio\/<\/a><\/p>\n\n\n\n<p class=\"\"><\/p>","protected":false},"excerpt":{"rendered":"<p>Nesta quinta-feira (11), a&nbsp;Comiss\u00e3o Gestora do A\u00e7ude Joaquim T\u00e1vora&nbsp;deu in\u00edcio ao processo de constru\u00e7\u00e3o do&nbsp;Plano de Gest\u00e3o Proativa de Secas&nbsp;do sistema h\u00eddrico. O encontro foi realizado no distrito de&nbsp;Feiticeiro, munic\u00edpio de Jaguaribe. Durante a oficina, os participantes levaram suas percep\u00e7\u00f5es e viv\u00eancias relacionadas aos per\u00edodos de escassez h\u00eddrica, com foco nas primeiras evid\u00eancias do surgimento da seca e nos impactos causados no contexto local. A atividade foi conduzida pelos professores Paulo Lima e Alberto Teixeira, do Instituto Federal de Educa\u00e7\u00e3o, Ci\u00eancia e Tecnologia do Cear\u00e1 (IFCE), com o apoio da equipe t\u00e9cnica da Companhia de Gest\u00e3o dos Recursos H\u00eddricos (Cogerh). A 1\u00aa parte do encontro foi uma roda de conversa, onde os membros da comiss\u00e3o falaram sobre como lidam com os per\u00edodos de seca, que estrat\u00e9gias usam para economizar \u00e1gua e como as comunidades podem se organizar melhor. Tamb\u00e9m foi discutido o papel do governo e de pol\u00edticas p\u00fablicas para ajudar nesses momentos dif\u00edceis. O objetivo do di\u00e1logo foi n\u00e3o apenas&nbsp;identificar os desafios enfrentados, mas tamb\u00e9m&nbsp;refletir sobre solu\u00e7\u00f5es pr\u00e1ticas e colaborativas&nbsp;para o enfrentamento das secas no futuro. Na 2\u00aa etapa, os participantes responderam a um question\u00e1rio elaborado para aprofundar as discuss\u00f5es levantadas durante a oficina. As respostas servir\u00e3o como base para a&nbsp;constru\u00e7\u00e3o participativa&nbsp;do Plano de Secas, que busca aprimorar a gest\u00e3o e as respostas \u00e0s situa\u00e7\u00f5es de estiagem, respeitando as especificidades regionais e as realidades locais. O encontro contou com a participa\u00e7\u00e3o de 20 participantes, sendo oito membros da Comiss\u00e3o Gestora do a\u00e7ude Joaquim T\u00e1vora. Sobre o Plano O Plano de Secas \u00e9 um programa desenvolvido e coordenado pela Universidade Federal do Cear\u00e1 (UFC), em parceria com a Companhia de Gest\u00e3o de Recursos H\u00eddricos (Cogerh), e tem apoio institucional da Funda\u00e7\u00e3o de Apoio ao Desenvolvimento Cient\u00edfico e Tecnol\u00f3gico (Funcap), por meio do projeto \u201cDesenvolvimento de Ferramentas Tecnol\u00f3gicas de Gest\u00e3o para o Planejamento dos Recursos H\u00eddricos do Estado do Cear\u00e1: Seguran\u00e7a H\u00eddrica e Planejamento de Secas\u201c. Pr\u00f3ximos Passos Em outubro, mais dois encontros devem fechar a constru\u00e7\u00e3o do Plano de secas do respectivo hidrossistema: Originalmente em: https:\/\/www.cogerh.com.br\/comissao-gestora-do-acude-joaquim-tavora-inicia-construcao-do-plano-de-secas-do-reservatorio\/<\/p>","protected":false},"author":1,"featured_media":2107,"comment_status":"open","ping_status":"open","sticky":false,"template":"","format":"standard","meta":{"nf_dc_page":"","_jetpack_memberships_contains_paid_content":false,"footnotes":""},"categories":[32,10],"tags":[],"class_list":["post-2106","post","type-post","status-publish","format-standard","has-post-thumbnail","hentry","category-cientista-chefe-recursos-hidricos","category-noticias"],"jetpack_featured_media_url":"https:\/\/i0.wp.com\/cepas.ufc.br\/wp-content\/uploads\/2025\/12\/image-9.png?fit=600%2C270&ssl=1","jetpack_sharing_enabled":true,"_links":{"self":[{"href":"https:\/\/cepas.ufc.br\/en\/wp-json\/wp\/v2\/posts\/2106","targetHints":{"allow":["GET"]}}],"collection":[{"href":"https:\/\/cepas.ufc.br\/en\/wp-json\/wp\/v2\/posts"}],"about":[{"href":"https:\/\/cepas.ufc.br\/en\/wp-json\/wp\/v2\/types\/post"}],"author":[{"embeddable":true,"href":"https:\/\/cepas.ufc.br\/en\/wp-json\/wp\/v2\/users\/1"}],"replies":[{"embeddable":true,"href":"https:\/\/cepas.ufc.br\/en\/wp-json\/wp\/v2\/comments?post=2106"}],"version-history":[{"count":1,"href":"https:\/\/cepas.ufc.br\/en\/wp-json\/wp\/v2\/posts\/2106\/revisions"}],"predecessor-version":[{"id":2108,"href":"https:\/\/cepas.ufc.br\/en\/wp-json\/wp\/v2\/posts\/2106\/revisions\/2108"}],"wp:featuredmedia":[{"embeddable":true,"href":"https:\/\/cepas.ufc.br\/en\/wp-json\/wp\/v2\/media\/2107"}],"wp:attachment":[{"href":"https:\/\/cepas.ufc.br\/en\/wp-json\/wp\/v2\/media?parent=2106"}],"wp:term":[{"taxonomy":"category","embeddable":true,"href":"https:\/\/cepas.ufc.br\/en\/wp-json\/wp\/v2\/categories?post=2106"},{"taxonomy":"post_tag","embeddable":true,"href":"https:\/\/cepas.ufc.br\/en\/wp-json\/wp\/v2\/tags?post=2106"}],"curies":[{"name":"wp","href":"https:\/\/api.w.org\/{rel}","templated":true}]}}