{"id":2115,"date":"2025-12-05T14:09:14","date_gmt":"2025-12-05T14:09:14","guid":{"rendered":"https:\/\/cepas.ufc.br\/?p=2115"},"modified":"2025-12-05T14:09:17","modified_gmt":"2025-12-05T14:09:17","slug":"cogerh-e-comite-dos-sertoes-de-crateus-participam-de-workshop-do-plano-de-secas-em-cidades-em-crateus","status":"publish","type":"post","link":"https:\/\/cepas.ufc.br\/en\/cogerh-e-comite-dos-sertoes-de-crateus-participam-de-workshop-do-plano-de-secas-em-cidades-em-crateus\/","title":{"rendered":"Cogerh e Comit\u00ea dos Sert\u00f5es de Crate\u00fas participam de Workshop do Plano de Secas em Cidades, em Crate\u00fas"},"content":{"rendered":"<figure class=\"wp-block-image aligncenter size-full\"><img fetchpriority=\"high\" decoding=\"async\" width=\"600\" height=\"450\" src=\"https:\/\/i0.wp.com\/cepas.ufc.br\/wp-content\/uploads\/2025\/12\/image-12.png?fit=600%2C450&amp;ssl=1\" alt=\"\" class=\"wp-image-2116\" srcset=\"https:\/\/i0.wp.com\/cepas.ufc.br\/wp-content\/uploads\/2025\/12\/image-12.png?w=600&amp;ssl=1 600w, https:\/\/i0.wp.com\/cepas.ufc.br\/wp-content\/uploads\/2025\/12\/image-12.png?resize=300%2C225&amp;ssl=1 300w, https:\/\/i0.wp.com\/cepas.ufc.br\/wp-content\/uploads\/2025\/12\/image-12.png?resize=16%2C12&amp;ssl=1 16w\" sizes=\"(max-width: 600px) 100vw, 600px\" \/><\/figure>\n\n\n\n<p class=\"\">Na segunda-feira (11), o&nbsp;<strong>Comit\u00ea da Bacia dos Sert\u00f5es de Crate\u00fas<\/strong>&nbsp;e a Companhia de Gest\u00e3o dos Recursos H\u00eddricos (Cogerh) participaram de um Workshop do&nbsp;<strong>Plano de Gest\u00e3o Proativo de Secas em Cidades<\/strong>, na sede da Companhia de \u00c1gua e Esgoto do Cear\u00e1 (Cagece), em Crate\u00fas.<\/p>\n\n\n\n<p class=\"\">A iniciativa, realizada pela Cagece em parceria com a Universidade Federal do Cear\u00e1 (UFC), tem como objetivo fortalecer a resili\u00eancia dos munic\u00edpios diante da variabilidade clim\u00e1tica e dos per\u00edodos de estiagem no semi\u00e1rido.<\/p>\n\n\n\n<figure class=\"wp-block-image aligncenter\"><img data-recalc-dims=\"1\" height=\"450\" width=\"600\" decoding=\"async\" src=\"https:\/\/i0.wp.com\/www.cogerh.com.br\/wp-content\/uploads\/2025\/08\/WhatsApp-Image-2025-08-14-at-09.56.09-600x450.jpeg?resize=600%2C450&#038;ssl=1\" alt=\"\" class=\"wp-image-37096\"\/><\/figure>\n\n\n\n<p class=\"\">Foram apresentados os objetivos, metodologias e benef\u00edcios do plano, al\u00e9m de trocas de experi\u00eancias e escuta das contribui\u00e7\u00f5es do Comit\u00ea, da Cogerh e demais parceiros, visando \u00e0 constru\u00e7\u00e3o de estrat\u00e9gias conjuntas para sua implementa\u00e7\u00e3o local.<\/p>\n\n\n\n<p class=\"\">Durante a oficina, os participantes foram organizados em grupos para rememorar experi\u00eancias enfrentadas durante a \u00faltima seca (2012-2018) e sugerir estrat\u00e9gias de enfrentamento mais estruturadas e conjuntas. Cada sugest\u00e3o foi vinculada \u00e0 fase da seca em que deveria ser implementada e ao \u00f3rg\u00e3o ou entidade respons\u00e1vel por sua execu\u00e7\u00e3o.<\/p>\n\n\n\n<p class=\"\">A atua\u00e7\u00e3o conjunta e o compartilhamento de experi\u00eancias evidenciaram a relev\u00e2ncia de medidas integradas para potencializar a efic\u00e1cia e a prontid\u00e3o de resposta da regi\u00e3o frente aos per\u00edodos de falta de \u00e1gua.<\/p>\n\n\n\n<p class=\"\">O Comit\u00ea da dos Sert\u00f5es de Crate\u00fas esteve representado por sua presidente, Daniela Cavalcante. Pela Cogerh, participaram Rodrigues J\u00fanior, gerente regional da Cogerh\/Crate\u00fas; Edna Nascimento, coordenadora do N\u00facleo de Gest\u00e3o Participativa da Cogerh\/Crate\u00fas; e Helder Lucena, coordenador do N\u00facleo de Opera\u00e7\u00e3o.<\/p>\n\n\n\n<p class=\"\">Tamb\u00e9m estiveram presentes representantes da Cagece de Crate\u00fas e Fortaleza, do SISAR, da Secretaria Municipal de Recursos H\u00eddricos e Defesa Civil, da Secretaria Municipal de Infraestrutura, da Secretaria Municipal de Sa\u00fade, da Secretaria Municipal de Educa\u00e7\u00e3o e da Secretaria Municipal de Meio Ambiente de Crate\u00fas.<\/p>\n\n\n\n<p class=\"\">Originalmente em:<a href=\"https:\/\/www.cogerh.com.br\/comite-do-alto-jaguaribe-aprova-plano-de-secas-para-acude-bengue-em-aiuaba\/\"> <\/a><a href=\"https:\/\/www.cogerh.com.br\/cogerh-e-comite-dos-sertoes-de-crateus-participam-de-workshop-do-plano-de-secas-em-cidades-em-crateus\/\">https:\/\/www.cogerh.com.br\/cogerh-e-comite-dos-sertoes-de-crateus-participam-de-workshop-do-plano-de-secas-em-cidades-em-crateus\/<\/a><a href=\"https:\/\/www.cogerh.com.br\/comissao-gestora-do-acude-aracoiaba-inicia-discussoes-para-elaboracao-do-plano-de-secas-da-regiao\/\"><\/a><\/p>\n\n\n\n<p class=\"\"><\/p>","protected":false},"excerpt":{"rendered":"<p>Na segunda-feira (11), o&nbsp;Comit\u00ea da Bacia dos Sert\u00f5es de Crate\u00fas&nbsp;e a Companhia de Gest\u00e3o dos Recursos H\u00eddricos (Cogerh) participaram de um Workshop do&nbsp;Plano de Gest\u00e3o Proativo de Secas em Cidades, na sede da Companhia de \u00c1gua e Esgoto do Cear\u00e1 (Cagece), em Crate\u00fas. A iniciativa, realizada pela Cagece em parceria com a Universidade Federal do Cear\u00e1 (UFC), tem como objetivo fortalecer a resili\u00eancia dos munic\u00edpios diante da variabilidade clim\u00e1tica e dos per\u00edodos de estiagem no semi\u00e1rido. Foram apresentados os objetivos, metodologias e benef\u00edcios do plano, al\u00e9m de trocas de experi\u00eancias e escuta das contribui\u00e7\u00f5es do Comit\u00ea, da Cogerh e demais parceiros, visando \u00e0 constru\u00e7\u00e3o de estrat\u00e9gias conjuntas para sua implementa\u00e7\u00e3o local. Durante a oficina, os participantes foram organizados em grupos para rememorar experi\u00eancias enfrentadas durante a \u00faltima seca (2012-2018) e sugerir estrat\u00e9gias de enfrentamento mais estruturadas e conjuntas. Cada sugest\u00e3o foi vinculada \u00e0 fase da seca em que deveria ser implementada e ao \u00f3rg\u00e3o ou entidade respons\u00e1vel por sua execu\u00e7\u00e3o. A atua\u00e7\u00e3o conjunta e o compartilhamento de experi\u00eancias evidenciaram a relev\u00e2ncia de medidas integradas para potencializar a efic\u00e1cia e a prontid\u00e3o de resposta da regi\u00e3o frente aos per\u00edodos de falta de \u00e1gua. O Comit\u00ea da dos Sert\u00f5es de Crate\u00fas esteve representado por sua presidente, Daniela Cavalcante. Pela Cogerh, participaram Rodrigues J\u00fanior, gerente regional da Cogerh\/Crate\u00fas; Edna Nascimento, coordenadora do N\u00facleo de Gest\u00e3o Participativa da Cogerh\/Crate\u00fas; e Helder Lucena, coordenador do N\u00facleo de Opera\u00e7\u00e3o. Tamb\u00e9m estiveram presentes representantes da Cagece de Crate\u00fas e Fortaleza, do SISAR, da Secretaria Municipal de Recursos H\u00eddricos e Defesa Civil, da Secretaria Municipal de Infraestrutura, da Secretaria Municipal de Sa\u00fade, da Secretaria Municipal de Educa\u00e7\u00e3o e da Secretaria Municipal de Meio Ambiente de Crate\u00fas. Originalmente em: https:\/\/www.cogerh.com.br\/cogerh-e-comite-dos-sertoes-de-crateus-participam-de-workshop-do-plano-de-secas-em-cidades-em-crateus\/<\/p>","protected":false},"author":1,"featured_media":2116,"comment_status":"open","ping_status":"open","sticky":false,"template":"","format":"standard","meta":{"nf_dc_page":"","_jetpack_memberships_contains_paid_content":false,"footnotes":""},"categories":[32,10],"tags":[],"class_list":["post-2115","post","type-post","status-publish","format-standard","has-post-thumbnail","hentry","category-cientista-chefe-recursos-hidricos","category-noticias"],"jetpack_featured_media_url":"https:\/\/i0.wp.com\/cepas.ufc.br\/wp-content\/uploads\/2025\/12\/image-12.png?fit=600%2C450&ssl=1","jetpack_sharing_enabled":true,"_links":{"self":[{"href":"https:\/\/cepas.ufc.br\/en\/wp-json\/wp\/v2\/posts\/2115","targetHints":{"allow":["GET"]}}],"collection":[{"href":"https:\/\/cepas.ufc.br\/en\/wp-json\/wp\/v2\/posts"}],"about":[{"href":"https:\/\/cepas.ufc.br\/en\/wp-json\/wp\/v2\/types\/post"}],"author":[{"embeddable":true,"href":"https:\/\/cepas.ufc.br\/en\/wp-json\/wp\/v2\/users\/1"}],"replies":[{"embeddable":true,"href":"https:\/\/cepas.ufc.br\/en\/wp-json\/wp\/v2\/comments?post=2115"}],"version-history":[{"count":1,"href":"https:\/\/cepas.ufc.br\/en\/wp-json\/wp\/v2\/posts\/2115\/revisions"}],"predecessor-version":[{"id":2117,"href":"https:\/\/cepas.ufc.br\/en\/wp-json\/wp\/v2\/posts\/2115\/revisions\/2117"}],"wp:featuredmedia":[{"embeddable":true,"href":"https:\/\/cepas.ufc.br\/en\/wp-json\/wp\/v2\/media\/2116"}],"wp:attachment":[{"href":"https:\/\/cepas.ufc.br\/en\/wp-json\/wp\/v2\/media?parent=2115"}],"wp:term":[{"taxonomy":"category","embeddable":true,"href":"https:\/\/cepas.ufc.br\/en\/wp-json\/wp\/v2\/categories?post=2115"},{"taxonomy":"post_tag","embeddable":true,"href":"https:\/\/cepas.ufc.br\/en\/wp-json\/wp\/v2\/tags?post=2115"}],"curies":[{"name":"wp","href":"https:\/\/api.w.org\/{rel}","templated":true}]}}