{"id":2118,"date":"2025-12-05T15:13:40","date_gmt":"2025-12-05T15:13:40","guid":{"rendered":"https:\/\/cepas.ufc.br\/?p=2118"},"modified":"2025-12-05T15:14:15","modified_gmt":"2025-12-05T15:14:15","slug":"projeto-da-ufc-pretende-garantir-abastecimento-de-agua-potavel-para-escolas-do-ceara","status":"publish","type":"post","link":"https:\/\/cepas.ufc.br\/en\/projeto-da-ufc-pretende-garantir-abastecimento-de-agua-potavel-para-escolas-do-ceara\/","title":{"rendered":"Projeto da UFC pretende garantir abastecimento de \u00e1gua pot\u00e1vel para escolas do Cear\u00e1"},"content":{"rendered":"<p class=\"\">A\u00a0Universidade Federal do Cear\u00e1 (UFC), por meio do Centro Estrat\u00e9gico de Excel\u00eancia em Pol\u00edticas de \u00c1guas e Secas (Cepas), em parceria com o Centro de Treinamento e Desenvolvimento (Cetrede), apresentou, nesta quinta-feira (4), no Gabinete da Reitoria, o embri\u00e3o do<strong>\u00a0programa Mais \u00c1gua Boa na Escola<\/strong>. A iniciativa, que surgiu a partir de diagn\u00f3stico do deputado estadual Renato Roseno sobre a problem\u00e1tica da falta de \u00e1gua pot\u00e1vel em diversas escolas cearenses, pretende garantir seguran\u00e7a h\u00eddrica para as crian\u00e7as e os adolescentes que frequentam esses espa\u00e7os.\u00a0<\/p>\n\n\n\n<figure class=\"wp-block-image aligncenter size-full\"><img fetchpriority=\"high\" decoding=\"async\" width=\"520\" height=\"346\" src=\"https:\/\/i0.wp.com\/cepas.ufc.br\/wp-content\/uploads\/2025\/12\/image-13.png?fit=520%2C346&amp;ssl=1\" alt=\"\" class=\"wp-image-2119\" srcset=\"https:\/\/i0.wp.com\/cepas.ufc.br\/wp-content\/uploads\/2025\/12\/image-13.png?w=520&amp;ssl=1 520w, https:\/\/i0.wp.com\/cepas.ufc.br\/wp-content\/uploads\/2025\/12\/image-13.png?resize=300%2C200&amp;ssl=1 300w, https:\/\/i0.wp.com\/cepas.ufc.br\/wp-content\/uploads\/2025\/12\/image-13.png?resize=18%2C12&amp;ssl=1 18w\" sizes=\"(max-width: 520px) 100vw, 520px\" \/><figcaption class=\"wp-element-caption\"><br>A iniciativa pretende garantir seguran\u00e7a h\u00eddrica para as crian\u00e7as e os adolescentes que frequentam esses espa\u00e7os. (Foto: Lamonier Rodrigues\/UFC Informa)<br><br><br><\/figcaption><\/figure>\n\n\n\n<p class=\"\">O projeto-piloto apresentado pelo presidente do Cetrede, Dimas de Oliveira Costa, e pelo coordenador do Cepas, Francisco de Assis de Souza Filho, que participou por chamada telef\u00f4nica,&nbsp;<strong>pretende trabalhar em quatro frentes:<\/strong>&nbsp;seguran\u00e7a h\u00eddrica no manancial (mapeamento do tipo de abastecimento de cada escola, identificando vulnerabilidades estruturais), perfuratriz escola (capacita\u00e7\u00e3o de operadores locais e produ\u00e7\u00e3o de po\u00e7os profundos), uso de filtros coletivos como \u00faltimo barreira de prote\u00e7\u00e3o e capacita\u00e7\u00e3o dos cuidadores da \u00e1gua (desenvolvimento de pr\u00e1ticas de educa\u00e7\u00e3o, gest\u00e3o e cultura h\u00eddrica com estudantes).<\/p>\n\n\n\n<p class=\"\">\u201cA nossa ideia foi planejar uma solu\u00e7\u00e3o integrada que pensasse a quest\u00e3o do abastecimento de \u00e1gua nas escolas de ponta a ponta\u201d, disse Assis Filho, ressaltando a import\u00e2ncia do projeto estudar solu\u00e7\u00f5es relacionadas \u00e0 chegada da \u00e1gua, ao processo de torn\u00e1-la pot\u00e1vel e \u00e0 educa\u00e7\u00e3o h\u00eddrica nas institui\u00e7\u00f5es. O reitor Cust\u00f3dio Almeida lembrou que as escolas t\u00eam realidades diferentes em rela\u00e7\u00e3o ao abastecimento e \u00e0 disponibilidade de \u00e1gua pr\u00f3pria para o consumo. \u201cTem escolas que a \u00e1gua nem chega, precisa de po\u00e7o ou de carro-pipa. A ideia, com o projeto, \u00e9 a gente oferecer propostas para as diferentes situa\u00e7\u00f5es\u201d, afirmou.&nbsp;&nbsp;<\/p>\n\n\n\n<p class=\"\">Conforme levantamento feito por Renato Roseno, com base no Censo Escolar,&nbsp;<strong>1327 escolas do Cear\u00e1 (municipais, estaduais, federais e privadas) n\u00e3o s\u00e3o abastecidas pela rede p\u00fablica de \u00e1gua, enquanto 84 n\u00e3o fornecem \u00e1gua pot\u00e1vel<\/strong>. \u201cEu tenho me dedicado h\u00e1 muitos anos ao tema \u2018\u00e1gua nas escolas\u2019. \u00c9 um tema muito invisibilizado\u201d, frisou. Nesse processo, o deputado estadual explicou que j\u00e1 levou a problem\u00e1tica para o Governo do Estado, o Minist\u00e9rio P\u00fablico Estadual (MPCE) e o Tribunal de Contas do Estado (TCE), mas o problema ainda n\u00e3o foi resolvido. Com o projeto da UFC, a inten\u00e7\u00e3o \u00e9 que solu\u00e7\u00f5es sejam encaminhadas.<\/p>\n\n\n\n<figure class=\"wp-block-image aligncenter\"><img data-recalc-dims=\"1\" decoding=\"async\" src=\"https:\/\/i0.wp.com\/www.ufc.br\/images\/_images\/noticias\/2025\/ft_251205_reuniaoaguapotavelnasescolas_gr2.png?w=800&#038;ssl=1\" alt=\"Pessoas sentadas na mesa da Reitoria em reuni\u00e3o com o reitor\"\/><figcaption class=\"wp-element-caption\">Os presentes tamb\u00e9m discutiram possibilidades de garantir recursos para o desenvolvimento do projeto. (Foto: Lamonier Rodrigues\/UFC Informa)<\/figcaption><\/figure>\n\n\n\n<p class=\"\">Renato Roseno destacou ainda a aprova\u00e7\u00e3o recente da Lei Federal 15.276\/2025, que garante o acesso de \u00e1gua pot\u00e1vel nas institui\u00e7\u00f5es de ensino. A procuradora de Justi\u00e7a, Elizabeth Almeida, ressaltou que a comunidade jur\u00eddica do Brasil tem focado nesse tema por se tratar de uma pauta de direitos humanos. \u201cAgora a gente tamb\u00e9m tem uma legisla\u00e7\u00e3o. Nem precisava ter uma lei para cobrar o \u00f3bvio, mas que bom que agora temos\u201d, disse. Na reuni\u00e3o, ela apresentou o projeto Sede de Aprender, do Conselho Nacional do Minist\u00e9rio P\u00fablico (CNMP), que acompanha o fornecimento de \u00e1gua pot\u00e1vel, de saneamento b\u00e1sico e de banheiros nas escolas do Brasil.&nbsp;&nbsp;<\/p>\n\n\n\n<p class=\"\">Durante a reuni\u00e3o, tamb\u00e9m foram discutidas&nbsp;<strong>possibilidades de garantir recursos para desenvolver o projeto, que poderia funcionar como um piloto para outros estados,<\/strong>&nbsp;j\u00e1 que a problem\u00e1tica da \u00e1gua pot\u00e1vel nas escolas \u00e9 uma quest\u00e3o nacional. A inten\u00e7\u00e3o, conforme Renato Roseno, \u00e9 que as solu\u00e7\u00f5es que funcionarem no Cear\u00e1 sejam inseridas no Plano Nacional de Saneamento B\u00e1sico. Tamb\u00e9m foi solicitado ao Cepas a possibilidade de desenvolver um eixo no projeto que possa avaliar a qualidade da \u00e1gua que chega \u00e0s escolas, j\u00e1 que existe a chance de contamina\u00e7\u00e3o dos len\u00e7\u00f3is fre\u00e1ticos por agrot\u00f3xicos.&nbsp; &nbsp;<\/p>\n\n\n\n<p class=\"\">Tamb\u00e9m participaram do encontro o assessor executivo de Fiscaliza\u00e7\u00e3o do Tribunal de Contas do Estado do Cear\u00e1 (TCE), Luis C\u00e1ssio de Melo Castro; o diretor de Fiscaliza\u00e7\u00e3o de Obras do TCE, Antonio Alves Ferreira Junior; a nutricionista do programa Cear\u00e1 Sem Fome do Gabinete da Primeira Dama, Isadora Meneses; e a assessora do deputado Renato Roseno, J\u00e9ssica Rebou\u00e7as. Da UFC, estiveram presentes o chefe de gabinete da Reitoria, Carlos Almir, e o coordenador de Articula\u00e7\u00e3o Pol\u00edtica Institucional do Gabinete da Reitoria, Daniel Fonseca.&nbsp;<\/p>\n\n\n\n<p class=\"\">Originalmente em: <a href=\"https:\/\/www.ufc.br\/noticias\/noticias-da-reitoria\/19922-ufc-apresenta-programa-que-pretende-garantir-abastecimento-de-agua-potavel-para-escolas-do-estado\">https:\/\/www.ufc.br\/noticias\/noticias-da-reitoria\/19922-ufc-apresenta-programa-que-pretende-garantir-abastecimento-de-agua-potavel-para-escolas-do-estado<\/a><span style=\"font-size: revert;\"><\/span><\/p>\n\n\n\n<p class=\"\"><\/p>","protected":false},"excerpt":{"rendered":"<p>A\u00a0Universidade Federal do Cear\u00e1 (UFC), por meio do Centro Estrat\u00e9gico de Excel\u00eancia em Pol\u00edticas de \u00c1guas e Secas (Cepas), em parceria com o Centro de Treinamento e Desenvolvimento (Cetrede), apresentou, nesta quinta-feira (4), no Gabinete da Reitoria, o embri\u00e3o do\u00a0programa Mais \u00c1gua Boa na Escola. A iniciativa, que surgiu a partir de diagn\u00f3stico do deputado estadual Renato Roseno sobre a problem\u00e1tica da falta de \u00e1gua pot\u00e1vel em diversas escolas cearenses, pretende garantir seguran\u00e7a h\u00eddrica para as crian\u00e7as e os adolescentes que frequentam esses espa\u00e7os.\u00a0 O projeto-piloto apresentado pelo presidente do Cetrede, Dimas de Oliveira Costa, e pelo coordenador do Cepas, Francisco de Assis de Souza Filho, que participou por chamada telef\u00f4nica,&nbsp;pretende trabalhar em quatro frentes:&nbsp;seguran\u00e7a h\u00eddrica no manancial (mapeamento do tipo de abastecimento de cada escola, identificando vulnerabilidades estruturais), perfuratriz escola (capacita\u00e7\u00e3o de operadores locais e produ\u00e7\u00e3o de po\u00e7os profundos), uso de filtros coletivos como \u00faltimo barreira de prote\u00e7\u00e3o e capacita\u00e7\u00e3o dos cuidadores da \u00e1gua (desenvolvimento de pr\u00e1ticas de educa\u00e7\u00e3o, gest\u00e3o e cultura h\u00eddrica com estudantes). \u201cA nossa ideia foi planejar uma solu\u00e7\u00e3o integrada que pensasse a quest\u00e3o do abastecimento de \u00e1gua nas escolas de ponta a ponta\u201d, disse Assis Filho, ressaltando a import\u00e2ncia do projeto estudar solu\u00e7\u00f5es relacionadas \u00e0 chegada da \u00e1gua, ao processo de torn\u00e1-la pot\u00e1vel e \u00e0 educa\u00e7\u00e3o h\u00eddrica nas institui\u00e7\u00f5es. O reitor Cust\u00f3dio Almeida lembrou que as escolas t\u00eam realidades diferentes em rela\u00e7\u00e3o ao abastecimento e \u00e0 disponibilidade de \u00e1gua pr\u00f3pria para o consumo. \u201cTem escolas que a \u00e1gua nem chega, precisa de po\u00e7o ou de carro-pipa. A ideia, com o projeto, \u00e9 a gente oferecer propostas para as diferentes situa\u00e7\u00f5es\u201d, afirmou.&nbsp;&nbsp; Conforme levantamento feito por Renato Roseno, com base no Censo Escolar,&nbsp;1327 escolas do Cear\u00e1 (municipais, estaduais, federais e privadas) n\u00e3o s\u00e3o abastecidas pela rede p\u00fablica de \u00e1gua, enquanto 84 n\u00e3o fornecem \u00e1gua pot\u00e1vel. \u201cEu tenho me dedicado h\u00e1 muitos anos ao tema \u2018\u00e1gua nas escolas\u2019. \u00c9 um tema muito invisibilizado\u201d, frisou. Nesse processo, o deputado estadual explicou que j\u00e1 levou a problem\u00e1tica para o Governo do Estado, o Minist\u00e9rio P\u00fablico Estadual (MPCE) e o Tribunal de Contas do Estado (TCE), mas o problema ainda n\u00e3o foi resolvido. Com o projeto da UFC, a inten\u00e7\u00e3o \u00e9 que solu\u00e7\u00f5es sejam encaminhadas. Renato Roseno destacou ainda a aprova\u00e7\u00e3o recente da Lei Federal 15.276\/2025, que garante o acesso de \u00e1gua pot\u00e1vel nas institui\u00e7\u00f5es de ensino. A procuradora de Justi\u00e7a, Elizabeth Almeida, ressaltou que a comunidade jur\u00eddica do Brasil tem focado nesse tema por se tratar de uma pauta de direitos humanos. \u201cAgora a gente tamb\u00e9m tem uma legisla\u00e7\u00e3o. Nem precisava ter uma lei para cobrar o \u00f3bvio, mas que bom que agora temos\u201d, disse. Na reuni\u00e3o, ela apresentou o projeto Sede de Aprender, do Conselho Nacional do Minist\u00e9rio P\u00fablico (CNMP), que acompanha o fornecimento de \u00e1gua pot\u00e1vel, de saneamento b\u00e1sico e de banheiros nas escolas do Brasil.&nbsp;&nbsp; Durante a reuni\u00e3o, tamb\u00e9m foram discutidas&nbsp;possibilidades de garantir recursos para desenvolver o projeto, que poderia funcionar como um piloto para outros estados,&nbsp;j\u00e1 que a problem\u00e1tica da \u00e1gua pot\u00e1vel nas escolas \u00e9 uma quest\u00e3o nacional. A inten\u00e7\u00e3o, conforme Renato Roseno, \u00e9 que as solu\u00e7\u00f5es que funcionarem no Cear\u00e1 sejam inseridas no Plano Nacional de Saneamento B\u00e1sico. Tamb\u00e9m foi solicitado ao Cepas a possibilidade de desenvolver um eixo no projeto que possa avaliar a qualidade da \u00e1gua que chega \u00e0s escolas, j\u00e1 que existe a chance de contamina\u00e7\u00e3o dos len\u00e7\u00f3is fre\u00e1ticos por agrot\u00f3xicos.&nbsp; &nbsp; Tamb\u00e9m participaram do encontro o assessor executivo de Fiscaliza\u00e7\u00e3o do Tribunal de Contas do Estado do Cear\u00e1 (TCE), Luis C\u00e1ssio de Melo Castro; o diretor de Fiscaliza\u00e7\u00e3o de Obras do TCE, Antonio Alves Ferreira Junior; a nutricionista do programa Cear\u00e1 Sem Fome do Gabinete da Primeira Dama, Isadora Meneses; e a assessora do deputado Renato Roseno, J\u00e9ssica Rebou\u00e7as. Da UFC, estiveram presentes o chefe de gabinete da Reitoria, Carlos Almir, e o coordenador de Articula\u00e7\u00e3o Pol\u00edtica Institucional do Gabinete da Reitoria, Daniel Fonseca.&nbsp; Originalmente em: https:\/\/www.ufc.br\/noticias\/noticias-da-reitoria\/19922-ufc-apresenta-programa-que-pretende-garantir-abastecimento-de-agua-potavel-para-escolas-do-estado<\/p>","protected":false},"author":1,"featured_media":2119,"comment_status":"open","ping_status":"open","sticky":false,"template":"","format":"standard","meta":{"nf_dc_page":"","_jetpack_memberships_contains_paid_content":false,"footnotes":""},"categories":[32,10],"tags":[],"class_list":["post-2118","post","type-post","status-publish","format-standard","has-post-thumbnail","hentry","category-cientista-chefe-recursos-hidricos","category-noticias"],"jetpack_featured_media_url":"https:\/\/i0.wp.com\/cepas.ufc.br\/wp-content\/uploads\/2025\/12\/image-13.png?fit=520%2C346&ssl=1","jetpack_sharing_enabled":true,"_links":{"self":[{"href":"https:\/\/cepas.ufc.br\/en\/wp-json\/wp\/v2\/posts\/2118","targetHints":{"allow":["GET"]}}],"collection":[{"href":"https:\/\/cepas.ufc.br\/en\/wp-json\/wp\/v2\/posts"}],"about":[{"href":"https:\/\/cepas.ufc.br\/en\/wp-json\/wp\/v2\/types\/post"}],"author":[{"embeddable":true,"href":"https:\/\/cepas.ufc.br\/en\/wp-json\/wp\/v2\/users\/1"}],"replies":[{"embeddable":true,"href":"https:\/\/cepas.ufc.br\/en\/wp-json\/wp\/v2\/comments?post=2118"}],"version-history":[{"count":2,"href":"https:\/\/cepas.ufc.br\/en\/wp-json\/wp\/v2\/posts\/2118\/revisions"}],"predecessor-version":[{"id":2121,"href":"https:\/\/cepas.ufc.br\/en\/wp-json\/wp\/v2\/posts\/2118\/revisions\/2121"}],"wp:featuredmedia":[{"embeddable":true,"href":"https:\/\/cepas.ufc.br\/en\/wp-json\/wp\/v2\/media\/2119"}],"wp:attachment":[{"href":"https:\/\/cepas.ufc.br\/en\/wp-json\/wp\/v2\/media?parent=2118"}],"wp:term":[{"taxonomy":"category","embeddable":true,"href":"https:\/\/cepas.ufc.br\/en\/wp-json\/wp\/v2\/categories?post=2118"},{"taxonomy":"post_tag","embeddable":true,"href":"https:\/\/cepas.ufc.br\/en\/wp-json\/wp\/v2\/tags?post=2118"}],"curies":[{"name":"wp","href":"https:\/\/api.w.org\/{rel}","templated":true}]}}