{"id":2148,"date":"2026-01-19T20:22:26","date_gmt":"2026-01-19T20:22:26","guid":{"rendered":"https:\/\/cepas.ufc.br\/?p=2148"},"modified":"2026-01-19T20:22:28","modified_gmt":"2026-01-19T20:22:28","slug":"cagece-desenvolve-plano-de-gestao-de-secas-e-coloca-o-ce-na-vanguarda-nacional","status":"publish","type":"post","link":"https:\/\/cepas.ufc.br\/en\/cagece-desenvolve-plano-de-gestao-de-secas-e-coloca-o-ce-na-vanguarda-nacional\/","title":{"rendered":"Cagece desenvolve plano de gest\u00e3o de secas e coloca o CE na vanguarda nacional"},"content":{"rendered":"<figure class=\"wp-block-image size-large\"><img fetchpriority=\"high\" decoding=\"async\" width=\"2560\" height=\"1699\" src=\"https:\/\/i0.wp.com\/cepas.ufc.br\/wp-content\/uploads\/2026\/01\/image.png?fit=800%2C531&amp;ssl=1\" alt=\"\" class=\"wp-image-2149\" srcset=\"https:\/\/i0.wp.com\/cepas.ufc.br\/wp-content\/uploads\/2026\/01\/image.png?w=2560&amp;ssl=1 2560w, https:\/\/i0.wp.com\/cepas.ufc.br\/wp-content\/uploads\/2026\/01\/image.png?resize=300%2C199&amp;ssl=1 300w, https:\/\/i0.wp.com\/cepas.ufc.br\/wp-content\/uploads\/2026\/01\/image.png?resize=1024%2C680&amp;ssl=1 1024w, https:\/\/i0.wp.com\/cepas.ufc.br\/wp-content\/uploads\/2026\/01\/image.png?resize=768%2C510&amp;ssl=1 768w, https:\/\/i0.wp.com\/cepas.ufc.br\/wp-content\/uploads\/2026\/01\/image.png?resize=1536%2C1019&amp;ssl=1 1536w, https:\/\/i0.wp.com\/cepas.ufc.br\/wp-content\/uploads\/2026\/01\/image.png?resize=2048%2C1359&amp;ssl=1 2048w, https:\/\/i0.wp.com\/cepas.ufc.br\/wp-content\/uploads\/2026\/01\/image.png?resize=18%2C12&amp;ssl=1 18w, https:\/\/i0.wp.com\/cepas.ufc.br\/wp-content\/uploads\/2026\/01\/image.png?w=1600&amp;ssl=1 1600w, https:\/\/i0.wp.com\/cepas.ufc.br\/wp-content\/uploads\/2026\/01\/image.png?w=2400&amp;ssl=1 2400w\" sizes=\"(max-width: 800px) 100vw, 800px\" \/><\/figure>\n\n\n\n<p class=\"has-text-align-center\"><em>Foto: Reprodu\u00e7\u00e3o- Cagece<\/em><br><\/p>\n\n\n\n<p class=\"\">A Companhia de \u00c1gua e Esgoto do Cear\u00e1 (Cagece) est\u00e1 desenvolvendo o Plano de Gest\u00e3o Proativa de Secas, iniciativa in\u00e9dita no Brasil voltada \u00e0 antecipa\u00e7\u00e3o e mitiga\u00e7\u00e3o dos impactos da escassez h\u00eddrica nos sistemas de abastecimento de \u00e1gua. O plano surge a partir das experi\u00eancias acumuladas durante o ciclo de secas que atingiu o Cear\u00e1 entre 2011 e 2018.<\/p>\n\n\n\n<p class=\"\">O objetivo \u00e9 substituir a atua\u00e7\u00e3o reativa por a\u00e7\u00f5es operacionais e institucionais previamente definidas, acionadas conforme marcos relacionados \u00e0 condi\u00e7\u00e3o de seca dos mananciais e do sistema de abastecimento. A proposta busca ampliar a seguran\u00e7a h\u00eddrica e reduzir impactos econ\u00f4micos, sociais e ambientais associados \u00e0s estiagens.<\/p>\n\n\n\n<p class=\"\">O plano est\u00e1 sendo desenvolvido em articula\u00e7\u00e3o com a Universidade Federal do Cear\u00e1, no \u00e2mbito do Programa Cientista Chefe de Recursos H\u00eddricos, e integra um conjunto de pol\u00edticas estaduais voltadas \u00e0 gest\u00e3o proativa de secas. A metodologia adota uma abordagem de gest\u00e3o de risco com resposta escalonada, baseada em indicadores hidrol\u00f3gicos e clim\u00e1ticos.<\/p>\n\n\n\n<p class=\"\">As a\u00e7\u00f5es s\u00e3o vinculadas a quatro n\u00edveis de alerta: Normal, Alerta, Seca e Seca Extrema. Cada n\u00edvel estabelece medidas espec\u00edficas, como antecipa\u00e7\u00e3o de licita\u00e7\u00f5es, avalia\u00e7\u00e3o de instrumentos regulat\u00f3rios e articula\u00e7\u00f5es institucionais, permitindo decis\u00f5es mais r\u00e1pidas e previs\u00edveis conforme a evolu\u00e7\u00e3o da situa\u00e7\u00e3o h\u00eddrica.<\/p>\n\n\n\n<p class=\"\">A implementa\u00e7\u00e3o ocorre inicialmente por meio de um projeto piloto em oito munic\u00edpios. O sistema de Crate\u00fas j\u00e1 teve o plano conclu\u00eddo, enquanto outros munic\u00edpios, como Senador Pompeu, est\u00e3o em fase de desenvolvimento. Ap\u00f3s a valida\u00e7\u00e3o da metodologia, a Cagece prev\u00ea a expans\u00e3o do plano para todos os munic\u00edpios sob sua concess\u00e3o.<\/p>\n\n\n\n<p class=\"\">Originalmente em: <a href=\"https:\/\/portalceara.jor.br\/cagece-desenvolve-plano-de-gestao-de-secas-e-coloca-o-ce-na-vanguarda-nacional\/\">https:\/\/portalceara.jor.br\/cagece-desenvolve-plano-de-gestao-de-secas-e-coloca-o-ce-na-vanguarda-nacional\/<\/a><span style=\"font-size: revert;\"><\/span><\/p>\n\n\n\n<p class=\"\"><\/p>","protected":false},"excerpt":{"rendered":"<p>Foto: Reprodu\u00e7\u00e3o- Cagece A Companhia de \u00c1gua e Esgoto do Cear\u00e1 (Cagece) est\u00e1 desenvolvendo o Plano de Gest\u00e3o Proativa de Secas, iniciativa in\u00e9dita no Brasil voltada \u00e0 antecipa\u00e7\u00e3o e mitiga\u00e7\u00e3o dos impactos da escassez h\u00eddrica nos sistemas de abastecimento de \u00e1gua. O plano surge a partir das experi\u00eancias acumuladas durante o ciclo de secas que atingiu o Cear\u00e1 entre 2011 e 2018. O objetivo \u00e9 substituir a atua\u00e7\u00e3o reativa por a\u00e7\u00f5es operacionais e institucionais previamente definidas, acionadas conforme marcos relacionados \u00e0 condi\u00e7\u00e3o de seca dos mananciais e do sistema de abastecimento. A proposta busca ampliar a seguran\u00e7a h\u00eddrica e reduzir impactos econ\u00f4micos, sociais e ambientais associados \u00e0s estiagens. O plano est\u00e1 sendo desenvolvido em articula\u00e7\u00e3o com a Universidade Federal do Cear\u00e1, no \u00e2mbito do Programa Cientista Chefe de Recursos H\u00eddricos, e integra um conjunto de pol\u00edticas estaduais voltadas \u00e0 gest\u00e3o proativa de secas. A metodologia adota uma abordagem de gest\u00e3o de risco com resposta escalonada, baseada em indicadores hidrol\u00f3gicos e clim\u00e1ticos. As a\u00e7\u00f5es s\u00e3o vinculadas a quatro n\u00edveis de alerta: Normal, Alerta, Seca e Seca Extrema. Cada n\u00edvel estabelece medidas espec\u00edficas, como antecipa\u00e7\u00e3o de licita\u00e7\u00f5es, avalia\u00e7\u00e3o de instrumentos regulat\u00f3rios e articula\u00e7\u00f5es institucionais, permitindo decis\u00f5es mais r\u00e1pidas e previs\u00edveis conforme a evolu\u00e7\u00e3o da situa\u00e7\u00e3o h\u00eddrica. A implementa\u00e7\u00e3o ocorre inicialmente por meio de um projeto piloto em oito munic\u00edpios. O sistema de Crate\u00fas j\u00e1 teve o plano conclu\u00eddo, enquanto outros munic\u00edpios, como Senador Pompeu, est\u00e3o em fase de desenvolvimento. Ap\u00f3s a valida\u00e7\u00e3o da metodologia, a Cagece prev\u00ea a expans\u00e3o do plano para todos os munic\u00edpios sob sua concess\u00e3o. Originalmente em: https:\/\/portalceara.jor.br\/cagece-desenvolve-plano-de-gestao-de-secas-e-coloca-o-ce-na-vanguarda-nacional\/<\/p>","protected":false},"author":1,"featured_media":2149,"comment_status":"open","ping_status":"open","sticky":false,"template":"","format":"standard","meta":{"nf_dc_page":"","_jetpack_memberships_contains_paid_content":false,"footnotes":""},"categories":[32,10],"tags":[],"class_list":["post-2148","post","type-post","status-publish","format-standard","has-post-thumbnail","hentry","category-cientista-chefe-recursos-hidricos","category-noticias"],"jetpack_featured_media_url":"https:\/\/i0.wp.com\/cepas.ufc.br\/wp-content\/uploads\/2026\/01\/image.png?fit=2560%2C1699&ssl=1","jetpack_sharing_enabled":true,"_links":{"self":[{"href":"https:\/\/cepas.ufc.br\/en\/wp-json\/wp\/v2\/posts\/2148","targetHints":{"allow":["GET"]}}],"collection":[{"href":"https:\/\/cepas.ufc.br\/en\/wp-json\/wp\/v2\/posts"}],"about":[{"href":"https:\/\/cepas.ufc.br\/en\/wp-json\/wp\/v2\/types\/post"}],"author":[{"embeddable":true,"href":"https:\/\/cepas.ufc.br\/en\/wp-json\/wp\/v2\/users\/1"}],"replies":[{"embeddable":true,"href":"https:\/\/cepas.ufc.br\/en\/wp-json\/wp\/v2\/comments?post=2148"}],"version-history":[{"count":1,"href":"https:\/\/cepas.ufc.br\/en\/wp-json\/wp\/v2\/posts\/2148\/revisions"}],"predecessor-version":[{"id":2150,"href":"https:\/\/cepas.ufc.br\/en\/wp-json\/wp\/v2\/posts\/2148\/revisions\/2150"}],"wp:featuredmedia":[{"embeddable":true,"href":"https:\/\/cepas.ufc.br\/en\/wp-json\/wp\/v2\/media\/2149"}],"wp:attachment":[{"href":"https:\/\/cepas.ufc.br\/en\/wp-json\/wp\/v2\/media?parent=2148"}],"wp:term":[{"taxonomy":"category","embeddable":true,"href":"https:\/\/cepas.ufc.br\/en\/wp-json\/wp\/v2\/categories?post=2148"},{"taxonomy":"post_tag","embeddable":true,"href":"https:\/\/cepas.ufc.br\/en\/wp-json\/wp\/v2\/tags?post=2148"}],"curies":[{"name":"wp","href":"https:\/\/api.w.org\/{rel}","templated":true}]}}