{"id":1668,"global_id":"cepas.ufc.br\/pt_br?id=1668","global_id_lineage":["cepas.ufc.br\/pt_br?id=1668"],"author":"1","status":"publish","date":"2025-04-08 13:17:29","date_utc":"2025-04-08 13:17:29","modified":"2025-05-05 12:54:20","modified_utc":"2025-05-05 12:54:20","url":"https:\/\/cepas.ufc.br\/pt_br\/evento\/lancamento-do-livro-economia-politica-das-aguas-no-ceara-alocacao-conflitos-participacao-colecao-olho-dagua\/","rest_url":"https:\/\/cepas.ufc.br\/pt_br\/wp-json\/tribe\/events\/v1\/events\/1668","title":"Lan\u00e7amento do livro Economia Pol\u00edtica das \u00c1guas no Cear\u00e1 (aloca\u00e7\u00e3o, conflitos, participa\u00e7\u00e3o) &#8211; Cole\u00e7\u00e3o Olho D\u00b4\u00c1gua","description":"<p><img data-recalc-dims=\"1\" fetchpriority=\"high\" decoding=\"async\" class=\"wp-image-1741 aligncenter\" src=\"https:\/\/i0.wp.com\/cepas.ufc.br\/wp-content\/uploads\/2025\/04\/Convidamos-voce-para-o-lancamento-do-livro-Economia-Politica-das-Aguas-no-Ceara-alocacao-conflitos-participacao.%F0%9F%97%93-Data-6-de-maio-de-2025-terca-feira-Horario-17h-Local-Auditorio-da-Reitoria-%E2%80%93-UFCA-pub.jpg?resize=496%2C620&#038;ssl=1\" alt=\"\" width=\"496\" height=\"620\" srcset=\"https:\/\/i0.wp.com\/cepas.ufc.br\/wp-content\/uploads\/2025\/04\/Convidamos-voce-para-o-lancamento-do-livro-Economia-Politica-das-Aguas-no-Ceara-alocacao-conflitos-participacao.%F0%9F%97%93-Data-6-de-maio-de-2025-terca-feira-Horario-17h-Local-Auditorio-da-Reitoria-%E2%80%93-UFCA-pub.jpg?resize=240%2C300&amp;ssl=1 240w, https:\/\/i0.wp.com\/cepas.ufc.br\/wp-content\/uploads\/2025\/04\/Convidamos-voce-para-o-lancamento-do-livro-Economia-Politica-das-Aguas-no-Ceara-alocacao-conflitos-participacao.%F0%9F%97%93-Data-6-de-maio-de-2025-terca-feira-Horario-17h-Local-Auditorio-da-Reitoria-%E2%80%93-UFCA-pub.jpg?resize=819%2C1024&amp;ssl=1 819w, https:\/\/i0.wp.com\/cepas.ufc.br\/wp-content\/uploads\/2025\/04\/Convidamos-voce-para-o-lancamento-do-livro-Economia-Politica-das-Aguas-no-Ceara-alocacao-conflitos-participacao.%F0%9F%97%93-Data-6-de-maio-de-2025-terca-feira-Horario-17h-Local-Auditorio-da-Reitoria-%E2%80%93-UFCA-pub.jpg?resize=768%2C960&amp;ssl=1 768w, https:\/\/i0.wp.com\/cepas.ufc.br\/wp-content\/uploads\/2025\/04\/Convidamos-voce-para-o-lancamento-do-livro-Economia-Politica-das-Aguas-no-Ceara-alocacao-conflitos-participacao.%F0%9F%97%93-Data-6-de-maio-de-2025-terca-feira-Horario-17h-Local-Auditorio-da-Reitoria-%E2%80%93-UFCA-pub.jpg?w=1080&amp;ssl=1 1080w\" sizes=\"(max-width: 496px) 100vw, 496px\" \/><\/p>\n<p>\ud83d\udce2 Convidamos voc\u00ea para o lan\u00e7amento do livro: \u201cEconomia Pol\u00edtica das \u00c1guas no Cear\u00e1 (aloca\u00e7\u00e3o, conflitos, participa\u00e7\u00e3o)\u201d.<\/p>\n<p>\ud83d\uddd3 Data: 6 de maio de 2025 (ter\u00e7a-feira)<br \/>\n\u23f0 Hor\u00e1rio: 17h<br \/>\n\ud83d\udccd Local: Audit\u00f3rio da Reitoria \u2013 UFC<\/p>\n<p>A publica\u00e7\u00e3o \u00e9 resultado de uma experi\u00eancia coletiva de pesquisa interdisciplinar que re\u00fane contribui\u00e7\u00f5es das \u00e1reas de Engenharia, Recursos H\u00eddricos e Ci\u00eancias Sociais, refletindo sobre os desafios da aloca\u00e7\u00e3o de \u00e1guas no Cear\u00e1 e propondo caminhos para uma gest\u00e3o mais democr\u00e1tica e sustent\u00e1vel.<\/p>\n<p>\ud83d\udcda Participa\u00e7\u00e3o dos organizadores:<br \/>\nC\u00e9sar Barreira, Francisco de Assis de Souza Filho, Irlys Alencar Firmo Barreira e Sandra Helena Silva de Aquino.<\/p>\n<p>\ud83d\udcd6 Sua presen\u00e7a ser\u00e1 muito bem-vinda<\/p>","excerpt":"","slug":"lancamento-do-livro-economia-politica-das-aguas-no-ceara-alocacao-conflitos-participacao-colecao-olho-dagua","image":false,"all_day":false,"start_date":"2025-05-06 17:00:00","start_date_details":{"year":"2025","month":"05","day":"06","hour":"17","minutes":"00","seconds":"00"},"end_date":"2025-05-06 18:30:00","end_date_details":{"year":"2025","month":"05","day":"06","hour":"18","minutes":"30","seconds":"00"},"utc_start_date":"2025-05-06 17:00:00","utc_start_date_details":{"year":"2025","month":"05","day":"06","hour":"17","minutes":"00","seconds":"00"},"utc_end_date":"2025-05-06 18:30:00","utc_end_date_details":{"year":"2025","month":"05","day":"06","hour":"18","minutes":"30","seconds":"00"},"timezone":"UTC+0","timezone_abbr":"UTC+0","cost":"","cost_details":{"currency_symbol":"$","currency_code":"USD","currency_position":"prefix","values":[]},"website":"","show_map":true,"show_map_link":true,"hide_from_listings":false,"sticky":false,"featured":false,"categories":[],"tags":[],"venue":{"id":1193,"author":"1","status":"publish","date":"2024-12-12 13:34:44","date_utc":"2024-12-12 13:34:44","modified":"2024-12-12 13:34:44","modified_utc":"2024-12-12 13:34:44","url":"https:\/\/cepas.ufc.br\/pt_br\/local\/avenida-da-universidade-2853-benfica\/","venue":"Avenida da Universidade, 2853, Benfica","slug":"avenida-da-universidade-2853-benfica","address":"Avenida da Universidade, 2853, Benfica","city":"Fortaleza","country":"Brazil","province":"Cear\u00e1","stateprovince":"Cear\u00e1","json_ld":{"@type":"Place","name":"Avenida da Universidade, 2853, Benfica","description":"","url":"","address":{"@type":"PostalAddress","streetAddress":"Avenida da Universidade, 2853, Benfica","addressLocality":"Fortaleza","addressRegion":"Cear\u00e1","addressCountry":"Brazil"},"telephone":"","sameAs":""},"show_map":false,"show_map_link":false,"global_id":"cepas.ufc.br\/pt_br?id=1193","global_id_lineage":["cepas.ufc.br\/pt_br?id=1193"]},"organizer":[],"custom_fields":[],"json_ld":{"@context":"http:\/\/schema.org","@type":"Event","name":"Lan\u00e7amento do livro Economia Pol\u00edtica das \u00c1guas no Cear\u00e1 (aloca\u00e7\u00e3o, conflitos, participa\u00e7\u00e3o) &#8211; Cole\u00e7\u00e3o Olho D\u00b4\u00c1gua","description":"&lt;p&gt;\ud83d\udce2 Convidamos voc\u00ea para o lan\u00e7amento do livro: \u201cEconomia Pol\u00edtica das \u00c1guas no Cear\u00e1 (aloca\u00e7\u00e3o, conflitos, participa\u00e7\u00e3o)\u201d. \ud83d\uddd3 Data: 6 de maio de 2025 (ter\u00e7a-feira) \u23f0 Hor\u00e1rio: 17h \ud83d\udccd Local: Audit\u00f3rio da Reitoria \u2013 UFC A publica\u00e7\u00e3o \u00e9 resultado de uma experi\u00eancia coletiva de pesquisa interdisciplinar que re\u00fane contribui\u00e7\u00f5es das \u00e1reas de Engenharia, Recursos H\u00eddricos e Ci\u00eancias Sociais, refletindo sobre os desafios da aloca\u00e7\u00e3o de \u00e1guas no Cear\u00e1 e propondo caminhos para uma gest\u00e3o mais democr\u00e1tica e sustent\u00e1vel. \ud83d\udcda Participa\u00e7\u00e3o dos organizadores: C\u00e9sar Barreira, Francisco de Assis de Souza Filho, Irlys Alencar Firmo Barreira e Sandra Helena Silva de Aquino. \ud83d\udcd6 Sua presen\u00e7a ser\u00e1 muito bem-vinda&lt;\/p&gt;\\n","url":"https:\/\/cepas.ufc.br\/pt_br\/evento\/lancamento-do-livro-economia-politica-das-aguas-no-ceara-alocacao-conflitos-participacao-colecao-olho-dagua\/","eventAttendanceMode":"https:\/\/schema.org\/OfflineEventAttendanceMode","eventStatus":"https:\/\/schema.org\/EventScheduled","startDate":"2025-05-06T17:00:00+00:00","endDate":"2025-05-06T18:30:00+00:00","location":{"@type":"Place","name":"Avenida da Universidade, 2853, Benfica","description":"","url":"","address":{"@type":"PostalAddress","streetAddress":"Avenida da Universidade, 2853, Benfica","addressLocality":"Fortaleza","addressRegion":"Cear\u00e1","addressCountry":"Brazil"},"telephone":"","sameAs":""},"performer":"Organization"}}