{"id":2065,"global_id":"cepas.ufc.br\/pt_br?id=2065","global_id_lineage":["cepas.ufc.br\/pt_br?id=2065"],"author":"1","status":"publish","date":"2025-11-17 14:11:15","date_utc":"2025-11-17 14:11:15","modified":"2025-11-17 14:14:30","modified_utc":"2025-11-17 14:14:30","url":"https:\/\/cepas.ufc.br\/pt_br\/evento\/reuniao-aberta-ao-publico-estrategia-de-gestao-de-secas-nos-recurssos-hidricos-experiencia-do-ceara\/","rest_url":"https:\/\/cepas.ufc.br\/pt_br\/wp-json\/tribe\/events\/v1\/events\/2065","title":"Reuni\u00e3o Aberta &#8211; Estrat\u00e9gia de Gest\u00e3o de Secas nos Recursos H\u00eddricos: Experi\u00eancia\u00a0do\u00a0Cear\u00e1","description":"<p>Evento confirmado para dia 26\/11, das 10h00 \u00e0s 13h00, Pavilh\u00e3o de Carapina \u2013 Serra\/ES (XXIV Simp\u00f3sio Brasileiro de Recursos H\u00eddricos, Sala\u00a0de\u00a0Reuni\u00f5es\u00a001)<\/p>","excerpt":"","slug":"reuniao-aberta-ao-publico-estrategia-de-gestao-de-secas-nos-recurssos-hidricos-experiencia-do-ceara","image":false,"all_day":false,"start_date":"2025-11-26 10:00:00","start_date_details":{"year":"2025","month":"11","day":"26","hour":"10","minutes":"00","seconds":"00"},"end_date":"2025-11-26 13:00:00","end_date_details":{"year":"2025","month":"11","day":"26","hour":"13","minutes":"00","seconds":"00"},"utc_start_date":"2025-11-26 10:00:00","utc_start_date_details":{"year":"2025","month":"11","day":"26","hour":"10","minutes":"00","seconds":"00"},"utc_end_date":"2025-11-26 13:00:00","utc_end_date_details":{"year":"2025","month":"11","day":"26","hour":"13","minutes":"00","seconds":"00"},"timezone":"UTC+0","timezone_abbr":"UTC+0","cost":"","cost_details":{"currency_symbol":"$","currency_code":"USD","currency_position":"prefix","values":[]},"website":"","show_map":true,"show_map_link":true,"hide_from_listings":false,"sticky":false,"featured":false,"categories":[],"tags":[],"venue":{"id":2061,"author":"1","status":"publish","date":"2025-11-17 14:09:06","date_utc":"2025-11-17 14:09:06","modified":"2025-11-17 14:09:06","modified_utc":"2025-11-17 14:09:06","url":"https:\/\/cepas.ufc.br\/pt_br\/local\/rodovia-do-contorno-br-101-km-0-s-n-carapina-serra-es\/","venue":"Rodovia do Contorno (BR-101), Km 0, S\/N \u2013 Carapina,\u00a0Serra\u00a0\u2013\u00a0ES.","slug":"rodovia-do-contorno-br-101-km-0-s-n-carapina-serra-es","address":"Rodovia do Contorno (BR-101), Km 0, S\/N","city":"Carapina,\u00a0Serra","country":"Brazil","province":"Espirito Santo","stateprovince":"Espirito Santo","json_ld":{"@type":"Place","name":"Rodovia do Contorno (BR-101), Km 0, S\/N \u2013 Carapina,\u00a0Serra\u00a0\u2013\u00a0ES.","description":"","url":"","address":{"@type":"PostalAddress","streetAddress":"Rodovia do Contorno (BR-101), Km 0, S\/N","addressLocality":"Carapina,\u00a0Serra","addressRegion":"Espirito Santo","addressCountry":"Brazil"},"telephone":"","sameAs":""},"show_map":true,"show_map_link":true,"global_id":"cepas.ufc.br\/pt_br?id=2061","global_id_lineage":["cepas.ufc.br\/pt_br?id=2061"]},"organizer":[],"custom_fields":[],"json_ld":{"@context":"http:\/\/schema.org","@type":"Event","name":"Reuni\u00e3o Aberta &#8211; Estrat\u00e9gia de Gest\u00e3o de Secas nos Recursos H\u00eddricos: Experi\u00eancia\u00a0do\u00a0Cear\u00e1","description":"&lt;p&gt;Evento confirmado para dia 26\/11, das 10h00 \u00e0s 13h00, Pavilh\u00e3o de Carapina \u2013 Serra\/ES (XXIV Simp\u00f3sio Brasileiro de Recursos H\u00eddricos, Sala\u00a0de\u00a0Reuni\u00f5es\u00a001)&lt;\/p&gt;\\n","url":"https:\/\/cepas.ufc.br\/pt_br\/evento\/reuniao-aberta-ao-publico-estrategia-de-gestao-de-secas-nos-recurssos-hidricos-experiencia-do-ceara\/","eventAttendanceMode":"https:\/\/schema.org\/OfflineEventAttendanceMode","eventStatus":"https:\/\/schema.org\/EventScheduled","startDate":"2025-11-26T10:00:00+00:00","endDate":"2025-11-26T13:00:00+00:00","location":{"@type":"Place","name":"Rodovia do Contorno (BR-101), Km 0, S\/N \u2013 Carapina,\u00a0Serra\u00a0\u2013\u00a0ES.","description":"","url":"","address":{"@type":"PostalAddress","streetAddress":"Rodovia do Contorno (BR-101), Km 0, S\/N","addressLocality":"Carapina,\u00a0Serra","addressRegion":"Espirito Santo","addressCountry":"Brazil"},"telephone":"","sameAs":""},"performer":"Organization"}}