{"id":1770,"date":"2025-05-14T13:11:43","date_gmt":"2025-05-14T13:11:43","guid":{"rendered":"https:\/\/cepas.ufc.br\/?p=1770"},"modified":"2025-05-14T13:12:57","modified_gmt":"2025-05-14T13:12:57","slug":"acude-santo-anastacio-e-objeto-de-estudos-em-parceria-com-o-governo-municipal-e-a-cagece","status":"publish","type":"post","link":"https:\/\/cepas.ufc.br\/pt_br\/acude-santo-anastacio-e-objeto-de-estudos-em-parceria-com-o-governo-municipal-e-a-cagece\/","title":{"rendered":"A\u00e7ude Santo Anast\u00e1cio \u00e9 objeto de estudos em parceria com o Governo Municipal e a Cagece"},"content":{"rendered":"\n<p class=\"has-text-align-center\"><strong>Ci\u00eancia e governan\u00e7a se aliam em busca de solu\u00e7\u00f5es pr\u00e1ticas e sustent\u00e1veis para o importante manancial<br><\/strong><\/p>\n\n\n\n<figure class=\"wp-block-image aligncenter size-full\"><img data-recalc-dims=\"1\" fetchpriority=\"high\" decoding=\"async\" width=\"800\" height=\"1067\" src=\"https:\/\/i0.wp.com\/cepas.ufc.br\/wp-content\/uploads\/2025\/05\/IMG_9408-1-scaled.jpg?resize=800%2C1067&#038;ssl=1\" alt=\"\" class=\"wp-image-1773\" srcset=\"https:\/\/i0.wp.com\/cepas.ufc.br\/wp-content\/uploads\/2025\/05\/IMG_9408-1-scaled.jpg?w=1920&amp;ssl=1 1920w, https:\/\/i0.wp.com\/cepas.ufc.br\/wp-content\/uploads\/2025\/05\/IMG_9408-1-scaled.jpg?resize=225%2C300&amp;ssl=1 225w, https:\/\/i0.wp.com\/cepas.ufc.br\/wp-content\/uploads\/2025\/05\/IMG_9408-1-scaled.jpg?resize=768%2C1024&amp;ssl=1 768w, https:\/\/i0.wp.com\/cepas.ufc.br\/wp-content\/uploads\/2025\/05\/IMG_9408-1-scaled.jpg?resize=1152%2C1536&amp;ssl=1 1152w, https:\/\/i0.wp.com\/cepas.ufc.br\/wp-content\/uploads\/2025\/05\/IMG_9408-1-scaled.jpg?resize=1536%2C2048&amp;ssl=1 1536w, https:\/\/i0.wp.com\/cepas.ufc.br\/wp-content\/uploads\/2025\/05\/IMG_9408-1-scaled.jpg?resize=9%2C12&amp;ssl=1 9w, https:\/\/i0.wp.com\/cepas.ufc.br\/wp-content\/uploads\/2025\/05\/IMG_9408-1-scaled.jpg?w=1600&amp;ssl=1 1600w\" sizes=\"(max-width: 800px) 100vw, 800px\" \/><\/figure>\n\n\n\n<p class=\"\">No m\u00eas de abril, representantes do Centro Estrat\u00e9gico de Excel\u00eancia em Pol\u00edticas de \u00c1guas e Secas (CEPAS\/UFC), da Secretaria de Meio Ambiente (SMA\/UFC), da Secretaria Municipal da Conserva\u00e7\u00e3o e Servi\u00e7os P\u00fablicos (SCSP \u2013 Prefeitura de Fortaleza) e da Companhia de \u00c1gua e Esgoto do Estado do Cear\u00e1 (Cagece) se reuniram para discutir a gest\u00e3o integrada das \u00e1guas do A\u00e7ude Santo Anast\u00e1cio (ASA). Esse encontro tem por objetivo a <strong>constru\u00e7\u00e3o de solu\u00e7\u00f5es sustent\u00e1veis<\/strong> para o uso e a preserva\u00e7\u00e3o do manancial em quest\u00e3o. A articula\u00e7\u00e3o entre Universidade, Governo Municipal e Cagece foi marcada por <strong>di\u00e1logo sobre t\u00e9cnica, planejamento e constru\u00e7\u00e3o colaborativa<\/strong> de solu\u00e7\u00f5es.<\/p>\n\n\n\n<p class=\"\">A bacia do A\u00e7ude Santo Anast\u00e1cio tem sido submetida a efeitos das a\u00e7\u00f5es humanas. Ocupa\u00e7\u00e3o desordenada, uso inadequado do solo, lan\u00e7amento de res\u00edduos s\u00f3lidos e efluentes sem qualquer tratamento pr\u00e9vio s\u00e3o alguns dos impactos sofridos pelo manancial. <strong>O grupo de trabalho (GT) se reuniu pela segunda vez<\/strong>, visando melhorar a gest\u00e3o das \u00e1guas urbanas e o saneamento da bacia.&nbsp;<\/p>\n\n\n\n<p class=\"\">Localizado pr\u00f3ximo \u00e0 entrada da avenida Humberto Monte, o ASA \u00e9 o cart\u00e3o-postal do Campus do Pici (UFC). Ele \u00e9 alimentado por um canal de drenagem de 2,5 km de extens\u00e3o, cuja \u00e1rea de capta\u00e7\u00e3o totaliza cerca de 4 km\u00b2 e tem origem na Lagoa da Parangaba, que apresenta altos n\u00edveis de polui\u00e7\u00e3o. A superf\u00edcie da lagoa est\u00e1, em grande parte, coberta por macr\u00f3fitas (aguap\u00e9s), indicativo de seu estado de degrada\u00e7\u00e3o ambiental.<\/p>\n\n\n\n<h2 class=\"wp-block-heading\"><strong>Parceria entre ci\u00eancia e governan\u00e7a<\/strong><\/h2>\n\n\n\n<p class=\"\">Alinhando parceria entre o CEPAS\/UFC e a Secretaria de Meio Ambiente da Universidade Federal do Cear\u00e1 (SMA\/UFC), originou-se o Grupo de Trabalho do A\u00e7ude Santo Anast\u00e1cio (GT-ASA). A iniciativa busca fortalecer a coopera\u00e7\u00e3o entre a UFC, a Prefeitura de Fortaleza e a CAGECE. Tamb\u00e9m tem por objetivo <strong>ampliar a efic\u00e1cia das a\u00e7\u00f5es voltadas \u00e0 melhoria da qualidade ambiental e do saneamento b\u00e1sico<\/strong> na \u00e1rea do reservat\u00f3rio.<\/p>\n\n\n\n<p class=\"\">Com a participa\u00e7\u00e3o ativa dessas institui\u00e7\u00f5es, o GT-ASA aposta na articula\u00e7\u00e3o conjunta como caminho para tornar mais eficientes as medidas propostas. Segundo a pesquisadora Sam\u00edria Oliveira, professora do Departamento de Engenharia Hidr\u00e1ulica e Ambiental da UFC, o planejamento integrado permite alinhar estrat\u00e9gias, evitar sobreposi\u00e7\u00f5es de esfor\u00e7os e potencializar os resultados. Ela acrescenta que, desse modo, a equipe contribui de forma concreta para a solu\u00e7\u00e3o dos principais desafios ambientais da regi\u00e3o.<\/p>\n\n\n\n<p class=\"\">Nos dois encontros, foram discutidas a <strong>import\u00e2ncia da iniciativa<\/strong> e quest\u00f5es relacionadas ao saneamento b\u00e1sico a montante do A\u00e7ude Santo Anast\u00e1cio \u2014 com destaque para os desafios envolvendo o <strong>esgotamento sanit\u00e1rio e a limpeza urbana<\/strong>. Tamb\u00e9m foram debatidas a\u00e7\u00f5es em curso e outras em fase de planejamento. Segundo a professora do Departamento de Engenharia Hidr\u00e1ulica e Ambiental da UFC, essas etapas possuem potencial impacto na gest\u00e3o das \u00e1guas do reservat\u00f3rio.<\/p>\n\n\n\n<figure class=\"wp-block-image aligncenter size-large is-resized\"><img data-recalc-dims=\"1\" decoding=\"async\" width=\"768\" height=\"1024\" src=\"https:\/\/i0.wp.com\/cepas.ufc.br\/wp-content\/uploads\/2025\/05\/IMG_9396.jpg?resize=768%2C1024&#038;ssl=1\" alt=\"\" class=\"wp-image-1772\" style=\"width:800px;height:auto\" srcset=\"https:\/\/i0.wp.com\/cepas.ufc.br\/wp-content\/uploads\/2025\/05\/IMG_9396-scaled.jpg?resize=768%2C1024&amp;ssl=1 768w, https:\/\/i0.wp.com\/cepas.ufc.br\/wp-content\/uploads\/2025\/05\/IMG_9396-scaled.jpg?resize=225%2C300&amp;ssl=1 225w, https:\/\/i0.wp.com\/cepas.ufc.br\/wp-content\/uploads\/2025\/05\/IMG_9396-scaled.jpg?resize=1152%2C1536&amp;ssl=1 1152w, https:\/\/i0.wp.com\/cepas.ufc.br\/wp-content\/uploads\/2025\/05\/IMG_9396-scaled.jpg?resize=1536%2C2048&amp;ssl=1 1536w, https:\/\/i0.wp.com\/cepas.ufc.br\/wp-content\/uploads\/2025\/05\/IMG_9396-scaled.jpg?resize=9%2C12&amp;ssl=1 9w, https:\/\/i0.wp.com\/cepas.ufc.br\/wp-content\/uploads\/2025\/05\/IMG_9396-scaled.jpg?w=1920&amp;ssl=1 1920w, https:\/\/i0.wp.com\/cepas.ufc.br\/wp-content\/uploads\/2025\/05\/IMG_9396-scaled.jpg?w=1600&amp;ssl=1 1600w\" sizes=\"(max-width: 768px) 100vw, 768px\" \/><\/figure>\n\n\n\n<h2 class=\"wp-block-heading\"><strong>Condi\u00e7\u00f5es do A\u00e7ude Santo Anast\u00e1cio<\/strong><\/h2>\n\n\n\n<p class=\"\">Embora uma parte da popula\u00e7\u00e3o a montante do A\u00e7ude Santo Anast\u00e1cio (ASA) possua rede de esgoto, outra grande parcela das resid\u00eancias n\u00e3o est\u00e1 conectada ao sistema. Isso colabora para o despejo de esgoto em fossas s\u00e9pticas ou diretamente a c\u00e9u aberto. Esse tipo de unidade \u00e9 considerado tratamento prim\u00e1rio de esgoto dom\u00e9stico, trabalhando com a reten\u00e7\u00e3o dos res\u00edduos s\u00f3lidos e a filtra\u00e7\u00e3o da parte l\u00edquida.<\/p>\n\n\n\n<p class=\"\">As \u00e1guas do A\u00e7ude Santo Anast\u00e1cio j\u00e1 vinham tomadas de \u00e1guap\u00e9s nos \u00faltimos meses. Em outubro do ano passado, uma a\u00e7\u00e3o de limpeza foi promovida pela parceria entre a Secretaria de Meio Ambiente da Universidade Federal do Cear\u00e1 (SMA-UFC) e a Prefeitura Municipal de Fortaleza. Na \u00e9poca, foi coletado um montante correspondente a 50 caminh\u00f5es-ca\u00e7amba de macr\u00f3fitas aqu\u00e1ticas e outros res\u00edduos da \u00e1rea. Esse tipo de planta sobrevive a condi\u00e7\u00f5es extremas e se reproduz mais intensamente em ambientes eutrofizados, sinalizando o estado atual do local.<\/p>\n\n\n\n<figure class=\"wp-block-image aligncenter size-large is-resized\"><img decoding=\"async\" src=\"https:\/\/www.ufc.br\/images\/_images\/noticias\/2024\/ft_241106_limpezaacude_gr.png \" alt=\"\" style=\"width:800px;height:auto\"\/><\/figure>\n\n\n\n<p class=\"has-text-align-center\"><em>foto: <strong>Guilherme Silva\/UFC Informa<\/strong><\/em><\/p>\n\n\n\n<p class=\"\"><\/p>\n","protected":false},"excerpt":{"rendered":"<p>Ci\u00eancia e governan\u00e7a se aliam em busca de solu\u00e7\u00f5es pr\u00e1ticas e sustent\u00e1veis para o importante manancial No m\u00eas de abril, representantes do Centro Estrat\u00e9gico de Excel\u00eancia em Pol\u00edticas de \u00c1guas e Secas (CEPAS\/UFC), da Secretaria de Meio Ambiente (SMA\/UFC), da Secretaria Municipal da Conserva\u00e7\u00e3o e Servi\u00e7os P\u00fablicos (SCSP \u2013 Prefeitura de Fortaleza) e da Companhia de \u00c1gua e Esgoto do Estado do Cear\u00e1 (Cagece) se reuniram para discutir a gest\u00e3o integrada das \u00e1guas do A\u00e7ude Santo Anast\u00e1cio (ASA). Esse encontro tem por objetivo a constru\u00e7\u00e3o de solu\u00e7\u00f5es sustent\u00e1veis para o uso e a preserva\u00e7\u00e3o do manancial em quest\u00e3o. A articula\u00e7\u00e3o entre Universidade, Governo Municipal e Cagece foi marcada por di\u00e1logo sobre t\u00e9cnica, planejamento e constru\u00e7\u00e3o colaborativa de solu\u00e7\u00f5es. A bacia do A\u00e7ude Santo Anast\u00e1cio tem sido submetida a efeitos das a\u00e7\u00f5es humanas. Ocupa\u00e7\u00e3o desordenada, uso inadequado do solo, lan\u00e7amento de res\u00edduos s\u00f3lidos e efluentes sem qualquer tratamento pr\u00e9vio s\u00e3o alguns dos impactos sofridos pelo manancial. O grupo de trabalho (GT) se reuniu pela segunda vez, visando melhorar a gest\u00e3o das \u00e1guas urbanas e o saneamento da bacia.&nbsp; Localizado pr\u00f3ximo \u00e0 entrada da avenida Humberto Monte, o ASA \u00e9 o cart\u00e3o-postal do Campus do Pici (UFC). Ele \u00e9 alimentado por um canal de drenagem de 2,5 km de extens\u00e3o, cuja \u00e1rea de capta\u00e7\u00e3o totaliza cerca de 4 km\u00b2 e tem origem na Lagoa da Parangaba, que apresenta altos n\u00edveis de polui\u00e7\u00e3o. A superf\u00edcie da lagoa est\u00e1, em grande parte, coberta por macr\u00f3fitas (aguap\u00e9s), indicativo de seu estado de degrada\u00e7\u00e3o ambiental. Parceria entre ci\u00eancia e governan\u00e7a Alinhando parceria entre o CEPAS\/UFC e a Secretaria de Meio Ambiente da Universidade Federal do Cear\u00e1 (SMA\/UFC), originou-se o Grupo de Trabalho do A\u00e7ude Santo Anast\u00e1cio (GT-ASA). A iniciativa busca fortalecer a coopera\u00e7\u00e3o entre a UFC, a Prefeitura de Fortaleza e a CAGECE. Tamb\u00e9m tem por objetivo ampliar a efic\u00e1cia das a\u00e7\u00f5es voltadas \u00e0 melhoria da qualidade ambiental e do saneamento b\u00e1sico na \u00e1rea do reservat\u00f3rio. Com a participa\u00e7\u00e3o ativa dessas institui\u00e7\u00f5es, o GT-ASA aposta na articula\u00e7\u00e3o conjunta como caminho para tornar mais eficientes as medidas propostas. Segundo a pesquisadora Sam\u00edria Oliveira, professora do Departamento de Engenharia Hidr\u00e1ulica e Ambiental da UFC, o planejamento integrado permite alinhar estrat\u00e9gias, evitar sobreposi\u00e7\u00f5es de esfor\u00e7os e potencializar os resultados. Ela acrescenta que, desse modo, a equipe contribui de forma concreta para a solu\u00e7\u00e3o dos principais desafios ambientais da regi\u00e3o. Nos dois encontros, foram discutidas a import\u00e2ncia da iniciativa e quest\u00f5es relacionadas ao saneamento b\u00e1sico a montante do A\u00e7ude Santo Anast\u00e1cio \u2014 com destaque para os desafios envolvendo o esgotamento sanit\u00e1rio e a limpeza urbana. Tamb\u00e9m foram debatidas a\u00e7\u00f5es em curso e outras em fase de planejamento. Segundo a professora do Departamento de Engenharia Hidr\u00e1ulica e Ambiental da UFC, essas etapas possuem potencial impacto na gest\u00e3o das \u00e1guas do reservat\u00f3rio. Condi\u00e7\u00f5es do A\u00e7ude Santo Anast\u00e1cio Embora uma parte da popula\u00e7\u00e3o a montante do A\u00e7ude Santo Anast\u00e1cio (ASA) possua rede de esgoto, outra grande parcela das resid\u00eancias n\u00e3o est\u00e1 conectada ao sistema. Isso colabora para o despejo de esgoto em fossas s\u00e9pticas ou diretamente a c\u00e9u aberto. Esse tipo de unidade \u00e9 considerado tratamento prim\u00e1rio de esgoto dom\u00e9stico, trabalhando com a reten\u00e7\u00e3o dos res\u00edduos s\u00f3lidos e a filtra\u00e7\u00e3o da parte l\u00edquida. As \u00e1guas do A\u00e7ude Santo Anast\u00e1cio j\u00e1 vinham tomadas de \u00e1guap\u00e9s nos \u00faltimos meses. Em outubro do ano passado, uma a\u00e7\u00e3o de limpeza foi promovida pela parceria entre a Secretaria de Meio Ambiente da Universidade Federal do Cear\u00e1 (SMA-UFC) e a Prefeitura Municipal de Fortaleza. Na \u00e9poca, foi coletado um montante correspondente a 50 caminh\u00f5es-ca\u00e7amba de macr\u00f3fitas aqu\u00e1ticas e outros res\u00edduos da \u00e1rea. Esse tipo de planta sobrevive a condi\u00e7\u00f5es extremas e se reproduz mais intensamente em ambientes eutrofizados, sinalizando o estado atual do local. foto: Guilherme Silva\/UFC Informa<\/p>\n","protected":false},"author":1,"featured_media":1774,"comment_status":"open","ping_status":"open","sticky":false,"template":"","format":"standard","meta":{"nf_dc_page":"","_jetpack_memberships_contains_paid_content":false,"footnotes":""},"categories":[32,10],"tags":[],"class_list":["post-1770","post","type-post","status-publish","format-standard","has-post-thumbnail","hentry","category-cientista-chefe-recursos-hidricos","category-noticias"],"jetpack_featured_media_url":"https:\/\/i0.wp.com\/cepas.ufc.br\/wp-content\/uploads\/2025\/05\/ft_241106_limpezaacude_gr-1.png?fit=800%2C486&ssl=1","jetpack_sharing_enabled":true,"_links":{"self":[{"href":"https:\/\/cepas.ufc.br\/pt_br\/wp-json\/wp\/v2\/posts\/1770","targetHints":{"allow":["GET"]}}],"collection":[{"href":"https:\/\/cepas.ufc.br\/pt_br\/wp-json\/wp\/v2\/posts"}],"about":[{"href":"https:\/\/cepas.ufc.br\/pt_br\/wp-json\/wp\/v2\/types\/post"}],"author":[{"embeddable":true,"href":"https:\/\/cepas.ufc.br\/pt_br\/wp-json\/wp\/v2\/users\/1"}],"replies":[{"embeddable":true,"href":"https:\/\/cepas.ufc.br\/pt_br\/wp-json\/wp\/v2\/comments?post=1770"}],"version-history":[{"count":3,"href":"https:\/\/cepas.ufc.br\/pt_br\/wp-json\/wp\/v2\/posts\/1770\/revisions"}],"predecessor-version":[{"id":1778,"href":"https:\/\/cepas.ufc.br\/pt_br\/wp-json\/wp\/v2\/posts\/1770\/revisions\/1778"}],"wp:featuredmedia":[{"embeddable":true,"href":"https:\/\/cepas.ufc.br\/pt_br\/wp-json\/wp\/v2\/media\/1774"}],"wp:attachment":[{"href":"https:\/\/cepas.ufc.br\/pt_br\/wp-json\/wp\/v2\/media?parent=1770"}],"wp:term":[{"taxonomy":"category","embeddable":true,"href":"https:\/\/cepas.ufc.br\/pt_br\/wp-json\/wp\/v2\/categories?post=1770"},{"taxonomy":"post_tag","embeddable":true,"href":"https:\/\/cepas.ufc.br\/pt_br\/wp-json\/wp\/v2\/tags?post=1770"}],"curies":[{"name":"wp","href":"https:\/\/api.w.org\/{rel}","templated":true}]}}