{"id":1816,"date":"2025-05-22T17:57:00","date_gmt":"2025-05-22T17:57:00","guid":{"rendered":"https:\/\/cepas.ufc.br\/?p=1816"},"modified":"2025-05-28T13:12:20","modified_gmt":"2025-05-28T13:12:20","slug":"aguas-urbanas-professores-e-cientistas-discutem-estrategias-de-gerenciamento-de-reservatorios-urbanos","status":"publish","type":"post","link":"https:\/\/cepas.ufc.br\/pt_br\/aguas-urbanas-professores-e-cientistas-discutem-estrategias-de-gerenciamento-de-reservatorios-urbanos\/","title":{"rendered":"\u00c1guas urbanas: professores e cientistas discutem estrat\u00e9gias de gerenciamento de reservat\u00f3rios urbanos"},"content":{"rendered":"\n<p class=\"has-text-align-center\">Experi\u00eancias em diferentes regi\u00f5es do Brasil agregam ao debate em busca de solu\u00e7\u00f5es vi\u00e1veis<\/p>\n\n\n\n<figure class=\"wp-block-image aligncenter size-large\"><img data-recalc-dims=\"1\" fetchpriority=\"high\" decoding=\"async\" width=\"800\" height=\"600\" src=\"https:\/\/i0.wp.com\/cepas.ufc.br\/wp-content\/uploads\/2025\/05\/IMG_0813.jpg?resize=800%2C600&#038;ssl=1\" alt=\"\" class=\"wp-image-1818\" srcset=\"https:\/\/i0.wp.com\/cepas.ufc.br\/wp-content\/uploads\/2025\/05\/IMG_0813-scaled.jpg?resize=1024%2C768&amp;ssl=1 1024w, https:\/\/i0.wp.com\/cepas.ufc.br\/wp-content\/uploads\/2025\/05\/IMG_0813-scaled.jpg?resize=300%2C225&amp;ssl=1 300w, https:\/\/i0.wp.com\/cepas.ufc.br\/wp-content\/uploads\/2025\/05\/IMG_0813-scaled.jpg?resize=768%2C576&amp;ssl=1 768w, https:\/\/i0.wp.com\/cepas.ufc.br\/wp-content\/uploads\/2025\/05\/IMG_0813-scaled.jpg?resize=1536%2C1152&amp;ssl=1 1536w, https:\/\/i0.wp.com\/cepas.ufc.br\/wp-content\/uploads\/2025\/05\/IMG_0813-scaled.jpg?resize=2048%2C1536&amp;ssl=1 2048w, https:\/\/i0.wp.com\/cepas.ufc.br\/wp-content\/uploads\/2025\/05\/IMG_0813-scaled.jpg?resize=16%2C12&amp;ssl=1 16w, https:\/\/i0.wp.com\/cepas.ufc.br\/wp-content\/uploads\/2025\/05\/IMG_0813-scaled.jpg?w=1600&amp;ssl=1 1600w, https:\/\/i0.wp.com\/cepas.ufc.br\/wp-content\/uploads\/2025\/05\/IMG_0813-scaled.jpg?w=2400&amp;ssl=1 2400w\" sizes=\"(max-width: 800px) 100vw, 800px\" \/><\/figure>\n\n\n\n<p class=\"\">Na \u00faltima quarta-feira (21\/05), aconteceu a <strong>\u201cMesa Redonda: \u00c1guas Urbanas\u201d<\/strong> no audit\u00f3rio da P\u00f3s-Gradua\u00e7\u00e3o em Engenharia Civil da Universidade Federal do Cear\u00e1 (POSDEHA-UFC). <strong>O objetivo do encontro foi discutir estrat\u00e9gias de planejamento e solu\u00e7\u00f5es pr\u00e1ticas, para a gest\u00e3o integrada e colaborativa de reservat\u00f3rios h\u00eddricos urbanos<\/strong>. Foram abordadas quest\u00f5es de normatiza\u00e7\u00e3o e problem\u00e1ticas socioculturais inerentes \u00e0 tem\u00e1tica.<\/p>\n\n\n\n<p class=\"\">O evento foi presidido pela Profa. Dra. Ticiana Studart, docente do Departamento de Engenharia Hidr\u00e1ulica e Ambiental da UFC. A participa\u00e7\u00e3o do Prof. Dr. Nilo de Oliveira Nascimento (Universidade Federal de Minas Gerais) evidenciou-se pela palestra sobre a Norma de Refer\u00eancia de Drenagem e Manejo de \u00c1guas Pluviais Urbanas (ANA \u2013 NR 12\/2025). Al\u00e9m disso, tamb\u00e9m contribu\u00edram no debate os professores doutores M\u00f4nica Porto (Universidade de S\u00e3o Paulo), Carlos Galv\u00e3o (Universidade Federal de Campina Grande) e Assis Filho (Cientista Chefe de Recursos H\u00eddricos do Cear\u00e1).<\/p>\n\n\n\n<figure class=\"wp-block-image aligncenter size-large\"><img data-recalc-dims=\"1\" decoding=\"async\" width=\"768\" height=\"1024\" src=\"https:\/\/i0.wp.com\/cepas.ufc.br\/wp-content\/uploads\/2025\/05\/IMG_0761.jpg?resize=768%2C1024&#038;ssl=1\" alt=\"\" class=\"wp-image-1819\" srcset=\"https:\/\/i0.wp.com\/cepas.ufc.br\/wp-content\/uploads\/2025\/05\/IMG_0761-scaled.jpg?resize=768%2C1024&amp;ssl=1 768w, https:\/\/i0.wp.com\/cepas.ufc.br\/wp-content\/uploads\/2025\/05\/IMG_0761-scaled.jpg?resize=225%2C300&amp;ssl=1 225w, https:\/\/i0.wp.com\/cepas.ufc.br\/wp-content\/uploads\/2025\/05\/IMG_0761-scaled.jpg?resize=1152%2C1536&amp;ssl=1 1152w, https:\/\/i0.wp.com\/cepas.ufc.br\/wp-content\/uploads\/2025\/05\/IMG_0761-scaled.jpg?resize=1536%2C2048&amp;ssl=1 1536w, https:\/\/i0.wp.com\/cepas.ufc.br\/wp-content\/uploads\/2025\/05\/IMG_0761-scaled.jpg?resize=9%2C12&amp;ssl=1 9w, https:\/\/i0.wp.com\/cepas.ufc.br\/wp-content\/uploads\/2025\/05\/IMG_0761-scaled.jpg?w=1920&amp;ssl=1 1920w, https:\/\/i0.wp.com\/cepas.ufc.br\/wp-content\/uploads\/2025\/05\/IMG_0761-scaled.jpg?w=1600&amp;ssl=1 1600w\" sizes=\"(max-width: 768px) 100vw, 768px\" \/><\/figure>\n\n\n\n<p class=\"\">Encerrando a manh\u00e3 de troca de conhecimentos, os professores Samiria Oliveira (UFC) e Iran Lima (UFC) apresentaram as propostas voltadas \u00e0 gest\u00e3o das \u00e1guas urbanas da Bacia do A\u00e7ude Santo Anast\u00e1cio (ASA). Atualmente, existe um grupo de trabalho espec\u00edfico para estudos de gest\u00e3o da qualidade ambiental do ASA, que tem liga\u00e7\u00e3o com 6 bairros da capital cearense. S\u00e3o eles: Padre Andrade, Presidente Kennedy, Parquel\u00e2ndia, Amadeu Furtado, Bela Vista e Pici.<br><\/p>\n\n\n\n<p class=\"\">Contando com a presen\u00e7a do p\u00fablico interessado, o momento possibilitou<strong> di\u00e1logos e possibilidades de caminhos para uma drenagem urbana mais eficiente, sustent\u00e1vel e integrada<\/strong>.&nbsp;<\/p>\n\n\n\n<figure class=\"wp-block-image aligncenter size-large\"><img data-recalc-dims=\"1\" decoding=\"async\" width=\"768\" height=\"1024\" src=\"https:\/\/i0.wp.com\/cepas.ufc.br\/wp-content\/uploads\/2025\/05\/IMG_0766.jpg?resize=768%2C1024&#038;ssl=1\" alt=\"\" class=\"wp-image-1820\" srcset=\"https:\/\/i0.wp.com\/cepas.ufc.br\/wp-content\/uploads\/2025\/05\/IMG_0766-scaled.jpg?resize=768%2C1024&amp;ssl=1 768w, https:\/\/i0.wp.com\/cepas.ufc.br\/wp-content\/uploads\/2025\/05\/IMG_0766-scaled.jpg?resize=225%2C300&amp;ssl=1 225w, https:\/\/i0.wp.com\/cepas.ufc.br\/wp-content\/uploads\/2025\/05\/IMG_0766-scaled.jpg?resize=1152%2C1536&amp;ssl=1 1152w, https:\/\/i0.wp.com\/cepas.ufc.br\/wp-content\/uploads\/2025\/05\/IMG_0766-scaled.jpg?resize=1536%2C2048&amp;ssl=1 1536w, https:\/\/i0.wp.com\/cepas.ufc.br\/wp-content\/uploads\/2025\/05\/IMG_0766-scaled.jpg?resize=9%2C12&amp;ssl=1 9w, https:\/\/i0.wp.com\/cepas.ufc.br\/wp-content\/uploads\/2025\/05\/IMG_0766-scaled.jpg?w=1920&amp;ssl=1 1920w, https:\/\/i0.wp.com\/cepas.ufc.br\/wp-content\/uploads\/2025\/05\/IMG_0766-scaled.jpg?w=1600&amp;ssl=1 1600w\" sizes=\"(max-width: 768px) 100vw, 768px\" \/><\/figure>\n\n\n\n<p class=\"has-text-align-center\"><\/p>\n\n\n\n<p class=\"\"><\/p>\n","protected":false},"excerpt":{"rendered":"<p>Experi\u00eancias em diferentes regi\u00f5es do Brasil agregam ao debate em busca de solu\u00e7\u00f5es vi\u00e1veis Na \u00faltima quarta-feira (21\/05), aconteceu a \u201cMesa Redonda: \u00c1guas Urbanas\u201d no audit\u00f3rio da P\u00f3s-Gradua\u00e7\u00e3o em Engenharia Civil da Universidade Federal do Cear\u00e1 (POSDEHA-UFC). O objetivo do encontro foi discutir estrat\u00e9gias de planejamento e solu\u00e7\u00f5es pr\u00e1ticas, para a gest\u00e3o integrada e colaborativa de reservat\u00f3rios h\u00eddricos urbanos. Foram abordadas quest\u00f5es de normatiza\u00e7\u00e3o e problem\u00e1ticas socioculturais inerentes \u00e0 tem\u00e1tica. O evento foi presidido pela Profa. Dra. Ticiana Studart, docente do Departamento de Engenharia Hidr\u00e1ulica e Ambiental da UFC. A participa\u00e7\u00e3o do Prof. Dr. Nilo de Oliveira Nascimento (Universidade Federal de Minas Gerais) evidenciou-se pela palestra sobre a Norma de Refer\u00eancia de Drenagem e Manejo de \u00c1guas Pluviais Urbanas (ANA \u2013 NR 12\/2025). Al\u00e9m disso, tamb\u00e9m contribu\u00edram no debate os professores doutores M\u00f4nica Porto (Universidade de S\u00e3o Paulo), Carlos Galv\u00e3o (Universidade Federal de Campina Grande) e Assis Filho (Cientista Chefe de Recursos H\u00eddricos do Cear\u00e1). Encerrando a manh\u00e3 de troca de conhecimentos, os professores Samiria Oliveira (UFC) e Iran Lima (UFC) apresentaram as propostas voltadas \u00e0 gest\u00e3o das \u00e1guas urbanas da Bacia do A\u00e7ude Santo Anast\u00e1cio (ASA). Atualmente, existe um grupo de trabalho espec\u00edfico para estudos de gest\u00e3o da qualidade ambiental do ASA, que tem liga\u00e7\u00e3o com 6 bairros da capital cearense. S\u00e3o eles: Padre Andrade, Presidente Kennedy, Parquel\u00e2ndia, Amadeu Furtado, Bela Vista e Pici. Contando com a presen\u00e7a do p\u00fablico interessado, o momento possibilitou di\u00e1logos e possibilidades de caminhos para uma drenagem urbana mais eficiente, sustent\u00e1vel e integrada.&nbsp;<\/p>\n","protected":false},"author":1,"featured_media":1818,"comment_status":"open","ping_status":"open","sticky":false,"template":"","format":"standard","meta":{"nf_dc_page":"","_jetpack_memberships_contains_paid_content":false,"footnotes":""},"categories":[32,10],"tags":[],"class_list":["post-1816","post","type-post","status-publish","format-standard","has-post-thumbnail","hentry","category-cientista-chefe-recursos-hidricos","category-noticias"],"jetpack_featured_media_url":"https:\/\/i0.wp.com\/cepas.ufc.br\/wp-content\/uploads\/2025\/05\/IMG_0813-scaled.jpg?fit=2560%2C1920&ssl=1","jetpack_sharing_enabled":true,"_links":{"self":[{"href":"https:\/\/cepas.ufc.br\/pt_br\/wp-json\/wp\/v2\/posts\/1816","targetHints":{"allow":["GET"]}}],"collection":[{"href":"https:\/\/cepas.ufc.br\/pt_br\/wp-json\/wp\/v2\/posts"}],"about":[{"href":"https:\/\/cepas.ufc.br\/pt_br\/wp-json\/wp\/v2\/types\/post"}],"author":[{"embeddable":true,"href":"https:\/\/cepas.ufc.br\/pt_br\/wp-json\/wp\/v2\/users\/1"}],"replies":[{"embeddable":true,"href":"https:\/\/cepas.ufc.br\/pt_br\/wp-json\/wp\/v2\/comments?post=1816"}],"version-history":[{"count":2,"href":"https:\/\/cepas.ufc.br\/pt_br\/wp-json\/wp\/v2\/posts\/1816\/revisions"}],"predecessor-version":[{"id":1821,"href":"https:\/\/cepas.ufc.br\/pt_br\/wp-json\/wp\/v2\/posts\/1816\/revisions\/1821"}],"wp:featuredmedia":[{"embeddable":true,"href":"https:\/\/cepas.ufc.br\/pt_br\/wp-json\/wp\/v2\/media\/1818"}],"wp:attachment":[{"href":"https:\/\/cepas.ufc.br\/pt_br\/wp-json\/wp\/v2\/media?parent=1816"}],"wp:term":[{"taxonomy":"category","embeddable":true,"href":"https:\/\/cepas.ufc.br\/pt_br\/wp-json\/wp\/v2\/categories?post=1816"},{"taxonomy":"post_tag","embeddable":true,"href":"https:\/\/cepas.ufc.br\/pt_br\/wp-json\/wp\/v2\/tags?post=1816"}],"curies":[{"name":"wp","href":"https:\/\/api.w.org\/{rel}","templated":true}]}}