{"id":1863,"date":"2025-07-02T17:49:09","date_gmt":"2025-07-02T17:49:09","guid":{"rendered":"https:\/\/cepas.ufc.br\/?p=1863"},"modified":"2025-07-03T14:34:10","modified_gmt":"2025-07-03T14:34:10","slug":"gestao-colaborativa-ufc-e-prefeitura-de-fortaleza-formalizam-uniao-institucional-a-favor-da-sustentabilidade-urbana","status":"publish","type":"post","link":"https:\/\/cepas.ufc.br\/pt_br\/gestao-colaborativa-ufc-e-prefeitura-de-fortaleza-formalizam-uniao-institucional-a-favor-da-sustentabilidade-urbana\/","title":{"rendered":"Gest\u00e3o colaborativa: UFC e Prefeitura de Fortaleza formalizam uni\u00e3o institucional a favor da sustentabilidade urbana"},"content":{"rendered":"\n<p class=\"has-text-align-center\">Ap\u00f3s semanas de reuni\u00f5es, cerim\u00f4nia de concretude \u00e9 realizada no Campus do Pici<\/p>\n\n\n\n<figure class=\"wp-block-image aligncenter size-large\"><img data-recalc-dims=\"1\" fetchpriority=\"high\" decoding=\"async\" width=\"800\" height=\"534\" src=\"https:\/\/i0.wp.com\/cepas.ufc.br\/wp-content\/uploads\/2025\/07\/image2.jpg?resize=800%2C534&#038;ssl=1\" alt=\"\" class=\"wp-image-1865\" srcset=\"https:\/\/i0.wp.com\/cepas.ufc.br\/wp-content\/uploads\/2025\/07\/image2.jpg?resize=1024%2C683&amp;ssl=1 1024w, https:\/\/i0.wp.com\/cepas.ufc.br\/wp-content\/uploads\/2025\/07\/image2.jpg?resize=300%2C200&amp;ssl=1 300w, https:\/\/i0.wp.com\/cepas.ufc.br\/wp-content\/uploads\/2025\/07\/image2.jpg?resize=768%2C512&amp;ssl=1 768w, https:\/\/i0.wp.com\/cepas.ufc.br\/wp-content\/uploads\/2025\/07\/image2.jpg?resize=1536%2C1024&amp;ssl=1 1536w, https:\/\/i0.wp.com\/cepas.ufc.br\/wp-content\/uploads\/2025\/07\/image2.jpg?resize=18%2C12&amp;ssl=1 18w, https:\/\/i0.wp.com\/cepas.ufc.br\/wp-content\/uploads\/2025\/07\/image2.jpg?w=1999&amp;ssl=1 1999w, https:\/\/i0.wp.com\/cepas.ufc.br\/wp-content\/uploads\/2025\/07\/image2.jpg?w=1600&amp;ssl=1 1600w\" sizes=\"(max-width: 800px) 100vw, 800px\" \/><\/figure>\n\n\n\n<p class=\"has-text-align-center\"><em><strong>Foto: Ribamar Neto<\/strong><\/em><\/p>\n\n\n\n<p class=\"\">A<strong> Universidade Federal do Cear\u00e1 <\/strong>(<a href=\"https:\/\/www.instagram.com\/ufcinforma\/\">@ufcinforma<\/a>)<strong> firmou acordo de coopera\u00e7\u00e3o t\u00e9cnica na \u00e1rea ambiental com a Prefeitura de Fortaleza<\/strong>. A parceria, fechada nesta ter\u00e7a-feira (01.07), visa o desenvolvimento de estudos e solu\u00e7\u00f5es pr\u00e1ticas para as demandas ambientais da cidade, com o objetivo de preservar os espa\u00e7os naturais. O evento foi realizado no Campus do Pici, contando com a participa\u00e7\u00e3o do reitor Cust\u00f3dio Almeida (<a href=\"https:\/\/www.instagram.com\/reel\/DLkgH_vsZ_D\/?igsh=MTl4NmEyYmF5cGc2aA%3D%3D\">@custodioalmeidaufc<\/a>) e do prefeito Evandro Leit\u00e3o (<a href=\"https:\/\/www.instagram.com\/reel\/DLk6V9XxprV\/?igsh=bjJhN2RsOGZ2djhu\">@evandroleitao<\/a>), al\u00e9m de pesquisadores e servidores da UFC e da prefeitura que atuam no campo da sustentabilidade.<\/p>\n\n\n\n<p class=\"\">Ap\u00f3s a solenidade, Cust\u00f3dio Almeida publicou sobre a uni\u00e3o colaborativa em seu perfil no Instagram. <em>\u201cEssa n\u00e3o \u00e9 somente uma preocupa\u00e7\u00e3o do presente, mas um compromisso em prol de tempos que ainda vir\u00e3o\u201d<\/em>, declara. O prefeito de Fortaleza tamb\u00e9m compartilhou sobre o momento em seu perfil, afirmando que a parceria busca construir <em>\u201cuma Fortaleza mais sustent\u00e1vel, com mais qualidade de vida para nossa popula\u00e7\u00e3o.\u201d<\/em><\/p>\n\n\n\n<p class=\"\">Al\u00e9m da cerim\u00f4nia de formaliza\u00e7\u00e3o do acordo institucional, os presentes ainda visitaram o a<a href=\"https:\/\/cepas.ufc.br\/pt_br\/acude-santo-anastacio-e-objeto-de-estudos-em-parceria-com-o-governo-municipal-e-a-cagece\/\">\u00e7ude Santo Anast\u00e1cio<\/a> (cart\u00e3o-postal do Campus do Pici), a trilha da Matinha do Pici, a Lagoa do Porangabu\u00e7u e as proximidades do canal da Bela Vista. O percurso serviu para verificar a situa\u00e7\u00e3o das \u00e1reas verdes abordadas na pauta e acrescentar imers\u00e3o ao di\u00e1logo sobre saneamento, recursos h\u00eddricos e outras quest\u00f5es ambientais.<\/p>\n\n\n\n<figure class=\"wp-block-image aligncenter size-large\"><img data-recalc-dims=\"1\" decoding=\"async\" width=\"800\" height=\"534\" src=\"https:\/\/i0.wp.com\/cepas.ufc.br\/wp-content\/uploads\/2025\/07\/image1.jpg?resize=800%2C534&#038;ssl=1\" alt=\"\" class=\"wp-image-1864\" srcset=\"https:\/\/i0.wp.com\/cepas.ufc.br\/wp-content\/uploads\/2025\/07\/image1.jpg?resize=1024%2C683&amp;ssl=1 1024w, https:\/\/i0.wp.com\/cepas.ufc.br\/wp-content\/uploads\/2025\/07\/image1.jpg?resize=300%2C200&amp;ssl=1 300w, https:\/\/i0.wp.com\/cepas.ufc.br\/wp-content\/uploads\/2025\/07\/image1.jpg?resize=768%2C512&amp;ssl=1 768w, https:\/\/i0.wp.com\/cepas.ufc.br\/wp-content\/uploads\/2025\/07\/image1.jpg?resize=1536%2C1024&amp;ssl=1 1536w, https:\/\/i0.wp.com\/cepas.ufc.br\/wp-content\/uploads\/2025\/07\/image1.jpg?resize=18%2C12&amp;ssl=1 18w, https:\/\/i0.wp.com\/cepas.ufc.br\/wp-content\/uploads\/2025\/07\/image1.jpg?w=1999&amp;ssl=1 1999w, https:\/\/i0.wp.com\/cepas.ufc.br\/wp-content\/uploads\/2025\/07\/image1.jpg?w=1600&amp;ssl=1 1600w\" sizes=\"(max-width: 800px) 100vw, 800px\" \/><\/figure>\n\n\n\n<p class=\"has-text-align-center\"><em><strong>Foto: Ribamar Neto<\/strong><\/em><\/p>\n\n\n\n<h2 class=\"wp-block-heading\"><strong><strong>CEPAS na coopera\u00e7\u00e3o t\u00e9cnica<\/strong><\/strong><\/h2>\n\n\n\n<p class=\"\">O Centro de Excel\u00eancia em Pol\u00edticas de \u00c1guas e Secas (CEPAS\/UFC) <strong>teve participa\u00e7\u00e3o efetiva na coopera\u00e7\u00e3o t\u00e9cnica, a partir dos projetos em desenvolvimento pelo n\u00facleo<\/strong>. Na ocasi\u00e3o da assinatura do acordo, os professores Ana B\u00e1rbara, Iran Lima e Renata Luna (ambos do Departamento de Engenharia Hidr\u00e1ulica e Ambiental da UFC) explanaram sobre as a\u00e7\u00f5es necess\u00e1rias para minimizar o processo de polui\u00e7\u00e3o do a\u00e7ude Santo Anast\u00e1cio. Quest\u00f5es como habita\u00e7\u00e3o, esgotamento sanit\u00e1rio e educa\u00e7\u00e3o ambiental foram levantadas como necess\u00e1rias ao longo de toda a bacia e de maneira transdisciplinar.<\/p>\n\n\n\n<p class=\"\">Renata Luna, que \u00e9 doutora em Engenharia Civil e secret\u00e1ria executiva do CEPAS, comenta sobre como a pluralidade de estudos cient\u00edficos pode ser ben\u00e9fica para a gest\u00e3o p\u00fablica. <em>\u201cEnt\u00e3o, podemos mostrar a facilidade de ter profissionais para trabalhar progn\u00f3sticos, cen\u00e1rios e medidas que possam ser transformadoras e que possam ser replicadas em outros reservat\u00f3rios, em outros assuntos da cidade\u201d<\/em>, defende.<\/p>\n\n\n\n<figure class=\"wp-block-image aligncenter size-large\"><img data-recalc-dims=\"1\" decoding=\"async\" width=\"800\" height=\"534\" src=\"https:\/\/i0.wp.com\/cepas.ufc.br\/wp-content\/uploads\/2025\/07\/image3.jpg?resize=800%2C534&#038;ssl=1\" alt=\"\" class=\"wp-image-1866\" srcset=\"https:\/\/i0.wp.com\/cepas.ufc.br\/wp-content\/uploads\/2025\/07\/image3.jpg?resize=1024%2C683&amp;ssl=1 1024w, https:\/\/i0.wp.com\/cepas.ufc.br\/wp-content\/uploads\/2025\/07\/image3.jpg?resize=300%2C200&amp;ssl=1 300w, https:\/\/i0.wp.com\/cepas.ufc.br\/wp-content\/uploads\/2025\/07\/image3.jpg?resize=768%2C512&amp;ssl=1 768w, https:\/\/i0.wp.com\/cepas.ufc.br\/wp-content\/uploads\/2025\/07\/image3.jpg?resize=1536%2C1024&amp;ssl=1 1536w, https:\/\/i0.wp.com\/cepas.ufc.br\/wp-content\/uploads\/2025\/07\/image3.jpg?resize=18%2C12&amp;ssl=1 18w, https:\/\/i0.wp.com\/cepas.ufc.br\/wp-content\/uploads\/2025\/07\/image3.jpg?w=1999&amp;ssl=1 1999w, https:\/\/i0.wp.com\/cepas.ufc.br\/wp-content\/uploads\/2025\/07\/image3.jpg?w=1600&amp;ssl=1 1600w\" sizes=\"(max-width: 800px) 100vw, 800px\" \/><\/figure>\n\n\n\n<p class=\"has-text-align-center\"><em><strong>Foto: Ribamar Neto<\/strong><\/em><\/p>\n\n\n\n<h2 class=\"wp-block-heading\"><strong>Saiba mais<\/strong><\/h2>\n\n\n\n<p class=\"\">A assinatura do acordo de coopera\u00e7\u00e3o t\u00e9cnica na \u00e1rea ambiental entre a Universidade Federal do Cear\u00e1 e a Prefeitura de Fortaleza se concretiza ap\u00f3s <strong>semanas de reuni\u00f5es e alinhamentos<\/strong>.&nbsp;<\/p>\n\n\n\n<p class=\"\">No dia 10 de junho deste ano, representantes do corpo t\u00e9cnico da UFC apresentaram pol\u00edticas p\u00fablicas de sustentabilidade em desenvolvimento ao prefeito Evandro Leit\u00e3o, em <a href=\"https:\/\/docs.google.com\/document\/d\/1g14Ac6JoumBGhqm0ArqcWZ4gnvt8HYdgDDozwu8n-gI\/edit?tab=t.0\">reuni\u00e3o no Pa\u00e7o Municipal<\/a>. Na ocasi\u00e3o, destacou-se a <strong>contribui\u00e7\u00e3o t\u00e9cnica do CEPAS para pol\u00edticas p\u00fablicas de sustentabilidade<\/strong> e propostas como a requalifica\u00e7\u00e3o do A\u00e7ude Santo Anast\u00e1cio.&nbsp;<\/p>\n\n\n\n<p class=\"\">A reuni\u00e3o contou com a presen\u00e7a do professor Assis Filho (<a href=\"https:\/\/www.instagram.com\/assissouzafilho\/\">@assissouzafilho<\/a>), diretor e representante do CEPAS\/UFC, do reitor Cust\u00f3dio Almeida (<a href=\"https:\/\/www.instagram.com\/custodioalmeidaufc\/\">@custodioalmeidaufc<\/a>), da vice-reitora Diana Azevedo (<a href=\"https:\/\/www.instagram.com\/diana.azevedo.ufc\/\">@diana.azevedo.ufc<\/a>) e da secret\u00e1ria de Meio Ambiente da UFC, Aliny Abreu (<a href=\"https:\/\/www.instagram.com\/abreualiny\/\">@abreualiny<\/a>). Representantes do Instituto de Ci\u00eancias do Mar (<a href=\"https:\/\/www.instagram.com\/labomarufc\/\">@labomarufc<\/a>) e da Secretaria do Meio Ambiente da UFC (<a href=\"https:\/\/www.instagram.com\/smaufc\/\">@smaufc<\/a>) tamb\u00e9m se fizeram presentes.<\/p>\n\n\n\n<figure class=\"wp-block-image aligncenter size-full\"><img data-recalc-dims=\"1\" loading=\"lazy\" decoding=\"async\" width=\"799\" height=\"533\" src=\"https:\/\/i0.wp.com\/cepas.ufc.br\/wp-content\/uploads\/2025\/07\/image4.jpg?resize=799%2C533&#038;ssl=1\" alt=\"\" class=\"wp-image-1867\" srcset=\"https:\/\/i0.wp.com\/cepas.ufc.br\/wp-content\/uploads\/2025\/07\/image4.jpg?w=799&amp;ssl=1 799w, https:\/\/i0.wp.com\/cepas.ufc.br\/wp-content\/uploads\/2025\/07\/image4.jpg?resize=300%2C200&amp;ssl=1 300w, https:\/\/i0.wp.com\/cepas.ufc.br\/wp-content\/uploads\/2025\/07\/image4.jpg?resize=768%2C512&amp;ssl=1 768w, https:\/\/i0.wp.com\/cepas.ufc.br\/wp-content\/uploads\/2025\/07\/image4.jpg?resize=18%2C12&amp;ssl=1 18w\" sizes=\"(max-width: 799px) 100vw, 799px\" \/><\/figure>\n\n\n\n<p class=\"has-text-align-center\"><em><strong>Foto: Ribamar Neto<\/strong><\/em><\/p>\n\n\n\n<p class=\"\"><\/p>\n","protected":false},"excerpt":{"rendered":"<p>Ap\u00f3s semanas de reuni\u00f5es, cerim\u00f4nia de concretude \u00e9 realizada no Campus do Pici Foto: Ribamar Neto A Universidade Federal do Cear\u00e1 (@ufcinforma) firmou acordo de coopera\u00e7\u00e3o t\u00e9cnica na \u00e1rea ambiental com a Prefeitura de Fortaleza. A parceria, fechada nesta ter\u00e7a-feira (01.07), visa o desenvolvimento de estudos e solu\u00e7\u00f5es pr\u00e1ticas para as demandas ambientais da cidade, com o objetivo de preservar os espa\u00e7os naturais. O evento foi realizado no Campus do Pici, contando com a participa\u00e7\u00e3o do reitor Cust\u00f3dio Almeida (@custodioalmeidaufc) e do prefeito Evandro Leit\u00e3o (@evandroleitao), al\u00e9m de pesquisadores e servidores da UFC e da prefeitura que atuam no campo da sustentabilidade. Ap\u00f3s a solenidade, Cust\u00f3dio Almeida publicou sobre a uni\u00e3o colaborativa em seu perfil no Instagram. \u201cEssa n\u00e3o \u00e9 somente uma preocupa\u00e7\u00e3o do presente, mas um compromisso em prol de tempos que ainda vir\u00e3o\u201d, declara. O prefeito de Fortaleza tamb\u00e9m compartilhou sobre o momento em seu perfil, afirmando que a parceria busca construir \u201cuma Fortaleza mais sustent\u00e1vel, com mais qualidade de vida para nossa popula\u00e7\u00e3o.\u201d Al\u00e9m da cerim\u00f4nia de formaliza\u00e7\u00e3o do acordo institucional, os presentes ainda visitaram o a\u00e7ude Santo Anast\u00e1cio (cart\u00e3o-postal do Campus do Pici), a trilha da Matinha do Pici, a Lagoa do Porangabu\u00e7u e as proximidades do canal da Bela Vista. O percurso serviu para verificar a situa\u00e7\u00e3o das \u00e1reas verdes abordadas na pauta e acrescentar imers\u00e3o ao di\u00e1logo sobre saneamento, recursos h\u00eddricos e outras quest\u00f5es ambientais. Foto: Ribamar Neto CEPAS na coopera\u00e7\u00e3o t\u00e9cnica O Centro de Excel\u00eancia em Pol\u00edticas de \u00c1guas e Secas (CEPAS\/UFC) teve participa\u00e7\u00e3o efetiva na coopera\u00e7\u00e3o t\u00e9cnica, a partir dos projetos em desenvolvimento pelo n\u00facleo. Na ocasi\u00e3o da assinatura do acordo, os professores Ana B\u00e1rbara, Iran Lima e Renata Luna (ambos do Departamento de Engenharia Hidr\u00e1ulica e Ambiental da UFC) explanaram sobre as a\u00e7\u00f5es necess\u00e1rias para minimizar o processo de polui\u00e7\u00e3o do a\u00e7ude Santo Anast\u00e1cio. Quest\u00f5es como habita\u00e7\u00e3o, esgotamento sanit\u00e1rio e educa\u00e7\u00e3o ambiental foram levantadas como necess\u00e1rias ao longo de toda a bacia e de maneira transdisciplinar. Renata Luna, que \u00e9 doutora em Engenharia Civil e secret\u00e1ria executiva do CEPAS, comenta sobre como a pluralidade de estudos cient\u00edficos pode ser ben\u00e9fica para a gest\u00e3o p\u00fablica. \u201cEnt\u00e3o, podemos mostrar a facilidade de ter profissionais para trabalhar progn\u00f3sticos, cen\u00e1rios e medidas que possam ser transformadoras e que possam ser replicadas em outros reservat\u00f3rios, em outros assuntos da cidade\u201d, defende. Foto: Ribamar Neto Saiba mais A assinatura do acordo de coopera\u00e7\u00e3o t\u00e9cnica na \u00e1rea ambiental entre a Universidade Federal do Cear\u00e1 e a Prefeitura de Fortaleza se concretiza ap\u00f3s semanas de reuni\u00f5es e alinhamentos.&nbsp; No dia 10 de junho deste ano, representantes do corpo t\u00e9cnico da UFC apresentaram pol\u00edticas p\u00fablicas de sustentabilidade em desenvolvimento ao prefeito Evandro Leit\u00e3o, em reuni\u00e3o no Pa\u00e7o Municipal. Na ocasi\u00e3o, destacou-se a contribui\u00e7\u00e3o t\u00e9cnica do CEPAS para pol\u00edticas p\u00fablicas de sustentabilidade e propostas como a requalifica\u00e7\u00e3o do A\u00e7ude Santo Anast\u00e1cio.&nbsp; A reuni\u00e3o contou com a presen\u00e7a do professor Assis Filho (@assissouzafilho), diretor e representante do CEPAS\/UFC, do reitor Cust\u00f3dio Almeida (@custodioalmeidaufc), da vice-reitora Diana Azevedo (@diana.azevedo.ufc) e da secret\u00e1ria de Meio Ambiente da UFC, Aliny Abreu (@abreualiny). Representantes do Instituto de Ci\u00eancias do Mar (@labomarufc) e da Secretaria do Meio Ambiente da UFC (@smaufc) tamb\u00e9m se fizeram presentes. Foto: Ribamar Neto<\/p>\n","protected":false},"author":1,"featured_media":1887,"comment_status":"open","ping_status":"open","sticky":false,"template":"","format":"standard","meta":{"nf_dc_page":"","_jetpack_memberships_contains_paid_content":false,"footnotes":""},"categories":[32,10],"tags":[],"class_list":["post-1863","post","type-post","status-publish","format-standard","has-post-thumbnail","hentry","category-cientista-chefe-recursos-hidricos","category-noticias"],"jetpack_featured_media_url":"https:\/\/i0.wp.com\/cepas.ufc.br\/wp-content\/uploads\/2025\/07\/Untitled.jpg?fit=1600%2C1066&ssl=1","jetpack_sharing_enabled":true,"_links":{"self":[{"href":"https:\/\/cepas.ufc.br\/pt_br\/wp-json\/wp\/v2\/posts\/1863","targetHints":{"allow":["GET"]}}],"collection":[{"href":"https:\/\/cepas.ufc.br\/pt_br\/wp-json\/wp\/v2\/posts"}],"about":[{"href":"https:\/\/cepas.ufc.br\/pt_br\/wp-json\/wp\/v2\/types\/post"}],"author":[{"embeddable":true,"href":"https:\/\/cepas.ufc.br\/pt_br\/wp-json\/wp\/v2\/users\/1"}],"replies":[{"embeddable":true,"href":"https:\/\/cepas.ufc.br\/pt_br\/wp-json\/wp\/v2\/comments?post=1863"}],"version-history":[{"count":1,"href":"https:\/\/cepas.ufc.br\/pt_br\/wp-json\/wp\/v2\/posts\/1863\/revisions"}],"predecessor-version":[{"id":1868,"href":"https:\/\/cepas.ufc.br\/pt_br\/wp-json\/wp\/v2\/posts\/1863\/revisions\/1868"}],"wp:featuredmedia":[{"embeddable":true,"href":"https:\/\/cepas.ufc.br\/pt_br\/wp-json\/wp\/v2\/media\/1887"}],"wp:attachment":[{"href":"https:\/\/cepas.ufc.br\/pt_br\/wp-json\/wp\/v2\/media?parent=1863"}],"wp:term":[{"taxonomy":"category","embeddable":true,"href":"https:\/\/cepas.ufc.br\/pt_br\/wp-json\/wp\/v2\/categories?post=1863"},{"taxonomy":"post_tag","embeddable":true,"href":"https:\/\/cepas.ufc.br\/pt_br\/wp-json\/wp\/v2\/tags?post=1863"}],"curies":[{"name":"wp","href":"https:\/\/api.w.org\/{rel}","templated":true}]}}