{"id":1882,"date":"2025-07-03T14:29:59","date_gmt":"2025-07-03T14:29:59","guid":{"rendered":"https:\/\/cepas.ufc.br\/?p=1882"},"modified":"2025-07-03T14:30:18","modified_gmt":"2025-07-03T14:30:18","slug":"prefeito-evandro-leitao-firma-acordo-de-cooperacao-ambiental-com-a-ufc","status":"publish","type":"post","link":"https:\/\/cepas.ufc.br\/pt_br\/prefeito-evandro-leitao-firma-acordo-de-cooperacao-ambiental-com-a-ufc\/","title":{"rendered":"Prefeito Evandro Leit\u00e3o firma acordo de coopera\u00e7\u00e3o ambiental com a UFC"},"content":{"rendered":"\n<p class=\"has-text-align-center\"><em>A iniciativa visa a\u00e7\u00f5es conjuntas de mapeamento de \u00e1reas verdes, habita\u00e7\u00e3o e urbaniza\u00e7\u00e3o sustent\u00e1vel<\/em><\/p>\n\n\n\n<figure class=\"wp-block-image size-large\"><img data-recalc-dims=\"1\" fetchpriority=\"high\" decoding=\"async\" width=\"800\" height=\"450\" src=\"https:\/\/i0.wp.com\/cepas.ufc.br\/wp-content\/uploads\/2025\/07\/01-07-2025-UFC-1.jpeg?resize=800%2C450&#038;ssl=1\" alt=\"\" class=\"wp-image-1883\" srcset=\"https:\/\/i0.wp.com\/cepas.ufc.br\/wp-content\/uploads\/2025\/07\/01-07-2025-UFC-1-scaled.jpeg?resize=1024%2C576&amp;ssl=1 1024w, https:\/\/i0.wp.com\/cepas.ufc.br\/wp-content\/uploads\/2025\/07\/01-07-2025-UFC-1-scaled.jpeg?resize=300%2C169&amp;ssl=1 300w, https:\/\/i0.wp.com\/cepas.ufc.br\/wp-content\/uploads\/2025\/07\/01-07-2025-UFC-1-scaled.jpeg?resize=768%2C432&amp;ssl=1 768w, https:\/\/i0.wp.com\/cepas.ufc.br\/wp-content\/uploads\/2025\/07\/01-07-2025-UFC-1-scaled.jpeg?resize=1536%2C864&amp;ssl=1 1536w, https:\/\/i0.wp.com\/cepas.ufc.br\/wp-content\/uploads\/2025\/07\/01-07-2025-UFC-1-scaled.jpeg?resize=2048%2C1152&amp;ssl=1 2048w, https:\/\/i0.wp.com\/cepas.ufc.br\/wp-content\/uploads\/2025\/07\/01-07-2025-UFC-1-scaled.jpeg?resize=18%2C10&amp;ssl=1 18w, https:\/\/i0.wp.com\/cepas.ufc.br\/wp-content\/uploads\/2025\/07\/01-07-2025-UFC-1-scaled.jpeg?w=1600&amp;ssl=1 1600w, https:\/\/i0.wp.com\/cepas.ufc.br\/wp-content\/uploads\/2025\/07\/01-07-2025-UFC-1-scaled.jpeg?w=2400&amp;ssl=1 2400w\" sizes=\"(max-width: 800px) 100vw, 800px\" \/><\/figure>\n\n\n\n<p class=\"has-text-align-center\"><strong>Durante o evento, o prefeito destacou a import\u00e2ncia da colabora\u00e7\u00e3o com a comunidade acad\u00eamica (Fotos: Beatriz Boblitz)<\/strong><\/p>\n\n\n\n<p class=\"\">O prefeito de Fortaleza, Evandro Leit\u00e3o, assinou, nesta ter\u00e7a-feira (1\/7), um termo de coopera\u00e7\u00e3o t\u00e9cnica com a Universidade Federal do Cear\u00e1 (UFC), com foco em a\u00e7\u00f5es ambientais. A parceria prev\u00ea a\u00e7\u00f5es integradas de mapeamento das \u00e1reas verdes da cidade, estudos sobre habita\u00e7\u00e3o e projetos voltados \u00e0 urbaniza\u00e7\u00e3o sustent\u00e1vel.<\/p>\n\n\n\n<p class=\"\">Durante o evento, o prefeito destacou a import\u00e2ncia da colabora\u00e7\u00e3o com a comunidade acad\u00eamica. \u201cA UFC tem um saber t\u00e9cnico e institucional imenso, com profissionais altamente capacitados. Tenho certeza de que essa expertise pode contribuir muito para tornarmos Fortaleza uma cidade mais feliz, mais sustent\u00e1vel e mais atenta \u00e0s necessidades da popula\u00e7\u00e3o, especialmente \u00e0quelas pessoas que muitas vezes s\u00e3o invisibilizadas pela gest\u00e3o p\u00fablica tradicional\u201d, afirmou.<\/p>\n\n\n\n<figure class=\"wp-block-image aligncenter size-full is-resized\"><img data-recalc-dims=\"1\" decoding=\"async\" width=\"696\" height=\"464\" src=\"https:\/\/i0.wp.com\/cepas.ufc.br\/wp-content\/uploads\/2025\/07\/Prefeitura-de-Fortaleza-e-UFC-firmam-acordo-para-mapeamento-de-areas-verdes-696x464-1.webp?resize=696%2C464&#038;ssl=1\" alt=\"\" class=\"wp-image-1880\" style=\"width:800px;height:auto\" srcset=\"https:\/\/i0.wp.com\/cepas.ufc.br\/wp-content\/uploads\/2025\/07\/Prefeitura-de-Fortaleza-e-UFC-firmam-acordo-para-mapeamento-de-areas-verdes-696x464-1.webp?w=696&amp;ssl=1 696w, https:\/\/i0.wp.com\/cepas.ufc.br\/wp-content\/uploads\/2025\/07\/Prefeitura-de-Fortaleza-e-UFC-firmam-acordo-para-mapeamento-de-areas-verdes-696x464-1.webp?resize=300%2C200&amp;ssl=1 300w, https:\/\/i0.wp.com\/cepas.ufc.br\/wp-content\/uploads\/2025\/07\/Prefeitura-de-Fortaleza-e-UFC-firmam-acordo-para-mapeamento-de-areas-verdes-696x464-1.webp?resize=18%2C12&amp;ssl=1 18w\" sizes=\"(max-width: 696px) 100vw, 696px\" \/><\/figure>\n\n\n\n<p class=\"has-text-align-center\"><em><strong>Um dos pontos da parceria \u00e9 o mapeamento das \u00e1reas verdes da cidade<\/strong><\/em><\/p>\n\n\n\n<p class=\"\">Evandro tamb\u00e9m detalhou as frentes de trabalho da parceria. \u201cA previs\u00e3o \u00e9 realizarmos uma avalia\u00e7\u00e3o detalhada das \u00e1reas verdes da cidade, assim como um estudo aprofundado sobre todos os assentamentos prec\u00e1rios existentes em Fortaleza, incluindo as ocupa\u00e7\u00f5es irregulares. O objetivo \u00e9 que, a partir desses diagn\u00f3sticos, a Prefeitura possa desenvolver interven\u00e7\u00f5es que promovam mais dignidade e qualidade de vida para essas comunidades\u201d, concluiu.<\/p>\n\n\n\n<p class=\"\">O reitor da UFC, Cust\u00f3dio Almeida, ressaltou o compromisso da Universidade com a cidade e celebrou a parceria com a Prefeitura de Fortaleza.<\/p>\n\n\n\n<p class=\"\">\u201cEstamos colocando \u00e0 disposi\u00e7\u00e3o da Prefeitura de Fortaleza todo o nosso aparato cient\u00edfico nas \u00e1reas de manejo de \u00e1reas verdes, recursos h\u00eddricos, limpeza de lagoas e a\u00e7udes. O acordo de coopera\u00e7\u00e3o assinado hoje representa uma mudan\u00e7a significativa: \u00e9 a formaliza\u00e7\u00e3o de uma parceria s\u00f3lida entre a UFC e a Prefeitura, por meio da Secretaria Municipal do Urbanismo e Meio Ambiente (Seuma) e da Secretaria de Meio Ambiente da UFC. Colocamos \u00e0 disposi\u00e7\u00e3o um verdadeiro ex\u00e9rcito de cientistas, professores e estudantes para contribuir com a melhoria da cidade\u201d, afirmou Cust\u00f3dio.<\/p>\n\n\n\n<p class=\"\">Jo\u00e3o Vicente, titular da Seuma, refor\u00e7ou a import\u00e2ncia das parcerias institucionais para o avan\u00e7o da agenda ambiental.<\/p>\n\n\n\n<p class=\"\">\u201cQuando assumimos a gest\u00e3o ambiental em janeiro, ficou claro que seria necess\u00e1rio firmar parcerias estrat\u00e9gicas. Buscamos o apoio de empres\u00e1rios, do terceiro setor e da academia por entendermos que \u00e9 um privil\u00e9gio contar com diferentes saberes e experi\u00eancias. Nenhuma pol\u00edtica p\u00fablica se sustenta sozinha: ela precisa do envolvimento da popula\u00e7\u00e3o, da produ\u00e7\u00e3o de conhecimento e da colabora\u00e7\u00e3o entre setores\u201d, afirmou.<\/p>\n\n\n\n<p class=\"\">Originalmente em: <a href=\"https:\/\/www.fortaleza.ce.gov.br\/noticias\/prefeito-evandro-leitao-firma-acordo-de-cooperacao-ambiental-com-a-ufc\">https:\/\/www.fortaleza.ce.gov.br\/noticias\/prefeito-evandro-leitao-firma-acordo-de-cooperacao-ambiental-com-a-ufc<\/a><\/p>\n\n\n\n<p class=\"\"><\/p>\n","protected":false},"excerpt":{"rendered":"<p>A iniciativa visa a\u00e7\u00f5es conjuntas de mapeamento de \u00e1reas verdes, habita\u00e7\u00e3o e urbaniza\u00e7\u00e3o sustent\u00e1vel Durante o evento, o prefeito destacou a import\u00e2ncia da colabora\u00e7\u00e3o com a comunidade acad\u00eamica (Fotos: Beatriz Boblitz) O prefeito de Fortaleza, Evandro Leit\u00e3o, assinou, nesta ter\u00e7a-feira (1\/7), um termo de coopera\u00e7\u00e3o t\u00e9cnica com a Universidade Federal do Cear\u00e1 (UFC), com foco em a\u00e7\u00f5es ambientais. A parceria prev\u00ea a\u00e7\u00f5es integradas de mapeamento das \u00e1reas verdes da cidade, estudos sobre habita\u00e7\u00e3o e projetos voltados \u00e0 urbaniza\u00e7\u00e3o sustent\u00e1vel. Durante o evento, o prefeito destacou a import\u00e2ncia da colabora\u00e7\u00e3o com a comunidade acad\u00eamica. \u201cA UFC tem um saber t\u00e9cnico e institucional imenso, com profissionais altamente capacitados. Tenho certeza de que essa expertise pode contribuir muito para tornarmos Fortaleza uma cidade mais feliz, mais sustent\u00e1vel e mais atenta \u00e0s necessidades da popula\u00e7\u00e3o, especialmente \u00e0quelas pessoas que muitas vezes s\u00e3o invisibilizadas pela gest\u00e3o p\u00fablica tradicional\u201d, afirmou. Um dos pontos da parceria \u00e9 o mapeamento das \u00e1reas verdes da cidade Evandro tamb\u00e9m detalhou as frentes de trabalho da parceria. \u201cA previs\u00e3o \u00e9 realizarmos uma avalia\u00e7\u00e3o detalhada das \u00e1reas verdes da cidade, assim como um estudo aprofundado sobre todos os assentamentos prec\u00e1rios existentes em Fortaleza, incluindo as ocupa\u00e7\u00f5es irregulares. O objetivo \u00e9 que, a partir desses diagn\u00f3sticos, a Prefeitura possa desenvolver interven\u00e7\u00f5es que promovam mais dignidade e qualidade de vida para essas comunidades\u201d, concluiu. O reitor da UFC, Cust\u00f3dio Almeida, ressaltou o compromisso da Universidade com a cidade e celebrou a parceria com a Prefeitura de Fortaleza. \u201cEstamos colocando \u00e0 disposi\u00e7\u00e3o da Prefeitura de Fortaleza todo o nosso aparato cient\u00edfico nas \u00e1reas de manejo de \u00e1reas verdes, recursos h\u00eddricos, limpeza de lagoas e a\u00e7udes. O acordo de coopera\u00e7\u00e3o assinado hoje representa uma mudan\u00e7a significativa: \u00e9 a formaliza\u00e7\u00e3o de uma parceria s\u00f3lida entre a UFC e a Prefeitura, por meio da Secretaria Municipal do Urbanismo e Meio Ambiente (Seuma) e da Secretaria de Meio Ambiente da UFC. Colocamos \u00e0 disposi\u00e7\u00e3o um verdadeiro ex\u00e9rcito de cientistas, professores e estudantes para contribuir com a melhoria da cidade\u201d, afirmou Cust\u00f3dio. Jo\u00e3o Vicente, titular da Seuma, refor\u00e7ou a import\u00e2ncia das parcerias institucionais para o avan\u00e7o da agenda ambiental. \u201cQuando assumimos a gest\u00e3o ambiental em janeiro, ficou claro que seria necess\u00e1rio firmar parcerias estrat\u00e9gicas. Buscamos o apoio de empres\u00e1rios, do terceiro setor e da academia por entendermos que \u00e9 um privil\u00e9gio contar com diferentes saberes e experi\u00eancias. Nenhuma pol\u00edtica p\u00fablica se sustenta sozinha: ela precisa do envolvimento da popula\u00e7\u00e3o, da produ\u00e7\u00e3o de conhecimento e da colabora\u00e7\u00e3o entre setores\u201d, afirmou. Originalmente em: https:\/\/www.fortaleza.ce.gov.br\/noticias\/prefeito-evandro-leitao-firma-acordo-de-cooperacao-ambiental-com-a-ufc<\/p>\n","protected":false},"author":1,"featured_media":1883,"comment_status":"open","ping_status":"open","sticky":false,"template":"","format":"standard","meta":{"nf_dc_page":"","_jetpack_memberships_contains_paid_content":false,"footnotes":""},"categories":[32,10],"tags":[],"class_list":["post-1882","post","type-post","status-publish","format-standard","has-post-thumbnail","hentry","category-cientista-chefe-recursos-hidricos","category-noticias"],"jetpack_featured_media_url":"https:\/\/i0.wp.com\/cepas.ufc.br\/wp-content\/uploads\/2025\/07\/01-07-2025-UFC-1-scaled.jpeg?fit=2560%2C1440&ssl=1","jetpack_sharing_enabled":true,"_links":{"self":[{"href":"https:\/\/cepas.ufc.br\/pt_br\/wp-json\/wp\/v2\/posts\/1882","targetHints":{"allow":["GET"]}}],"collection":[{"href":"https:\/\/cepas.ufc.br\/pt_br\/wp-json\/wp\/v2\/posts"}],"about":[{"href":"https:\/\/cepas.ufc.br\/pt_br\/wp-json\/wp\/v2\/types\/post"}],"author":[{"embeddable":true,"href":"https:\/\/cepas.ufc.br\/pt_br\/wp-json\/wp\/v2\/users\/1"}],"replies":[{"embeddable":true,"href":"https:\/\/cepas.ufc.br\/pt_br\/wp-json\/wp\/v2\/comments?post=1882"}],"version-history":[{"count":2,"href":"https:\/\/cepas.ufc.br\/pt_br\/wp-json\/wp\/v2\/posts\/1882\/revisions"}],"predecessor-version":[{"id":1885,"href":"https:\/\/cepas.ufc.br\/pt_br\/wp-json\/wp\/v2\/posts\/1882\/revisions\/1885"}],"wp:featuredmedia":[{"embeddable":true,"href":"https:\/\/cepas.ufc.br\/pt_br\/wp-json\/wp\/v2\/media\/1883"}],"wp:attachment":[{"href":"https:\/\/cepas.ufc.br\/pt_br\/wp-json\/wp\/v2\/media?parent=1882"}],"wp:term":[{"taxonomy":"category","embeddable":true,"href":"https:\/\/cepas.ufc.br\/pt_br\/wp-json\/wp\/v2\/categories?post=1882"},{"taxonomy":"post_tag","embeddable":true,"href":"https:\/\/cepas.ufc.br\/pt_br\/wp-json\/wp\/v2\/tags?post=1882"}],"curies":[{"name":"wp","href":"https:\/\/api.w.org\/{rel}","templated":true}]}}