{"id":2093,"date":"2025-12-05T13:53:22","date_gmt":"2025-12-05T13:53:22","guid":{"rendered":"https:\/\/cepas.ufc.br\/?p=2093"},"modified":"2025-12-05T13:53:25","modified_gmt":"2025-12-05T13:53:25","slug":"comissao-gestora-acompanha-operacao-do-acude-batente-e-avanca-para-2a-etapa-do-plano-de-secas-do-hidrossistema","status":"publish","type":"post","link":"https:\/\/cepas.ufc.br\/pt_br\/comissao-gestora-acompanha-operacao-do-acude-batente-e-avanca-para-2a-etapa-do-plano-de-secas-do-hidrossistema\/","title":{"rendered":"Comiss\u00e3o Gestora acompanha opera\u00e7\u00e3o do A\u00e7ude Batente e avan\u00e7a para 2\u00aa etapa do Plano de Secas do hidrossistema"},"content":{"rendered":"\n<figure class=\"wp-block-image aligncenter size-full\"><img fetchpriority=\"high\" decoding=\"async\" width=\"600\" height=\"338\" src=\"https:\/\/i0.wp.com\/cepas.ufc.br\/wp-content\/uploads\/2025\/12\/image-5.png?fit=600%2C338&amp;ssl=1\" alt=\"\" class=\"wp-image-2094\" srcset=\"https:\/\/i0.wp.com\/cepas.ufc.br\/wp-content\/uploads\/2025\/12\/image-5.png?w=600&amp;ssl=1 600w, https:\/\/i0.wp.com\/cepas.ufc.br\/wp-content\/uploads\/2025\/12\/image-5.png?resize=300%2C169&amp;ssl=1 300w, https:\/\/i0.wp.com\/cepas.ufc.br\/wp-content\/uploads\/2025\/12\/image-5.png?resize=18%2C10&amp;ssl=1 18w\" sizes=\"(max-width: 600px) 100vw, 600px\" \/><\/figure>\n\n\n\n<p class=\"\">Nesta ter\u00e7a-feira (21), a&nbsp;<strong>Comiss\u00e3o Gestora do A\u00e7ude Batente<\/strong>&nbsp;se reuniu para discutir o andamento da&nbsp;<strong>opera\u00e7\u00e3o do reservat\u00f3rio<\/strong>&nbsp;para o segundo semestre de 2025 e continuar a elabora\u00e7\u00e3o do&nbsp;<strong>Plano de Gest\u00e3o Proativa de Secas&nbsp;<\/strong>do hidrossistema.<\/p>\n\n\n\n<p class=\"\">O encontro, promovido pela Companhia de Gest\u00e3o dos Recursos H\u00eddricos (Cogerh) por meio da Ger\u00eancia Regional das Bacias Metropolitanas, ocorreu na C\u00e2mara Municipal de Ocara.<\/p>\n\n\n\n<h3 class=\"wp-block-heading\"><strong>Opera\u00e7\u00e3o do A\u00e7ude Batente<\/strong><\/h3>\n\n\n\n<p class=\"\">O Analista em Gest\u00e3o de Recursos H\u00eddricos da Cogerh, Andr\u00e9 Rufino, apresentou os dados da opera\u00e7\u00e3o do A\u00e7ude Batente.<\/p>\n\n\n\n<figure class=\"wp-block-image aligncenter\"><img data-recalc-dims=\"1\" height=\"338\" width=\"600\" decoding=\"async\" src=\"https:\/\/i0.wp.com\/www.cogerh.com.br\/wp-content\/uploads\/2025\/10\/WhatsApp-Image-2025-10-21-at-12.27.58-600x338.jpeg?resize=600%2C338&#038;ssl=1\" alt=\"\" class=\"wp-image-37723\"\/><\/figure>\n\n\n\n<p class=\"\">A vaz\u00e3o m\u00e9dia alocada para o segundo semestre de 2025 at\u00e9 janeiro de 2026 foi definida em&nbsp;<strong>120 litros por segundo (l\/s)<\/strong>, sendo 35 l\/s destinados ao abastecimento humano dos distritos de Ocara e Morada Nova, e 85 l\/s para a pereniza\u00e7\u00e3o do Rio Piranji.<\/p>\n\n\n\n<p class=\"\">Com um&nbsp;<strong>volume h\u00eddrico de 23,93 milh\u00f5es de m\u00b3<\/strong>, equivalente a 52,67% da capacidade total do reservat\u00f3rio, a opera\u00e7\u00e3o registra um&nbsp;<strong>saldo positivo de 1,59 milh\u00e3o de m\u00b3<\/strong>, representando uma diferen\u00e7a de 3% entre os volumes simulado e realizado.<\/p>\n\n\n\n<p class=\"\">O saldo h\u00eddrico positivo significa que, ao comparar o volume de \u00e1gua simulado com o volume realmente medido no a\u00e7ude, o reservat\u00f3rio apresentou um resultado melhor do que o esperado \u2014 ou seja, armazenou mais \u00e1gua do que o previsto.<\/p>\n\n\n\n<p class=\"\">Uma nova reuni\u00e3o est\u00e1 prevista para janeiro de 2026, quando ser\u00e1 feita a avalia\u00e7\u00e3o final da opera\u00e7\u00e3o do per\u00edodo.<\/p>\n\n\n\n<h3 class=\"wp-block-heading\"><strong>Plano de Secas<\/strong><\/h3>\n\n\n\n<p class=\"\">Na ocasi\u00e3o, tamb\u00e9m foi realizada a&nbsp;<strong>segunda oficina de elabora\u00e7\u00e3o do Plano de Gest\u00e3o Proativa de Secas do A\u00e7ude Aracoiaba<\/strong>. A atividade foi conduzida pelos professores Luiz J\u00fanior, Lailson da Silva e Marcelo Cavalcanti, da Universidade da Integra\u00e7\u00e3o Internacional da Lusofonia Afro-Brasileira (Unilab), com apoio t\u00e9cnico da Cogerh.<\/p>\n\n\n\n<p class=\"\">O objetivo foi apresentar o&nbsp;<strong>diagn\u00f3stico h\u00eddrico e social do reservat\u00f3rio<\/strong>, elaborado com base em dados t\u00e9cnicos da Cogerh e nas contribui\u00e7\u00f5es dos membros da Comiss\u00e3o Gestora durante a primeira oficina.<\/p>\n\n\n\n<p class=\"\">O professor Luiz J\u00fanior abordou os aspectos t\u00e9cnicos do a\u00e7ude, como os diferentes usos da \u00e1gua e as vaz\u00f5es operadas em situa\u00e7\u00f5es normais e de escassez. J\u00e1 o professor Lailson da Silva fez uma an\u00e1lise dos impactos econ\u00f4micos, sociais e ambientais das secas na regi\u00e3o, a partir de question\u00e1rios aplicados na oficina anterior.<\/p>\n\n\n\n<h4 class=\"wp-block-heading\"><strong>Elabora\u00e7\u00e3o do Plano de A\u00e7\u00e3o<\/strong><\/h4>\n\n\n\n<p class=\"\">Com base no diagn\u00f3stico, os membros da Comiss\u00e3o foram divididos em grupos para tra\u00e7ar um Plano de A\u00e7\u00e3o em quatro eixos tem\u00e1ticos:<strong>&nbsp;impactos sociais, impactos econ\u00f4micos, impactos ambientais e acesso \u00e0 \u00e1gua.<\/strong><\/p>\n\n\n\n<p class=\"\">Cada grupo identificou os principais problemas de seu eixo, prop\u00f4s solu\u00e7\u00f5es e apontou os \u00f3rg\u00e3os respons\u00e1veis por sua execu\u00e7\u00e3o.<\/p>\n\n\n\n<h4 class=\"wp-block-heading\"><strong>Seca em Jogo<\/strong><\/h4>\n\n\n\n<p class=\"\">A programa\u00e7\u00e3o incluiu tamb\u00e9m a aplica\u00e7\u00e3o da din\u00e2mica<strong>&nbsp;\u201cSeca em Jogo\u201d<\/strong>, ferramenta desenvolvida pelo Programa Cientista-Chefe de Recursos H\u00eddricos em parceria com a Funceme e a Cogerh. A atividade busca estimular a participa\u00e7\u00e3o social na constru\u00e7\u00e3o de estrat\u00e9gias para enfrentar per\u00edodos de seca.<\/p>\n\n\n\n<figure class=\"wp-block-image aligncenter\"><img data-recalc-dims=\"1\" height=\"338\" width=\"600\" decoding=\"async\" src=\"https:\/\/i0.wp.com\/www.cogerh.com.br\/wp-content\/uploads\/2025\/10\/WhatsApp-Image-2025-10-21-at-12.28.58-1-600x338.jpeg?resize=600%2C338&#038;ssl=1\" alt=\"\" class=\"wp-image-37726\"\/><\/figure>\n\n\n\n<p class=\"\">A terceira e \u00faltima oficina est\u00e1 prevista para novembro de 2025, quando o plano final ser\u00e1 apresentado \u00e0 Comiss\u00e3o Gestora e, posteriormente, submetido \u00e0 aprova\u00e7\u00e3o do Comit\u00ea de Bacias Hidrogr\u00e1ficas da Regi\u00e3o Metropolitana de Fortaleza.<\/p>\n\n\n\n<h4 class=\"wp-block-heading\"><strong>Sobre o Plano<\/strong><\/h4>\n\n\n\n<p class=\"\">O Plano de Secas \u00e9 coordenado pela Universidade Federal do Cear\u00e1 (UFC), atrav\u00e9s do Programa Cientista-Chefe, em parceria com a Companhia de Gest\u00e3o dos Recursos H\u00eddricos (Cogerh) e apoio institucional da FUNCAP. A iniciativa integra o projeto \u201cDesenvolvimento de Ferramentas Tecnol\u00f3gicas de Gest\u00e3o para o Planejamento dos Recursos H\u00eddricos do Estado do Cear\u00e1: Seguran\u00e7a H\u00eddrica e Planejamento de Secas\u201d.<\/p>\n\n\n\n<p class=\"\">Seu objetivo \u00e9 desenvolver a\u00e7\u00f5es de gest\u00e3o para situa\u00e7\u00f5es de escassez, fortalecendo o planejamento regional com estrat\u00e9gias operacionais que envolvem tr\u00eas esferas integradas: Aloca\u00e7\u00e3o de \u00c1gua, Plano de Seguran\u00e7a H\u00eddrica e Plano de Gest\u00e3o de Secas.<\/p>\n\n\n\n<p class=\"\">Com foco em a\u00e7\u00f5es de curto prazo, o plano busca reduzir os impactos da seca h\u00eddrica por meio de tr\u00eas pilares: monitoramento preventivo e alerta precoce; avalia\u00e7\u00e3o de vulnerabilidades e impactos; e medidas de planejamento e resposta, em articula\u00e7\u00e3o com os Comit\u00eas de Bacia e Comiss\u00f5es Gestoras.<\/p>\n\n\n\n<p class=\"\"><\/p>\n\n\n\n<p class=\"\">Originalmente em:<a href=\"https:\/\/www.cogerh.com.br\/comite-do-medio-jaguaribe-avanca-no-plano-de-secas-do-acude-joaquim-tavora-em-jaguaribe\/\"> <\/a><a href=\"https:\/\/www.cogerh.com.br\/comissao-gestora-acompanha-operacao-do-acude-batente-e-avanca-para-2a-etapa-do-plano-de-secas-do-hidrossistema\/\">https:\/\/www.cogerh.com.br\/comissao-gestora-acompanha-operacao-do-acude-batente-e-avanca-para-2a-etapa-do-plano-de-secas-do-hidrossistema\/<\/a><\/p>\n","protected":false},"excerpt":{"rendered":"<p>Nesta ter\u00e7a-feira (21), a&nbsp;Comiss\u00e3o Gestora do A\u00e7ude Batente&nbsp;se reuniu para discutir o andamento da&nbsp;opera\u00e7\u00e3o do reservat\u00f3rio&nbsp;para o segundo semestre de 2025 e continuar a elabora\u00e7\u00e3o do&nbsp;Plano de Gest\u00e3o Proativa de Secas&nbsp;do hidrossistema. O encontro, promovido pela Companhia de Gest\u00e3o dos Recursos H\u00eddricos (Cogerh) por meio da Ger\u00eancia Regional das Bacias Metropolitanas, ocorreu na C\u00e2mara Municipal de Ocara. Opera\u00e7\u00e3o do A\u00e7ude Batente O Analista em Gest\u00e3o de Recursos H\u00eddricos da Cogerh, Andr\u00e9 Rufino, apresentou os dados da opera\u00e7\u00e3o do A\u00e7ude Batente. A vaz\u00e3o m\u00e9dia alocada para o segundo semestre de 2025 at\u00e9 janeiro de 2026 foi definida em&nbsp;120 litros por segundo (l\/s), sendo 35 l\/s destinados ao abastecimento humano dos distritos de Ocara e Morada Nova, e 85 l\/s para a pereniza\u00e7\u00e3o do Rio Piranji. Com um&nbsp;volume h\u00eddrico de 23,93 milh\u00f5es de m\u00b3, equivalente a 52,67% da capacidade total do reservat\u00f3rio, a opera\u00e7\u00e3o registra um&nbsp;saldo positivo de 1,59 milh\u00e3o de m\u00b3, representando uma diferen\u00e7a de 3% entre os volumes simulado e realizado. O saldo h\u00eddrico positivo significa que, ao comparar o volume de \u00e1gua simulado com o volume realmente medido no a\u00e7ude, o reservat\u00f3rio apresentou um resultado melhor do que o esperado \u2014 ou seja, armazenou mais \u00e1gua do que o previsto. Uma nova reuni\u00e3o est\u00e1 prevista para janeiro de 2026, quando ser\u00e1 feita a avalia\u00e7\u00e3o final da opera\u00e7\u00e3o do per\u00edodo. Plano de Secas Na ocasi\u00e3o, tamb\u00e9m foi realizada a&nbsp;segunda oficina de elabora\u00e7\u00e3o do Plano de Gest\u00e3o Proativa de Secas do A\u00e7ude Aracoiaba. A atividade foi conduzida pelos professores Luiz J\u00fanior, Lailson da Silva e Marcelo Cavalcanti, da Universidade da Integra\u00e7\u00e3o Internacional da Lusofonia Afro-Brasileira (Unilab), com apoio t\u00e9cnico da Cogerh. O objetivo foi apresentar o&nbsp;diagn\u00f3stico h\u00eddrico e social do reservat\u00f3rio, elaborado com base em dados t\u00e9cnicos da Cogerh e nas contribui\u00e7\u00f5es dos membros da Comiss\u00e3o Gestora durante a primeira oficina. O professor Luiz J\u00fanior abordou os aspectos t\u00e9cnicos do a\u00e7ude, como os diferentes usos da \u00e1gua e as vaz\u00f5es operadas em situa\u00e7\u00f5es normais e de escassez. J\u00e1 o professor Lailson da Silva fez uma an\u00e1lise dos impactos econ\u00f4micos, sociais e ambientais das secas na regi\u00e3o, a partir de question\u00e1rios aplicados na oficina anterior. Elabora\u00e7\u00e3o do Plano de A\u00e7\u00e3o Com base no diagn\u00f3stico, os membros da Comiss\u00e3o foram divididos em grupos para tra\u00e7ar um Plano de A\u00e7\u00e3o em quatro eixos tem\u00e1ticos:&nbsp;impactos sociais, impactos econ\u00f4micos, impactos ambientais e acesso \u00e0 \u00e1gua. Cada grupo identificou os principais problemas de seu eixo, prop\u00f4s solu\u00e7\u00f5es e apontou os \u00f3rg\u00e3os respons\u00e1veis por sua execu\u00e7\u00e3o. Seca em Jogo A programa\u00e7\u00e3o incluiu tamb\u00e9m a aplica\u00e7\u00e3o da din\u00e2mica&nbsp;\u201cSeca em Jogo\u201d, ferramenta desenvolvida pelo Programa Cientista-Chefe de Recursos H\u00eddricos em parceria com a Funceme e a Cogerh. A atividade busca estimular a participa\u00e7\u00e3o social na constru\u00e7\u00e3o de estrat\u00e9gias para enfrentar per\u00edodos de seca. A terceira e \u00faltima oficina est\u00e1 prevista para novembro de 2025, quando o plano final ser\u00e1 apresentado \u00e0 Comiss\u00e3o Gestora e, posteriormente, submetido \u00e0 aprova\u00e7\u00e3o do Comit\u00ea de Bacias Hidrogr\u00e1ficas da Regi\u00e3o Metropolitana de Fortaleza. Sobre o Plano O Plano de Secas \u00e9 coordenado pela Universidade Federal do Cear\u00e1 (UFC), atrav\u00e9s do Programa Cientista-Chefe, em parceria com a Companhia de Gest\u00e3o dos Recursos H\u00eddricos (Cogerh) e apoio institucional da FUNCAP. A iniciativa integra o projeto \u201cDesenvolvimento de Ferramentas Tecnol\u00f3gicas de Gest\u00e3o para o Planejamento dos Recursos H\u00eddricos do Estado do Cear\u00e1: Seguran\u00e7a H\u00eddrica e Planejamento de Secas\u201d. Seu objetivo \u00e9 desenvolver a\u00e7\u00f5es de gest\u00e3o para situa\u00e7\u00f5es de escassez, fortalecendo o planejamento regional com estrat\u00e9gias operacionais que envolvem tr\u00eas esferas integradas: Aloca\u00e7\u00e3o de \u00c1gua, Plano de Seguran\u00e7a H\u00eddrica e Plano de Gest\u00e3o de Secas. Com foco em a\u00e7\u00f5es de curto prazo, o plano busca reduzir os impactos da seca h\u00eddrica por meio de tr\u00eas pilares: monitoramento preventivo e alerta precoce; avalia\u00e7\u00e3o de vulnerabilidades e impactos; e medidas de planejamento e resposta, em articula\u00e7\u00e3o com os Comit\u00eas de Bacia e Comiss\u00f5es Gestoras. Originalmente em: https:\/\/www.cogerh.com.br\/comissao-gestora-acompanha-operacao-do-acude-batente-e-avanca-para-2a-etapa-do-plano-de-secas-do-hidrossistema\/<\/p>\n","protected":false},"author":1,"featured_media":2094,"comment_status":"open","ping_status":"open","sticky":false,"template":"","format":"standard","meta":{"nf_dc_page":"","_jetpack_memberships_contains_paid_content":false,"footnotes":""},"categories":[32,10],"tags":[],"class_list":["post-2093","post","type-post","status-publish","format-standard","has-post-thumbnail","hentry","category-cientista-chefe-recursos-hidricos","category-noticias"],"jetpack_featured_media_url":"https:\/\/i0.wp.com\/cepas.ufc.br\/wp-content\/uploads\/2025\/12\/image-5.png?fit=600%2C338&ssl=1","jetpack_sharing_enabled":true,"_links":{"self":[{"href":"https:\/\/cepas.ufc.br\/pt_br\/wp-json\/wp\/v2\/posts\/2093","targetHints":{"allow":["GET"]}}],"collection":[{"href":"https:\/\/cepas.ufc.br\/pt_br\/wp-json\/wp\/v2\/posts"}],"about":[{"href":"https:\/\/cepas.ufc.br\/pt_br\/wp-json\/wp\/v2\/types\/post"}],"author":[{"embeddable":true,"href":"https:\/\/cepas.ufc.br\/pt_br\/wp-json\/wp\/v2\/users\/1"}],"replies":[{"embeddable":true,"href":"https:\/\/cepas.ufc.br\/pt_br\/wp-json\/wp\/v2\/comments?post=2093"}],"version-history":[{"count":1,"href":"https:\/\/cepas.ufc.br\/pt_br\/wp-json\/wp\/v2\/posts\/2093\/revisions"}],"predecessor-version":[{"id":2095,"href":"https:\/\/cepas.ufc.br\/pt_br\/wp-json\/wp\/v2\/posts\/2093\/revisions\/2095"}],"wp:featuredmedia":[{"embeddable":true,"href":"https:\/\/cepas.ufc.br\/pt_br\/wp-json\/wp\/v2\/media\/2094"}],"wp:attachment":[{"href":"https:\/\/cepas.ufc.br\/pt_br\/wp-json\/wp\/v2\/media?parent=2093"}],"wp:term":[{"taxonomy":"category","embeddable":true,"href":"https:\/\/cepas.ufc.br\/pt_br\/wp-json\/wp\/v2\/categories?post=2093"},{"taxonomy":"post_tag","embeddable":true,"href":"https:\/\/cepas.ufc.br\/pt_br\/wp-json\/wp\/v2\/tags?post=2093"}],"curies":[{"name":"wp","href":"https:\/\/api.w.org\/{rel}","templated":true}]}}