{"id":2103,"date":"2025-12-05T14:01:30","date_gmt":"2025-12-05T14:01:30","guid":{"rendered":"https:\/\/cepas.ufc.br\/?p=2103"},"modified":"2025-12-05T14:01:33","modified_gmt":"2025-12-05T14:01:33","slug":"comissao-gestora-do-acude-aracoiaba-inicia-discussoes-para-a-elaboracao-do-plano-de-secas-da-regiao","status":"publish","type":"post","link":"https:\/\/cepas.ufc.br\/pt_br\/comissao-gestora-do-acude-aracoiaba-inicia-discussoes-para-a-elaboracao-do-plano-de-secas-da-regiao\/","title":{"rendered":"Comiss\u00e3o Gestora do A\u00e7ude Aracoiaba inicia discuss\u00f5es para a elabora\u00e7\u00e3o do Plano de Secas da regi\u00e3o"},"content":{"rendered":"\n<figure class=\"wp-block-image size-large\"><img fetchpriority=\"high\" decoding=\"async\" width=\"1200\" height=\"674\" src=\"https:\/\/i0.wp.com\/cepas.ufc.br\/wp-content\/uploads\/2025\/12\/image-8.png?fit=800%2C449&amp;ssl=1\" alt=\"\" class=\"wp-image-2104\" srcset=\"https:\/\/i0.wp.com\/cepas.ufc.br\/wp-content\/uploads\/2025\/12\/image-8.png?w=1200&amp;ssl=1 1200w, https:\/\/i0.wp.com\/cepas.ufc.br\/wp-content\/uploads\/2025\/12\/image-8.png?resize=300%2C169&amp;ssl=1 300w, https:\/\/i0.wp.com\/cepas.ufc.br\/wp-content\/uploads\/2025\/12\/image-8.png?resize=1024%2C575&amp;ssl=1 1024w, https:\/\/i0.wp.com\/cepas.ufc.br\/wp-content\/uploads\/2025\/12\/image-8.png?resize=768%2C431&amp;ssl=1 768w, https:\/\/i0.wp.com\/cepas.ufc.br\/wp-content\/uploads\/2025\/12\/image-8.png?resize=18%2C10&amp;ssl=1 18w\" sizes=\"(max-width: 800px) 100vw, 800px\" \/><\/figure>\n\n\n\n<p class=\"\">Nesta quinta-feira (18), a&nbsp;<strong>Comiss\u00e3o Gestora do A\u00e7ude Aracoiaba<\/strong>&nbsp;iniciou os trabalhos de elabora\u00e7\u00e3o do&nbsp;<strong>Plano de Gest\u00e3o Proativa de Secas<\/strong>&nbsp;da regi\u00e3o, no Distrito de Vazantes.<\/p>\n\n\n\n<p class=\"\">O momento foi conduzido pelo professor&nbsp;<strong>Marcelo Cavalcanti,<\/strong>&nbsp;da&nbsp;<strong>Universidade da Integra\u00e7\u00e3o Internacional da Lusofonia Afro-Brasileira (Unilab)<\/strong>, com apoio da&nbsp;<strong>equipe t\u00e9cnica da Cogerh<\/strong>.<\/p>\n\n\n\n<p class=\"\">Durante o encontro, os participantes relataram suas experi\u00eancias e percep\u00e7\u00f5es sobre momentos de escassez h\u00eddrica, evidenciando os primeiros sinais do in\u00edcio da seca e os efeitos provocados em suas comunidades.&nbsp;O di\u00e1logo analisou os desafios enfrentados e as solu\u00e7\u00f5es<strong>&nbsp;pr\u00e1ticas e colaborativas para o enfrentamento da seca no futuro<\/strong>.<\/p>\n\n\n\n<p class=\"\">Na oficina, foi entregue um question\u00e1rio elaborado a partir dos temas abordados, possibilitando que cada participante registrasse suas contribui\u00e7\u00f5es de maneira individual.<\/p>\n\n\n\n<p class=\"\">As respostas obtidas ser\u00e3o analisadas e integradas ao processo de elabora\u00e7\u00e3o colaborativa do plano, que visa aperfei\u00e7oar as estrat\u00e9gias de gest\u00e3o e enfrentamento das secas, considerando as especificidades de cada regi\u00e3o e a realidade vivenciada pelas comunidades afetadas.<\/p>\n\n\n\n<h3 class=\"wp-block-heading\"><strong>Sobre o Plano<\/strong><\/h3>\n\n\n\n<p class=\"\">O Plano de Secas \u00e9 coordenado pela&nbsp;<strong>Universidade Federal do Cear\u00e1 (UFC)<\/strong>, atrav\u00e9s do&nbsp;<strong>Programa Cientista Chefe<\/strong>, em parceria com a&nbsp;<strong>Companhia de Gest\u00e3o de Recursos H\u00eddricos (Cogerh)<\/strong>.<\/p>\n\n\n\n<p class=\"\">O projeto est\u00e1 institucionalmente vinculado \u00e0&nbsp;<strong>Funda\u00e7\u00e3o de Apoio ao Desenvolvimento Cient\u00edfico e Tecnol\u00f3gico (FUNCAP)<\/strong>, por meio do projeto Desenvolvimento de Ferramentas Tecnol\u00f3gicas de Gest\u00e3o para o Planejamento dos Recursos H\u00eddricos do Estado do Cear\u00e1: Seguran\u00e7a H\u00eddrica e Planejamento de Secas.<\/p>\n\n\n\n<p class=\"\">Ele visa desenvolver a\u00e7\u00f5es para gest\u00e3o de recursos h\u00eddricos em situa\u00e7\u00e3o de escassez, aperfei\u00e7oando o planejamento nas regi\u00f5es. Por meio de estrat\u00e9gias operacionais, o plano conta com tr\u00eas esferas integradas: Aloca\u00e7\u00e3o de \u00c1gua, Plano de Seguran\u00e7a H\u00eddrica e Plano de Gest\u00e3o de Secas.<\/p>\n\n\n\n<p class=\"\">Juntamente com os Comit\u00eas de Bacia e as Comiss\u00f5es Gestoras, o documento estrat\u00e9gico, de curto prazo, visa definir a\u00e7\u00f5es capazes de diminuir o impacto das secas h\u00eddricas, acordando com os processos estabelecidos na aloca\u00e7\u00e3o negociada de \u00e1gua j\u00e1 existentes.<\/p>\n\n\n\n<p class=\"\">De forma proativa, o Plano tem tr\u00eas pilares fundamentais que contemplam diferentes escalas e finalidades: o monitoramento preventivo e o alerta precoce, a avalia\u00e7\u00e3o da vulnerabilidade, do impacto e a mitiga\u00e7\u00e3o, o planejamento e as medidas de respostas.<\/p>\n\n\n\n<p class=\"\"><\/p>\n\n\n\n<p class=\"\">Originalmente em:<a href=\"https:\/\/www.cogerh.com.br\/comissao-gestora-do-acude-batente-inicia-discussoes-para-elaboracao-do-plano-de-secas-do-hidrossistema\/\"> <\/a><a href=\"https:\/\/www.cogerh.com.br\/comissao-gestora-do-acude-aracoiaba-inicia-discussoes-para-elaboracao-do-plano-de-secas-da-regiao\/\">https:\/\/www.cogerh.com.br\/comissao-gestora-do-acude-aracoiaba-inicia-discussoes-para-elaboracao-do-plano-de-secas-da-regiao\/<\/a><\/p>\n\n\n\n<p class=\"\"><\/p>\n","protected":false},"excerpt":{"rendered":"<p>Nesta quinta-feira (18), a&nbsp;Comiss\u00e3o Gestora do A\u00e7ude Aracoiaba&nbsp;iniciou os trabalhos de elabora\u00e7\u00e3o do&nbsp;Plano de Gest\u00e3o Proativa de Secas&nbsp;da regi\u00e3o, no Distrito de Vazantes. O momento foi conduzido pelo professor&nbsp;Marcelo Cavalcanti,&nbsp;da&nbsp;Universidade da Integra\u00e7\u00e3o Internacional da Lusofonia Afro-Brasileira (Unilab), com apoio da&nbsp;equipe t\u00e9cnica da Cogerh. Durante o encontro, os participantes relataram suas experi\u00eancias e percep\u00e7\u00f5es sobre momentos de escassez h\u00eddrica, evidenciando os primeiros sinais do in\u00edcio da seca e os efeitos provocados em suas comunidades.&nbsp;O di\u00e1logo analisou os desafios enfrentados e as solu\u00e7\u00f5es&nbsp;pr\u00e1ticas e colaborativas para o enfrentamento da seca no futuro. Na oficina, foi entregue um question\u00e1rio elaborado a partir dos temas abordados, possibilitando que cada participante registrasse suas contribui\u00e7\u00f5es de maneira individual. As respostas obtidas ser\u00e3o analisadas e integradas ao processo de elabora\u00e7\u00e3o colaborativa do plano, que visa aperfei\u00e7oar as estrat\u00e9gias de gest\u00e3o e enfrentamento das secas, considerando as especificidades de cada regi\u00e3o e a realidade vivenciada pelas comunidades afetadas. Sobre o Plano O Plano de Secas \u00e9 coordenado pela&nbsp;Universidade Federal do Cear\u00e1 (UFC), atrav\u00e9s do&nbsp;Programa Cientista Chefe, em parceria com a&nbsp;Companhia de Gest\u00e3o de Recursos H\u00eddricos (Cogerh). O projeto est\u00e1 institucionalmente vinculado \u00e0&nbsp;Funda\u00e7\u00e3o de Apoio ao Desenvolvimento Cient\u00edfico e Tecnol\u00f3gico (FUNCAP), por meio do projeto Desenvolvimento de Ferramentas Tecnol\u00f3gicas de Gest\u00e3o para o Planejamento dos Recursos H\u00eddricos do Estado do Cear\u00e1: Seguran\u00e7a H\u00eddrica e Planejamento de Secas. Ele visa desenvolver a\u00e7\u00f5es para gest\u00e3o de recursos h\u00eddricos em situa\u00e7\u00e3o de escassez, aperfei\u00e7oando o planejamento nas regi\u00f5es. Por meio de estrat\u00e9gias operacionais, o plano conta com tr\u00eas esferas integradas: Aloca\u00e7\u00e3o de \u00c1gua, Plano de Seguran\u00e7a H\u00eddrica e Plano de Gest\u00e3o de Secas. Juntamente com os Comit\u00eas de Bacia e as Comiss\u00f5es Gestoras, o documento estrat\u00e9gico, de curto prazo, visa definir a\u00e7\u00f5es capazes de diminuir o impacto das secas h\u00eddricas, acordando com os processos estabelecidos na aloca\u00e7\u00e3o negociada de \u00e1gua j\u00e1 existentes. De forma proativa, o Plano tem tr\u00eas pilares fundamentais que contemplam diferentes escalas e finalidades: o monitoramento preventivo e o alerta precoce, a avalia\u00e7\u00e3o da vulnerabilidade, do impacto e a mitiga\u00e7\u00e3o, o planejamento e as medidas de respostas. Originalmente em: https:\/\/www.cogerh.com.br\/comissao-gestora-do-acude-aracoiaba-inicia-discussoes-para-elaboracao-do-plano-de-secas-da-regiao\/<\/p>\n","protected":false},"author":1,"featured_media":2104,"comment_status":"open","ping_status":"open","sticky":false,"template":"","format":"standard","meta":{"nf_dc_page":"","_jetpack_memberships_contains_paid_content":false,"footnotes":""},"categories":[32,10],"tags":[],"class_list":["post-2103","post","type-post","status-publish","format-standard","has-post-thumbnail","hentry","category-cientista-chefe-recursos-hidricos","category-noticias"],"jetpack_featured_media_url":"https:\/\/i0.wp.com\/cepas.ufc.br\/wp-content\/uploads\/2025\/12\/image-8.png?fit=1200%2C674&ssl=1","jetpack_sharing_enabled":true,"_links":{"self":[{"href":"https:\/\/cepas.ufc.br\/pt_br\/wp-json\/wp\/v2\/posts\/2103","targetHints":{"allow":["GET"]}}],"collection":[{"href":"https:\/\/cepas.ufc.br\/pt_br\/wp-json\/wp\/v2\/posts"}],"about":[{"href":"https:\/\/cepas.ufc.br\/pt_br\/wp-json\/wp\/v2\/types\/post"}],"author":[{"embeddable":true,"href":"https:\/\/cepas.ufc.br\/pt_br\/wp-json\/wp\/v2\/users\/1"}],"replies":[{"embeddable":true,"href":"https:\/\/cepas.ufc.br\/pt_br\/wp-json\/wp\/v2\/comments?post=2103"}],"version-history":[{"count":1,"href":"https:\/\/cepas.ufc.br\/pt_br\/wp-json\/wp\/v2\/posts\/2103\/revisions"}],"predecessor-version":[{"id":2105,"href":"https:\/\/cepas.ufc.br\/pt_br\/wp-json\/wp\/v2\/posts\/2103\/revisions\/2105"}],"wp:featuredmedia":[{"embeddable":true,"href":"https:\/\/cepas.ufc.br\/pt_br\/wp-json\/wp\/v2\/media\/2104"}],"wp:attachment":[{"href":"https:\/\/cepas.ufc.br\/pt_br\/wp-json\/wp\/v2\/media?parent=2103"}],"wp:term":[{"taxonomy":"category","embeddable":true,"href":"https:\/\/cepas.ufc.br\/pt_br\/wp-json\/wp\/v2\/categories?post=2103"},{"taxonomy":"post_tag","embeddable":true,"href":"https:\/\/cepas.ufc.br\/pt_br\/wp-json\/wp\/v2\/tags?post=2103"}],"curies":[{"name":"wp","href":"https:\/\/api.w.org\/{rel}","templated":true}]}}