{"id":2112,"date":"2025-12-05T14:07:36","date_gmt":"2025-12-05T14:07:36","guid":{"rendered":"https:\/\/cepas.ufc.br\/?p=2112"},"modified":"2025-12-05T14:07:39","modified_gmt":"2025-12-05T14:07:39","slug":"comite-do-alto-jaguaribe-aprova-plano-de-secas-para-acude-bengue-em-aiuaba","status":"publish","type":"post","link":"https:\/\/cepas.ufc.br\/pt_br\/comite-do-alto-jaguaribe-aprova-plano-de-secas-para-acude-bengue-em-aiuaba\/","title":{"rendered":"Comit\u00ea do Alto Jaguaribe aprova Plano de Secas para A\u00e7ude Bengu\u00ea, em Aiuaba"},"content":{"rendered":"\n<figure class=\"wp-block-image aligncenter size-full\"><img fetchpriority=\"high\" decoding=\"async\" width=\"600\" height=\"338\" src=\"https:\/\/i0.wp.com\/cepas.ufc.br\/wp-content\/uploads\/2025\/12\/image-11.png?fit=600%2C338&amp;ssl=1\" alt=\"\" class=\"wp-image-2113\" srcset=\"https:\/\/i0.wp.com\/cepas.ufc.br\/wp-content\/uploads\/2025\/12\/image-11.png?w=600&amp;ssl=1 600w, https:\/\/i0.wp.com\/cepas.ufc.br\/wp-content\/uploads\/2025\/12\/image-11.png?resize=300%2C169&amp;ssl=1 300w, https:\/\/i0.wp.com\/cepas.ufc.br\/wp-content\/uploads\/2025\/12\/image-11.png?resize=18%2C10&amp;ssl=1 18w\" sizes=\"(max-width: 600px) 100vw, 600px\" \/><\/figure>\n\n\n\n<p class=\"\">A Comiss\u00e3o Gestora do&nbsp;<strong>A\u00e7ude Bengu\u00ea<\/strong>&nbsp;e os membros do&nbsp;<strong>Comit\u00ea da Sub-bacia do Alto Jaguaribe<\/strong>, se reuniram, na sexta-feira (15), junto \u00e0 Cogerh, para a valida\u00e7\u00e3o do&nbsp;<strong>Plano Proativo de Gest\u00e3o de Secas do Hidrossistema Bengu\u00ea<\/strong>.<\/p>\n\n\n\n<p class=\"\">Na ocasi\u00e3o, Alan Michel, professor da Universidade Federal do Cear\u00e1 de Crate\u00fas, abordou as fases de constru\u00e7\u00e3o do documento, que busca criar, a curto prazo, instrumentos para diminuir os impactos da seca, considerando demandas e ofertas existentes em cada contexto regional.<\/p>\n\n\n\n<p class=\"\">O reservat\u00f3rio, localizado no munic\u00edpio de&nbsp;<strong>Aiuaba<\/strong>, \u00e9 usado para abastecimento humano e pereniza um trecho de 17 km do riacho Umbuzeiro at\u00e9 a comunidade S\u00e3o Nicolau.<\/p>\n\n\n\n<p class=\"\">Foram discutidos os n\u00edveis de racionamento com base nos diferentes usos da \u00e1gua, como abastecimento humano, usos m\u00faltiplos e usos difusos. O plano estabelece a divis\u00e3o entre usos priorit\u00e1rios e n\u00e3o priorit\u00e1rios, com vistas \u00e0 ado\u00e7\u00e3o de medidas mais eficientes durante per\u00edodos cr\u00edticos.<\/p>\n\n\n\n<p class=\"\">Durante reuni\u00f5es com os usu\u00e1rios do a\u00e7ude, quatro cen\u00e1rios de situa\u00e7\u00e3o foram definidos para libera\u00e7\u00e3o de \u00e1gua: normal, alerta, seca e seca severa.<\/p>\n\n\n\n<ul class=\"wp-block-list\">\n<li class=\"\">Normal: 73 l\/s<\/li>\n\n\n\n<li class=\"\">Alerta: 73 l\/s<\/li>\n\n\n\n<li class=\"\">Seca: 48 l\/s<\/li>\n\n\n\n<li class=\"\">Severa: 23 l\/s<\/li>\n<\/ul>\n\n\n\n<p class=\"\">O Plano de Secas \u00e9 um programa desenvolvido e coordenado pelo&nbsp;<strong>Programa Cientista Chefe de Recursos H\u00eddricos<\/strong>, via Universidade Federal do Cear\u00e1 (UFC), em parceria com a Companhia de Gest\u00e3o de Recursos H\u00eddricos (Cogerh), e tem apoio institucional da Funda\u00e7\u00e3o de Apoio ao Desenvolvimento Cient\u00edfico e Tecnol\u00f3gico (Funcap).<\/p>\n\n\n\n<p class=\"\">At\u00e9 o momento, o Cear\u00e1 tem 11 planos conclu\u00eddos (Patu, Fogareiro-Quixeramobim, Carnaubal, Jaburu I, Missi, Teju\u00e7uoca, Trussu, Angicos, Ubaldinho, Arneiroz II e Riacho do Sangue) e oito em desenvolvimento (Munda\u00fa, Cachoeira, Pedras Brancas, Santo Ant\u00f4nio de Russas, Castro, Pesqueiro e regi\u00e3o do Acara\u00fa).<\/p>\n\n\n\n<p class=\"\">Originalmente em:<a href=\"https:\/\/www.cogerh.com.br\/comite-do-salgado-e-comissao-gestora-do-acude-rosario-participam-da-1a-oficina-do-plano-de-secas-do-reservatorio\/\"> <\/a><a href=\"https:\/\/www.cogerh.com.br\/comite-do-alto-jaguaribe-aprova-plano-de-secas-para-acude-bengue-em-aiuaba\/\">https:\/\/www.cogerh.com.br\/comite-do-alto-jaguaribe-aprova-plano-de-secas-para-acude-bengue-em-aiuaba\/<\/a><a href=\"https:\/\/www.cogerh.com.br\/comissao-gestora-do-acude-aracoiaba-inicia-discussoes-para-elaboracao-do-plano-de-secas-da-regiao\/\"><\/a><\/p>\n\n\n\n<p class=\"\"><\/p>\n","protected":false},"excerpt":{"rendered":"<p>A Comiss\u00e3o Gestora do&nbsp;A\u00e7ude Bengu\u00ea&nbsp;e os membros do&nbsp;Comit\u00ea da Sub-bacia do Alto Jaguaribe, se reuniram, na sexta-feira (15), junto \u00e0 Cogerh, para a valida\u00e7\u00e3o do&nbsp;Plano Proativo de Gest\u00e3o de Secas do Hidrossistema Bengu\u00ea. Na ocasi\u00e3o, Alan Michel, professor da Universidade Federal do Cear\u00e1 de Crate\u00fas, abordou as fases de constru\u00e7\u00e3o do documento, que busca criar, a curto prazo, instrumentos para diminuir os impactos da seca, considerando demandas e ofertas existentes em cada contexto regional. O reservat\u00f3rio, localizado no munic\u00edpio de&nbsp;Aiuaba, \u00e9 usado para abastecimento humano e pereniza um trecho de 17 km do riacho Umbuzeiro at\u00e9 a comunidade S\u00e3o Nicolau. Foram discutidos os n\u00edveis de racionamento com base nos diferentes usos da \u00e1gua, como abastecimento humano, usos m\u00faltiplos e usos difusos. O plano estabelece a divis\u00e3o entre usos priorit\u00e1rios e n\u00e3o priorit\u00e1rios, com vistas \u00e0 ado\u00e7\u00e3o de medidas mais eficientes durante per\u00edodos cr\u00edticos. Durante reuni\u00f5es com os usu\u00e1rios do a\u00e7ude, quatro cen\u00e1rios de situa\u00e7\u00e3o foram definidos para libera\u00e7\u00e3o de \u00e1gua: normal, alerta, seca e seca severa. O Plano de Secas \u00e9 um programa desenvolvido e coordenado pelo&nbsp;Programa Cientista Chefe de Recursos H\u00eddricos, via Universidade Federal do Cear\u00e1 (UFC), em parceria com a Companhia de Gest\u00e3o de Recursos H\u00eddricos (Cogerh), e tem apoio institucional da Funda\u00e7\u00e3o de Apoio ao Desenvolvimento Cient\u00edfico e Tecnol\u00f3gico (Funcap). At\u00e9 o momento, o Cear\u00e1 tem 11 planos conclu\u00eddos (Patu, Fogareiro-Quixeramobim, Carnaubal, Jaburu I, Missi, Teju\u00e7uoca, Trussu, Angicos, Ubaldinho, Arneiroz II e Riacho do Sangue) e oito em desenvolvimento (Munda\u00fa, Cachoeira, Pedras Brancas, Santo Ant\u00f4nio de Russas, Castro, Pesqueiro e regi\u00e3o do Acara\u00fa). Originalmente em: https:\/\/www.cogerh.com.br\/comite-do-alto-jaguaribe-aprova-plano-de-secas-para-acude-bengue-em-aiuaba\/<\/p>\n","protected":false},"author":1,"featured_media":2113,"comment_status":"open","ping_status":"open","sticky":false,"template":"","format":"standard","meta":{"nf_dc_page":"","_jetpack_memberships_contains_paid_content":false,"footnotes":""},"categories":[32,10],"tags":[],"class_list":["post-2112","post","type-post","status-publish","format-standard","has-post-thumbnail","hentry","category-cientista-chefe-recursos-hidricos","category-noticias"],"jetpack_featured_media_url":"https:\/\/i0.wp.com\/cepas.ufc.br\/wp-content\/uploads\/2025\/12\/image-11.png?fit=600%2C338&ssl=1","jetpack_sharing_enabled":true,"_links":{"self":[{"href":"https:\/\/cepas.ufc.br\/pt_br\/wp-json\/wp\/v2\/posts\/2112","targetHints":{"allow":["GET"]}}],"collection":[{"href":"https:\/\/cepas.ufc.br\/pt_br\/wp-json\/wp\/v2\/posts"}],"about":[{"href":"https:\/\/cepas.ufc.br\/pt_br\/wp-json\/wp\/v2\/types\/post"}],"author":[{"embeddable":true,"href":"https:\/\/cepas.ufc.br\/pt_br\/wp-json\/wp\/v2\/users\/1"}],"replies":[{"embeddable":true,"href":"https:\/\/cepas.ufc.br\/pt_br\/wp-json\/wp\/v2\/comments?post=2112"}],"version-history":[{"count":1,"href":"https:\/\/cepas.ufc.br\/pt_br\/wp-json\/wp\/v2\/posts\/2112\/revisions"}],"predecessor-version":[{"id":2114,"href":"https:\/\/cepas.ufc.br\/pt_br\/wp-json\/wp\/v2\/posts\/2112\/revisions\/2114"}],"wp:featuredmedia":[{"embeddable":true,"href":"https:\/\/cepas.ufc.br\/pt_br\/wp-json\/wp\/v2\/media\/2113"}],"wp:attachment":[{"href":"https:\/\/cepas.ufc.br\/pt_br\/wp-json\/wp\/v2\/media?parent=2112"}],"wp:term":[{"taxonomy":"category","embeddable":true,"href":"https:\/\/cepas.ufc.br\/pt_br\/wp-json\/wp\/v2\/categories?post=2112"},{"taxonomy":"post_tag","embeddable":true,"href":"https:\/\/cepas.ufc.br\/pt_br\/wp-json\/wp\/v2\/tags?post=2112"}],"curies":[{"name":"wp","href":"https:\/\/api.w.org\/{rel}","templated":true}]}}